{"id":1270328,"date":"2026-08-30T19:23:14","date_gmt":"2026-08-30T19:23:14","guid":{"rendered":"https:\/\/www.europesays.com\/de\/1270328\/"},"modified":"2026-08-30T19:23:14","modified_gmt":"2026-08-30T19:23:14","slug":"israel-hass-bei-rapper-auftritt-der-neukoellner-linken-berlin","status":"publish","type":"post","link":"https:\/\/www.europesays.com\/de\/1270328\/","title":{"rendered":"Israel-Hass bei Rapper-Auftritt der Neuk\u00f6llner Linken | Berlin"},"content":{"rendered":"<p>Berlin \u2013 <b>Die Berliner Linke-Spitzenkandidatin Elif Eralp ist entsetzt. Bei einer Wahlkampfveranstaltung ihrer Partei in Neuk\u00f6lln trat ein Rapper auf \u2013 und rief zur Gewalt auf. Eralp verurteilt den Auftritt \u201eaufs Sch\u00e4rfste\u201c. Ihr Vorwurf: \u201eDie Verantwortlichen h\u00e4tten sofort intervenieren m\u00fcssen.\u201c<\/b><\/p>\n<p>Was war passiert? Am Samstagabend lud der Neuk\u00f6llner Bezirksverband der <a href=\"https:\/\/www.bz-berlin.de\/thema\/linke\" class=\"text-link\" rel=\"nofollow noopener\" target=\"_blank\">Linken<\/a> zur Veranstaltung \u201eW\u00fctend auf den Kapitalismus\u201c auf den Herrfurthplatz. Angek\u00fcndigt waren Kandidaten f\u00fcr die Abgeordnetenhauswahl und die BVV-Wahlen am 20. September sowie Musiker und K\u00fcnstler.<\/p>\n<p>Rapper singt \u201eDeath to the IDF\u201c<\/p>\n<p>Doch dann wurde es brisant: Der umstrittene <a href=\"https:\/\/www.bz-berlin.de\/thema\/rapper\" class=\"text-link\" rel=\"nofollow noopener\" target=\"_blank\">Rapper<\/a> Dahabflex performte ein Lied gegen den Krieg Israels in Gaza. Laut Medienberichten sang er Zeilen wie \u201eYalla Yalla Intifada Westbank, Pal\u00e4stina, Gaza\u201c sowie \u201eDeath to the IDF\u201c (Tod der israelischen Armee). Viele Zuschauer tanzten und klatschten. Die anwesenden Politiker? Reagierten nicht.<\/p>\n<p>Intifada bezeichnet Aufst\u00e4nde in Pal\u00e4stina gegen die israelische Besatzung Ende der 1980er und Anfang der 2000er-Jahre. Damals gab es zahlreiche Angriffe und Selbstmordanschl\u00e4ge \u2013 mit sehr vielen Toten auf beiden Seiten.<\/p>\n<p>Eralp fordert Aufkl\u00e4rung und Konsequenzen<\/p>\n<p>Eralp stellte klar: \u201eWie meine Parteivorsitzende Kerstin Wolter verurteile ich den Auftritt in <a href=\"https:\/\/www.bz-berlin.de\/berlin\/neukoelln\" class=\"text-link\" rel=\"nofollow noopener\" target=\"_blank\">Neuk\u00f6lln<\/a> aufs Sch\u00e4rfste. Aufrufe zur <a href=\"https:\/\/www.bz-berlin.de\/thema\/gewalt\" class=\"text-link\" rel=\"nofollow noopener\" target=\"_blank\">Gewalt<\/a> und zur T\u00f6tung von Menschen sind absolut inakzeptabel.\u201c Die Spitzenkandidatin fordert nun Aufkl\u00e4rung vom Bezirksverband Neuk\u00f6lln, der den S\u00e4nger eingeladen hatte. \u201eIch erwarte, dass dort aufgekl\u00e4rt wird, wie es zu so einer Grenz\u00fcberschreitung kommen konnte und dass es Konsequenzen gibt.\u201c<\/p>\n<p>Ihre Position machte Eralp unmissverst\u00e4ndlich deutlich: \u201eIch stehe klar f\u00fcr den Schutz von j\u00fcdischen Leben und gegen jede Form von <a href=\"https:\/\/www.bz-berlin.de\/thema\/antisemitismus\" class=\"text-link\" rel=\"nofollow noopener\" target=\"_blank\">Antisemitismus<\/a>.\u201c<\/p>\n<p>Haben Sie einen Fehler in diesem Artikel entdeckt? Dann schreiben Sie uns gern: <a href=\"mailto:fehler.melden@bz.de?body=%0A%0A%0AURL%3A%20https%3A%2F%2Fwww.bz-berlin.de%2Fberlin%2Fisrael-hass-bei-rapper-auftritt-der-neukoellner-linken-6a9446df99cae3c1912ab07d%0ADatum%3A%2030.8.2026%2C%2021%3A22%3A56%0A\" target=\"_blank\" rel=\"noopener\" class=\"anchor anchor--external\">fehler.melden@bz.de.<\/a><\/p>\n","protected":false},"excerpt":{"rendered":"Berlin \u2013 Die Berliner Linke-Spitzenkandidatin Elif Eralp ist entsetzt. Bei einer Wahlkampfveranstaltung ihrer Partei in Neuk\u00f6lln trat ein&hellip;\n","protected":false},"author":2,"featured_media":1270329,"comment_status":"","ping_status":"","sticky":false,"template":"","format":"standard","meta":{"footnotes":"","_share_on_mastodon":"0"},"categories":[1825],"tags":[7032,712,296,29,199151,30,39234,2180,1306],"class_list":["post-1270328","post","type-post","status-publish","format-standard","has-post-thumbnail","category-berlin","tag-a1","tag-antisemitismus","tag-berlin","tag-deutschland","tag-die-linke-berlin","tag-germany","tag-judenhass","tag-linke","tag-rapper"],"share_on_mastodon":{"url":"","error":""},"_links":{"self":[{"href":"https:\/\/www.europesays.com\/de\/wp-json\/wp\/v2\/posts\/1270328","targetHints":{"allow":["GET"]}}],"collection":[{"href":"https:\/\/www.europesays.com\/de\/wp-json\/wp\/v2\/posts"}],"about":[{"href":"https:\/\/www.europesays.com\/de\/wp-json\/wp\/v2\/types\/post"}],"author":[{"embeddable":true,"href":"https:\/\/www.europesays.com\/de\/wp-json\/wp\/v2\/users\/2"}],"replies":[{"embeddable":true,"href":"https:\/\/www.europesays.com\/de\/wp-json\/wp\/v2\/comments?post=1270328"}],"version-history":[{"count":0,"href":"https:\/\/www.europesays.com\/de\/wp-json\/wp\/v2\/posts\/1270328\/revisions"}],"wp:featuredmedia":[{"embeddable":true,"href":"https:\/\/www.europesays.com\/de\/wp-json\/wp\/v2\/media\/1270329"}],"wp:attachment":[{"href":"https:\/\/www.europesays.com\/de\/wp-json\/wp\/v2\/media?parent=1270328"}],"wp:term":[{"taxonomy":"category","embeddable":true,"href":"https:\/\/www.europesays.com\/de\/wp-json\/wp\/v2\/categories?post=1270328"},{"taxonomy":"post_tag","embeddable":true,"href":"https:\/\/www.europesays.com\/de\/wp-json\/wp\/v2\/tags?post=1270328"}],"curies":[{"name":"wp","href":"https:\/\/api.w.org\/{rel}","templated":true}]}}