{"id":1270340,"date":"2026-08-30T19:30:21","date_gmt":"2026-08-30T19:30:21","guid":{"rendered":"https:\/\/www.europesays.com\/de\/1270340\/"},"modified":"2026-08-30T19:30:21","modified_gmt":"2026-08-30T19:30:21","slug":"bauer-sucht-frau-international-kandidat-2026-markus-sucht-eine-frau-mit-der-er-das-leben-in-italien-rocken-kann","status":"publish","type":"post","link":"https:\/\/www.europesays.com\/de\/1270340\/","title":{"rendered":"\u201eBauer sucht Frau International\u201d-Kandidat 2026: Markus sucht eine Frau, mit der er das Leben in Italien rocken kann"},"content":{"rendered":"<p>\u201eBauer sucht Frau International\u201d-KandidatMarkus sucht eine Frau, mit der er das Leben in Italien rocken kann<\/p>\n<p class=\"AnnotatedMarkup_paragraph__IUT9l\"><strong>Markus liebt nicht nur seine Landwirtschaft&#8230;<\/strong><br \/>&#8230;sondern auch seine vier Kinder und das Leben in den S\u00fcdtiroler Bergen. Nur eines fehlt dem 41-J\u00e4hrigen inzwischen immer mehr: eine Partnerin an seiner Seite. Bei \u201eBauer sucht Frau International\u201c sucht er eine lebensfrohe Frau, die seinen aktiven Alltag mit ihm teilen m\u00f6chte.<\/p>\n<p>\u201eBauer sucht Frau International\u201c-Kandidat Markus im Steckbrief<img alt=\"Markus sucht eine Frau, mit der er das Leben in Italien rocken kann\" fetchpriority=\"auto\" loading=\"lazy\" width=\"940\" height=\"529\" decoding=\"async\" data-nimg=\"1\" class=\"Image_image__SdgLQ Picture_image__vGN9W\" style=\"color:transparent\"   src=\"https:\/\/www.europesays.com\/de\/wp-content\/uploads\/2026\/08\/koelnnews_343587401_25025.webp\"\/><\/p>\n<p>Markus sucht eine Frau, mit der er das Leben in Italien rocken kann<\/p>\n<p>RTL<\/p>\n<ul class=\"BulletedList_ul__9tzYn\">\n<li class=\"BulletedList_li__361p2\">\n<p class=\"AnnotatedMarkup_paragraph__IUT9l\">Alter: 41<\/p>\n<\/li>\n<li class=\"BulletedList_li__361p2\">\n<p class=\"AnnotatedMarkup_paragraph__IUT9l\">Sternzeichen: Jungfrau<\/p>\n<\/li>\n<li class=\"BulletedList_li__361p2\">\n<p class=\"AnnotatedMarkup_paragraph__IUT9l\">Region: S\u00fcdtirol, Italien<\/p>\n<\/li>\n<li class=\"BulletedList_li__361p2\">\n<p class=\"AnnotatedMarkup_paragraph__IUT9l\">Betrieb: Milchviehbetrieb<\/p>\n<\/li>\n<li class=\"BulletedList_li__361p2\">\n<p class=\"AnnotatedMarkup_paragraph__IUT9l\">Hofgr\u00f6\u00dfe: rund 56 Hektar<\/p>\n<\/li>\n<li class=\"BulletedList_li__361p2\">\n<p class=\"AnnotatedMarkup_paragraph__IUT9l\">Tiere: etwa 45 Milchk\u00fche plus Nachzucht<\/p>\n<\/li>\n<li class=\"BulletedList_li__361p2\">\n<p class=\"AnnotatedMarkup_paragraph__IUT9l\">Umfeld: Markus lebt im Dachgeschoss eines mehrst\u00f6ckigen Hauses, seine Mutter und sein Bruder im Erdgeschoss<\/p>\n<\/li>\n<\/ul>\n<p>Ihr wollt mehr News von RTL.de bei Google finden? So einfach geht\u2019s!Wozu dienen die bevorzugten Quellen bei Google?<\/p>\n<p>Ihr scrollt durch die Google-Suche und wollt direkt das sehen, was euch wirklich interessiert? Genau daf\u00fcr hat Google jetzt eine neue Funktion am Start. Mit den sogenannten \u201eBevorzugten Quellen\u201c k\u00f6nnt ihr selbst festlegen, welche Inhalte euch h\u00e4ufiger angezeigt werden. Und genau hier kommt rtl.de ins Spiel. Wenn ihr uns als Favorit markiert, bekommt ihr k\u00fcnftig die wichtigsten Geschichten und Nachrichten f\u00fcr euer Leben, aktuelle News, exklusive VIP-Geschichten aus der Welt eurer Lieblingspromis und RTL-Stars sowie alles rund um Shows, Realitys und Serien<b> <\/b>noch schneller angezeigt.<\/p>\n<p>So aktiviert ihr RTL.de als bevorzugte Quelle bei Google<\/p>\n<p>Der Weg dahin ist wirklich simpel \u2013 ihr braucht nur ein Google-Konto.<\/p>\n<ol>\n<p><b>Direkt \u00fcber den Link<\/b>: Klickt auf diesen <a href=\"https:\/\/www.google.com\/preferences\/source?q=rtl.de\" target=\"_blank\" rel=\"Follow nofollow noopener\">Aktivierungslink<\/a> und w\u00e4hlt rtl.de als bevorzugte Quelle aus.<\/p>\n<p>Sucht alternativ ein Thema bei Google, tippt auf das <b>Sternsymbol neben \u201eSchlagzeilen\u201c<\/b> und f\u00fcgt RTL.de dort hinzu. Danach einfach die Suche neu laden.<\/p>\n<\/ol>\n<p>Schon werden euch Inhalte eurer Lieblingsquelle h\u00e4ufiger angezeigt<\/p>\n<p><a href=\"https:\/\/www.rtl.de\/news\/rtl-de-als-bevorzugte-quelle-bei-google-was-dahinter-steckt-und-wie-ihr-es-aktiviert-id30795186.html\" target=\"_self\" rel=\"Follow nofollow noopener\">Hier erfahrt ihr mehr \u00fcber die bevorzugten Quellen bei Google<\/a><\/p>\n<p>F\u00fcr Markus ist dieser Ort weit mehr als nur Arbeitsplatz<\/p>\n<p class=\"AnnotatedMarkup_paragraph__IUT9l\">Wenn Markus abends vom Traktor steigt, wei\u00df er genau, warum er Landwirt geworden ist. Der 41-J\u00e4hrige lebt auf einem rund 56 Hektar gro\u00dfen Familienbetrieb in S\u00fcdtirol und k\u00fcmmert sich dort um etwa 45 Milchk\u00fche samt Nachzucht. Zur Landwirtschaft geh\u00f6rt au\u00dferdem eine Alm auf 1900 Metern H\u00f6he mit Blick auf die Gei\u00dflerspitzen. F\u00fcr Markus ist dieser Ort weit mehr als nur Arbeitsplatz. Doch was zu seinem Gl\u00fcck fehlt, ist eine passende Frau!<\/p>\n<p class=\"AnnotatedMarkup_paragraph__IUT9l\"><strong>Wenn Du Markus kennenlernen m\u00f6chtest, dann bewirb dich online auf <a rel=\"noopener noreferrer nofollow\" href=\"https:\/\/www.rtl.de\/sendungen\/bauer-sucht-frau-international\/rtl.de\/bewerben\" target=\"_blank\">rtl.de\/bewerben<\/a>.<\/strong><\/p>\n<p>Anzeige:<\/p>\n<p>Empfehlungen unserer Partner<\/p>\n<p>Motocross, Feste und ganz viel Familienzeit &#8211; Markus liebt sein Leben<\/p>\n<p class=\"AnnotatedMarkup_paragraph__IUT9l\">In S\u00fcdtirol hat es Tradition, dass der \u00e4lteste Sohn den Familienbetrieb \u00fcbernimmt. F\u00fcr Markus f\u00fchlt sich diese Aufgabe allerdings \u00fcberhaupt nicht nach Pflicht an. \u201eWenn ich abends nach getaner Arbeit vom Traktor steige, habe ich das Gef\u00fchl, alles richtig gemacht zu haben im Leben\u201c, sagt er.<\/p>\n<p class=\"AnnotatedMarkup_paragraph__IUT9l\">Im Sommer verbringen die Jungtiere ihre Zeit auf der Alm. Auch Markus zieht es immer wieder dorthin. Zwischen seiner Herde und der Bergkulisse kann der S\u00fcdtiroler besonders gut abschalten. Ganz ausgelastet ist er mit dem Hof offenbar trotzdem nicht, denn nebenbei arbeitet er zus\u00e4tzlich im Bauunternehmen eines Freundes.<\/p>\n<p class=\"AnnotatedMarkup_paragraph__IUT9l\">Auch in seiner Freizeit ist Markus gern unterwegs. Der \u201eBauer sucht Frau International\u201c-Kandidat Markus geht gerne auf Feste, f\u00e4hrt Motocross und verbringt viel Zeit drau\u00dfen in der Natur. An erster Stelle stehen f\u00fcr ihn allerdings seine vier Kinder, die im Wechsel bei ihm leben. Markus beschreibt sich als absoluten Familienmenschen. Deshalb h\u00e4tte er auch kein Problem damit, wenn seine zuk\u00fcnftige Partnerin bereits eigene Kinder mit in die Beziehung bringt.<\/p>\n<p><img alt=\"Bauer sucht Frau International\" fetchpriority=\"auto\" loading=\"lazy\" width=\"615\" height=\"346\" decoding=\"async\" data-nimg=\"1\" class=\"Image_image__SdgLQ RtlPlusContent_image__Gbn0N\" style=\"color:transparent\"   src=\"https:\/\/www.europesays.com\/de\/wp-content\/uploads\/2026\/08\/bauer-sucht-frau-international.webp\"\/>Nach zweieinhalb Jahren fehlt Markus die Zweisamkeit<\/p>\n<p class=\"AnnotatedMarkup_paragraph__IUT9l\">Seit rund zweieinhalb Jahren ist Markus getrennt. Mittlerweile merkt er deutlich, dass ihm eine feste Partnerin an seiner Seite fehlt. \u201eMir fehlt die Zweisamkeit und jemand, mit dem ich das Leben rocken kann\u201c, sagt der 41-J\u00e4hrige.<\/p>\n<p class=\"AnnotatedMarkup_paragraph__IUT9l\">Beim Aussehen legt er sich nicht auf einen bestimmten Typ fest. Seine Traumfrau sollte allerdings sportlich und lebensfroh sein, damit sie mit seinem aktiven Alltag mithalten kann. Noch sch\u00f6ner w\u00e4re es f\u00fcr Markus, wenn sie sich auch f\u00fcr die Landwirtschaft begeistert. Dann k\u00f6nnten Hofleben, Familienzeit und gemeinsame Abenteuer in S\u00fcdtirol bald zu zweit stattfinden.<\/p>\n","protected":false},"excerpt":{"rendered":"\u201eBauer sucht Frau International\u201d-KandidatMarkus sucht eine Frau, mit der er das Leben in Italien rocken kann Markus liebt&hellip;\n","protected":false},"author":2,"featured_media":1270341,"comment_status":"","ping_status":"","sticky":false,"template":"","format":"standard","meta":{"footnotes":"","_share_on_mastodon":"0"},"categories":[1773],"tags":[261016,64353,262379,97398,66048,262377,66049,262376,66047,262378,29,262375,214,30,6629,471,1780,684,215],"class_list":["post-1270340","post","type-post","status-publish","format-standard","has-post-thumbnail","category-serien","tag-ah-analytics","tag-bauer-sucht-frau-international","tag-bauer-sucht-frau-international-3403","tag-bauer-sucht-frau-international-2026","tag-bauer-sucht-frau-international-kandidaten","tag-bauer-sucht-frau-international-kandidaten-3399","tag-bauer-sucht-frau-international-news","tag-bauer-sucht-frau-international-news-3398","tag-bauer-sucht-frau-international-videos","tag-bauer-sucht-frau-international-arc-sendungen-real-life-bauer-sucht-frau-international","tag-deutschland","tag-die-internationalen-bauern-arc-sendungen-real-life-bauer-sucht-frau-international-die-internationalen-bauern","tag-entertainment","tag-germany","tag-inka-bause","tag-serien","tag-series","tag-tv","tag-unterhaltung"],"share_on_mastodon":{"url":"","error":"Validation failed: Text character limit of 500 exceeded"},"_links":{"self":[{"href":"https:\/\/www.europesays.com\/de\/wp-json\/wp\/v2\/posts\/1270340","targetHints":{"allow":["GET"]}}],"collection":[{"href":"https:\/\/www.europesays.com\/de\/wp-json\/wp\/v2\/posts"}],"about":[{"href":"https:\/\/www.europesays.com\/de\/wp-json\/wp\/v2\/types\/post"}],"author":[{"embeddable":true,"href":"https:\/\/www.europesays.com\/de\/wp-json\/wp\/v2\/users\/2"}],"replies":[{"embeddable":true,"href":"https:\/\/www.europesays.com\/de\/wp-json\/wp\/v2\/comments?post=1270340"}],"version-history":[{"count":0,"href":"https:\/\/www.europesays.com\/de\/wp-json\/wp\/v2\/posts\/1270340\/revisions"}],"wp:featuredmedia":[{"embeddable":true,"href":"https:\/\/www.europesays.com\/de\/wp-json\/wp\/v2\/media\/1270341"}],"wp:attachment":[{"href":"https:\/\/www.europesays.com\/de\/wp-json\/wp\/v2\/media?parent=1270340"}],"wp:term":[{"taxonomy":"category","embeddable":true,"href":"https:\/\/www.europesays.com\/de\/wp-json\/wp\/v2\/categories?post=1270340"},{"taxonomy":"post_tag","embeddable":true,"href":"https:\/\/www.europesays.com\/de\/wp-json\/wp\/v2\/tags?post=1270340"}],"curies":[{"name":"wp","href":"https:\/\/api.w.org\/{rel}","templated":true}]}}