{"id":1270375,"date":"2026-08-30T19:53:22","date_gmt":"2026-08-30T19:53:22","guid":{"rendered":"https:\/\/www.europesays.com\/de\/1270375\/"},"modified":"2026-08-30T19:53:22","modified_gmt":"2026-08-30T19:53:22","slug":"pol-ppmz-oeffentlichkeitsfahndung-nach-emre-battal-nach-versuchtem-toetungsdelikt-in","status":"publish","type":"post","link":"https:\/\/www.europesays.com\/de\/1270375\/","title":{"rendered":"POL-PPMZ: \u00d6ffentlichkeitsfahndung nach Emre BATTAL nach versuchtem T\u00f6tungsdelikt in &#8230;"},"content":{"rendered":"<p class=\"date\">30.08.2026 \u2013 18:53<\/p>\n<p class=\"customer\">\n                        <a class=\"story-customer\" title=\"weiter zum newsroom von Polizeipr\u00e4sidium Mainz\" href=\"https:\/\/www.presseportal.de\/blaulicht\/nr\/117708\" rel=\"nofollow noopener\" target=\"_blank\">Polizeipr\u00e4sidium Mainz<\/a>\n                    <\/p>\n<p><a data-category=\"citylink-story-view\" data-action=\"click\" data-label=\"Citylink in Meldungsansicht\" class=\"story-city event-trigger\" href=\"https:\/\/www.presseportal.de\/regional\/Mainz\" title=\"News aus Mainz \" rel=\"nofollow noopener\" target=\"_blank\">Mainz<\/a> (ots)<\/p>\n<p>Die Kriminaldirektion Mainz bittet die Bev\u00f6lkerung um Mithilfe bei der Fahndung nach einem fl\u00fcchtigen Tatverd\u00e4chtigen.<\/p>\n<p>Am Nachmittag des 29.08.2026 kam es in der Herrnsheimer Hauptstra\u00dfe in Worms zu einer gewaltsamen Auseinandersetzung zwischen drei Personen. Im Verlauf des Streits schoss ein m\u00e4nnlicher Tatverd\u00e4chtiger auf eine Frau und einen weiteren Mann. Beide Personen erlitten schwere, jedoch nach derzeitigem Stand nicht lebensgef\u00e4hrliche Verletzungen. Die Staatsanwaltschaft Mainz ordnet das Geschehen als versuchtes T\u00f6tungsdelikt ein. Die Ermittlungen werden vom Kommissariat K11 der Kriminaldirektion Mainz gef\u00fchrt.<\/p>\n<p>Der Tatverd\u00e4chtige fl\u00fcchtete unmittelbar nach der Tat vom Ereignisort. Die Polizei leitet intensive und gro\u00dfr\u00e4umige Fahndungsma\u00dfnahmen ein.<\/p>\n<p>Der zust\u00e4ndige Ermittlungsrichter hat auf Antrag der Staatsanwaltschaft Mainz die \u00d6ffentlichkeitsfahndung einschlie\u00dflich der Ver\u00f6ffentlichung von Abbildungen des Tatverd\u00e4chtigen angeordnet.<\/p>\n<p>Bei dem gesuchten Tatverd\u00e4chtigen handelt es sich um &#8222;Emre BATTAL&#8220; \/ Der gesuchte Tatverd\u00e4chtige wird wie folgt beschrieben:<\/p>\n<p>   &#8211; Geschlecht: m\u00e4nnlich<br \/>\n   &#8211; Alter: ca. 31 Jahre alt<br \/>\n   &#8211; Gr\u00f6\u00dfe: ca. 184 cm<br \/>\n   &#8211; Statur: kr\u00e4ftig<br \/>\n   &#8211; Erscheinungsbild \/ Ph\u00e4notyp: s\u00fcdl\u00e4ndisch<br \/>\n   &#8211; Haare \/ Bart: Vollbart<br \/>\n   &#8211; Bekleidung zur Tatzeit: schwarze Basecap, dunkle Oberbekleidung,<br \/>\n     dunkle kurze Hose, schwarze Schuhe<br \/>\n   &#8211; Besondere Merkmale: L\u00f6we auf dem linken Arm t\u00e4towiert<\/p>\n<p>Wichtiger Hinweis und Warnung an die Bev\u00f6lkerung:<\/p>\n<p>   &#8211; Der fl\u00fcchtige Tatverd\u00e4chtige k\u00f6nnte weiterhin bewaffnet sein.<br \/>\n   &#8211; Sprechen Sie den Tatverd\u00e4chtigen bei einer Wahrnehmung nicht<br \/>\n     selbst an und treten Sie nicht an ihn heran.<br \/>\n   &#8211; Bringen Sie sich nicht in Gefahr und w\u00e4hlen Sie bei verd\u00e4chtigen<br \/>\n     Beobachtungen oder Hinweisen sofort den Notruf 110.<\/p>\n<p>Zeugenaufruf:<\/p>\n<p>Wer hat am Nachmittag des 29.08.2026 im Bereich der Herrnsheimer Hauptstra\u00dfe in Worms verd\u00e4chtige Wahrnehmungen gemacht oder kann Angaben zum Tatverd\u00e4chtigen oder dessen Aufenthaltsort machen?<\/p>\n<p>Hinweise nimmt die Kriminaldirektion Mainz unter der Telefonnummer 06131 &#8211; 6533999 sowie jede andere Polizeidienststelle entgegen.<\/p>\n<p>Bilder des Tatverd\u00e4chtigen sind auf der Webseite der Polizei Rheinland-Pfalz: <a target=\"_blank\" class=\"uri-ext outbound\" rel=\"noopener nofollow\" href=\"https:\/\/www.polizei.rlp.de\/fahndung\/detailansicht\/default-2482bb1790a4b6ab647feb629c7fe40a\">https:\/\/www.polizei.rlp.de\/fahndung\/detailansicht\/default-2482bb1790a4b6ab647feb629c7fe40a<\/a><\/p>\n<p>Die Ver\u00f6ffentlichung der Bilder dienen ausschlie\u00dflich dem Zweck der \u00d6ffentlichkeitsfahndung. Sollte der Zweck entfallen wird dies in einer erneuten Pressemitteilung mitgeteilt. Bilder sind anschlie\u00dfend zu l\u00f6schen.<\/p>\n<p>Link zu unserer Erstmeldung: <a target=\"_blank\" class=\"uri-ext outbound\" rel=\"noopener nofollow\" href=\"https:\/\/www.presseportal.de\/blaulicht\/pm\/117708\/6342026\">https:\/\/www.presseportal.de\/blaulicht\/pm\/117708\/6342026<\/a><\/p>\n<p class=\"contact-headline\">R\u00fcckfragen bitte an:<\/p>\n<p class=\"contact-text\">Polizeipr\u00e4sidium Mainz<br \/>Pressestelle<\/p>\n<p>Telefon: 06131 \/ 65-30022<\/p>\n<p>E-Mail: <a href=\"https:\/\/www.presseportal.de\/blaulicht\/pm\/117708\/mailto:ppmainz.presse@polizei.rlp.de\" class=\"uri-mailto\" rel=\"nofollow noopener\" target=\"_blank\">ppmainz.presse@polizei.rlp.de<\/a><br \/><a target=\"_blank\" class=\"uri-ext outbound\" rel=\"noopener nofollow\" href=\"https:\/\/www.polizei.rlp.de\/pp.mainz\">www.polizei.rlp.de\/pp.mainz<\/a><\/p>\n<p class=\"originator\">Original-Content von: Polizeipr\u00e4sidium Mainz, \u00fcbermittelt durch news aktuell<\/p>\n","protected":false},"excerpt":{"rendered":"30.08.2026 \u2013 18:53 Polizeipr\u00e4sidium Mainz Mainz (ots) Die Kriminaldirektion Mainz bittet die Bev\u00f6lkerung um Mithilfe bei der Fahndung&hellip;\n","protected":false},"author":2,"featured_media":1266941,"comment_status":"","ping_status":"","sticky":false,"template":"","format":"standard","meta":{"footnotes":"","_share_on_mastodon":"0"},"categories":[1847],"tags":[3364,29,548,663,3934,30,13,2052,177,14,15,121,178,180,179,181,17273,12,4544],"class_list":["post-1270375","post","type-post","status-publish","format-standard","has-post-thumbnail","category-wiesbaden","tag-de","tag-deutschland","tag-eu","tag-europa","tag-europe","tag-germany","tag-headlines","tag-hessen","tag-kriminalitt","tag-nachrichten","tag-news","tag-polizei","tag-presse","tag-pressemeldung","tag-pressemitteilung","tag-pressemitteilungen","tag-rp","tag-schlagzeilen","tag-wiesbaden"],"share_on_mastodon":{"url":"https:\/\/pubeurope.com\/@de\/117186213025856164","error":""},"_links":{"self":[{"href":"https:\/\/www.europesays.com\/de\/wp-json\/wp\/v2\/posts\/1270375","targetHints":{"allow":["GET"]}}],"collection":[{"href":"https:\/\/www.europesays.com\/de\/wp-json\/wp\/v2\/posts"}],"about":[{"href":"https:\/\/www.europesays.com\/de\/wp-json\/wp\/v2\/types\/post"}],"author":[{"embeddable":true,"href":"https:\/\/www.europesays.com\/de\/wp-json\/wp\/v2\/users\/2"}],"replies":[{"embeddable":true,"href":"https:\/\/www.europesays.com\/de\/wp-json\/wp\/v2\/comments?post=1270375"}],"version-history":[{"count":0,"href":"https:\/\/www.europesays.com\/de\/wp-json\/wp\/v2\/posts\/1270375\/revisions"}],"wp:featuredmedia":[{"embeddable":true,"href":"https:\/\/www.europesays.com\/de\/wp-json\/wp\/v2\/media\/1266941"}],"wp:attachment":[{"href":"https:\/\/www.europesays.com\/de\/wp-json\/wp\/v2\/media?parent=1270375"}],"wp:term":[{"taxonomy":"category","embeddable":true,"href":"https:\/\/www.europesays.com\/de\/wp-json\/wp\/v2\/categories?post=1270375"},{"taxonomy":"post_tag","embeddable":true,"href":"https:\/\/www.europesays.com\/de\/wp-json\/wp\/v2\/tags?post=1270375"}],"curies":[{"name":"wp","href":"https:\/\/api.w.org\/{rel}","templated":true}]}}