{"id":1270378,"date":"2026-08-30T19:57:25","date_gmt":"2026-08-30T19:57:25","guid":{"rendered":"https:\/\/www.europesays.com\/de\/1270378\/"},"modified":"2026-08-30T19:57:25","modified_gmt":"2026-08-30T19:57:25","slug":"3-fussball-liga-trotz-20-fuehrung-waldhof-mannheim-verliert-wieder-sport","status":"publish","type":"post","link":"https:\/\/www.europesays.com\/de\/1270378\/","title":{"rendered":"3. Fu\u00dfball-Liga &#8211; Trotz 2:0-F\u00fchrung: Waldhof Mannheim verliert wieder &#8211; Sport"},"content":{"rendered":"<p data-manual=\"paragraph\" data-schema-org-speakable=\"true\" class=\"css-1eosz7k\">Hannover (dpa\/lsw) &#8211; Der SV <a href=\"https:\/\/www.sueddeutsche.de\/thema\/Waldhof_Mannheim\" rel=\"nofollow noopener\" target=\"_blank\">Waldhof Mannheim<\/a> hat in der 3. <a href=\"https:\/\/www.sueddeutsche.de\/thema\/Fu%C3%9Fball\" rel=\"nofollow noopener\" target=\"_blank\">Fu\u00dfball<\/a>-Liga einen m\u00f6glichen Ausw\u00e4rtssieg aus der Hand gegeben. Beim TSV Havelse kassierte das Team von Trainer Rui Mota trotz einer 2:0-F\u00fchrung noch eine 2:3 (2:1)-Niederlage. Damit bleiben die Kurpf\u00e4lzer auch nach 211 Tagen ohne Erfolg auf fremden Platz.<\/p>\n<p data-manual=\"paragraph\" data-schema-org-speakable=\"true\" class=\"css-1eosz7k\">In der Heinz-von-Heiden-Arena von Zweitligist Hannover 96 schossen Gon\u00e7alo Greg\u00f3rio (15. Minute) und Vincent Thill (23.) die Kurpf\u00e4lzer in Front. Alexander Guiddir (25.), Kwasi Okyere Wriedt (57.) und Leon Sommer (84.) drehten mit ihren Treffern die Partie zugunsten der Gastgeber. Mannheims Schlussmann Thijmen Nijhuis parierte in der Partie zwei Foulelfmeter von Wriedt (57.) und Johann Berger (45.).<\/p>\n<p>Zwei Elfmeter f\u00fcr Havelse<\/p>\n<p data-manual=\"paragraph\" data-schema-org-speakable=\"true\" class=\"css-1eosz7k\">Die Mannheimer waren zun\u00e4chst \u00fcberlegen und Greg\u00f3rio mit einem Schlenzer aus 15 Metern sowie Thill nach einer kurzen Eckenvariante vom rechten Fl\u00fcgel sorgten f\u00fcr die verdiente F\u00fchrung. F\u00fcr die <a href=\"https:\/\/www.sueddeutsche.de\/thema\/Niedersachsen\" rel=\"nofollow noopener\" target=\"_blank\">Niedersachsen<\/a> verk\u00fcrzte jedoch postwendend durch Guiddir. In der Folge \u00fcbernahmen die Gastgeber zunehmend das Kommando, der Waldhof fand im Angriff fast gar nicht mehr statt.<\/p>\n<p data-manual=\"paragraph\" data-schema-org-speakable=\"true\" class=\"css-1eosz7k\">Mannheim hatte Gl\u00fcck, dass Berger nach einer fragw\u00fcrdigen Elfmeter-Entscheidung des japanischen Schiedsrichters Koji Tabasaki an Nijhuis scheiterte. Mitte der zweiten H\u00e4lfte stand der Torh\u00fcter erneut im Mittelpunkt: Nach einem langen Ball kam Nijhuis gegen Guiddir an der Strafraumgrenze zu sp\u00e4t. Den berechtigten Strafsto\u00df hielt er zun\u00e4chst gegen Kwasi Okyere Wriedt. Allerdings prallte der Ball ab, so dass Wriedt im Nachschuss traf. Und es kam noch dicker f\u00fcr den Waldhof: Nach einer Flanke von Berger k\u00f6pfte Sommer zum Havelser Sieg ein.<\/p>\n<p data-manual=\"paragraph\" data-schema-org-speakable=\"true\" class=\"css-1eosz7k\">\u00a9 dpa-infocom, dpa:260830-930-606432\/1<\/p>\n","protected":false},"excerpt":{"rendered":"Hannover (dpa\/lsw) &#8211; Der SV Waldhof Mannheim hat in der 3. Fu\u00dfball-Liga einen m\u00f6glichen Ausw\u00e4rtssieg aus der Hand&hellip;\n","protected":false},"author":2,"featured_media":1270379,"comment_status":"","ping_status":"","sticky":false,"template":"","format":"standard","meta":{"footnotes":"","_share_on_mastodon":"0"},"categories":[1845],"tags":[995,1634,3364,29,548,663,3934,347,30,13,47061,2096,14,15,1411,12,265,149,17594],"class_list":["post-1270378","post","type-post","status-publish","format-standard","has-post-thumbnail","category-mannheim","tag-3-liga","tag-baden-wuerttemberg","tag-de","tag-deutschland","tag-eu","tag-europa","tag-europe","tag-fussball","tag-germany","tag-headlines","tag-heinz-von-heiden-arena","tag-mannheim","tag-nachrichten","tag-news","tag-niedersachsen","tag-schlagzeilen","tag-sport","tag-sueddeutsche-zeitung","tag-waldhof-mannheim"],"share_on_mastodon":{"url":"https:\/\/pubeurope.com\/@de\/117186228968582442","error":""},"_links":{"self":[{"href":"https:\/\/www.europesays.com\/de\/wp-json\/wp\/v2\/posts\/1270378","targetHints":{"allow":["GET"]}}],"collection":[{"href":"https:\/\/www.europesays.com\/de\/wp-json\/wp\/v2\/posts"}],"about":[{"href":"https:\/\/www.europesays.com\/de\/wp-json\/wp\/v2\/types\/post"}],"author":[{"embeddable":true,"href":"https:\/\/www.europesays.com\/de\/wp-json\/wp\/v2\/users\/2"}],"replies":[{"embeddable":true,"href":"https:\/\/www.europesays.com\/de\/wp-json\/wp\/v2\/comments?post=1270378"}],"version-history":[{"count":0,"href":"https:\/\/www.europesays.com\/de\/wp-json\/wp\/v2\/posts\/1270378\/revisions"}],"wp:featuredmedia":[{"embeddable":true,"href":"https:\/\/www.europesays.com\/de\/wp-json\/wp\/v2\/media\/1270379"}],"wp:attachment":[{"href":"https:\/\/www.europesays.com\/de\/wp-json\/wp\/v2\/media?parent=1270378"}],"wp:term":[{"taxonomy":"category","embeddable":true,"href":"https:\/\/www.europesays.com\/de\/wp-json\/wp\/v2\/categories?post=1270378"},{"taxonomy":"post_tag","embeddable":true,"href":"https:\/\/www.europesays.com\/de\/wp-json\/wp\/v2\/tags?post=1270378"}],"curies":[{"name":"wp","href":"https:\/\/api.w.org\/{rel}","templated":true}]}}