{"id":1270380,"date":"2026-08-30T19:58:26","date_gmt":"2026-08-30T19:58:26","guid":{"rendered":"https:\/\/www.europesays.com\/de\/1270380\/"},"modified":"2026-08-30T19:58:26","modified_gmt":"2026-08-30T19:58:26","slug":"neuer-anlauf-fuer-neubauten-im-altort-woerth","status":"publish","type":"post","link":"https:\/\/www.europesays.com\/de\/1270380\/","title":{"rendered":"Neuer Anlauf f\u00fcr Neubauten im Altort &#8211; W\u00f6rth"},"content":{"rendered":"<p class=\"rhp-dpa-teaser\"><b>Auf der Fl\u00e4che zwischen Moltke- und Herrenstra\u00dfe sollen Wohnh\u00e4user gebaut werden. Die Pl\u00e4ne bisherigen eines Investors stie\u00dfen auf Skepsis. Wie geht es weiter?<\/b><\/p>\n<p><a class=\"rtr-entity\" data-rtr-entity=\"W\u00f6rth\" data-rtr-id=\"c68b4afdf45a0ab361d35b4a6813e0800f76b867\" data-rtr-score=\"29.95490981963928\" data-rtr-etype=\"location\" data-rtr-index=\"9\" href=\"https:\/\/www.rheinpfalz.de\/themen\/woerth-am-rhein\" rel=\"nofollow noopener\" target=\"_blank\">W\u00f6rth<\/a>. Es ist nur eine formaler Akt: Die Ver\u00e4nderungssperre f\u00fcr das Bebauungsplangebiet \u201eZwischen der Moltke- und Herrenstra\u00dfe\u201c im W\u00f6rther Altort wird verl\u00e4ngert. Der Stadtrat hat in seiner j\u00fcngsten Sitzung die Verl\u00e4ngerung einstimmig beschlossen.  Eine Ver\u00e4nderungssperre sch\u00fctzt einen in Arbeit befindlichen Bebauungsplan davor, dass in dem Gebiet neue Bauten oder Umbauten die k\u00fcnftigen Planungsziele st\u00f6ren oder unm\u00f6glich machen.<\/p>\n<p class=\"rhp-teaser\"><b>Auf der Fl\u00e4che zwischen Moltke- und Herrenstra\u00dfe sollen Wohnh\u00e4user gebaut werden. Die Pl\u00e4ne bisherigen eines Investors stie\u00dfen auf Skepsis. Wie geht es weiter?<\/b><\/p>\n","protected":false},"excerpt":{"rendered":"Auf der Fl\u00e4che zwischen Moltke- und Herrenstra\u00dfe sollen Wohnh\u00e4user gebaut werden. Die Pl\u00e4ne bisherigen eines Investors stie\u00dfen auf&hellip;\n","protected":false},"author":2,"featured_media":1270381,"comment_status":"","ping_status":"","sticky":false,"template":"","format":"standard","meta":{"footnotes":"","_share_on_mastodon":"0"},"categories":[1844],"tags":[1634,3364,29,30,8903,6842,111899,26148],"class_list":["post-1270380","post","type-post","status-publish","format-standard","has-post-thumbnail","category-karlsruhe","tag-baden-wuerttemberg","tag-de","tag-deutschland","tag-germany","tag-karlsruhe","tag-ssb","tag-web","tag-woerth"],"share_on_mastodon":{"url":"https:\/\/pubeurope.com\/@de\/117186232809082714","error":""},"_links":{"self":[{"href":"https:\/\/www.europesays.com\/de\/wp-json\/wp\/v2\/posts\/1270380","targetHints":{"allow":["GET"]}}],"collection":[{"href":"https:\/\/www.europesays.com\/de\/wp-json\/wp\/v2\/posts"}],"about":[{"href":"https:\/\/www.europesays.com\/de\/wp-json\/wp\/v2\/types\/post"}],"author":[{"embeddable":true,"href":"https:\/\/www.europesays.com\/de\/wp-json\/wp\/v2\/users\/2"}],"replies":[{"embeddable":true,"href":"https:\/\/www.europesays.com\/de\/wp-json\/wp\/v2\/comments?post=1270380"}],"version-history":[{"count":0,"href":"https:\/\/www.europesays.com\/de\/wp-json\/wp\/v2\/posts\/1270380\/revisions"}],"wp:featuredmedia":[{"embeddable":true,"href":"https:\/\/www.europesays.com\/de\/wp-json\/wp\/v2\/media\/1270381"}],"wp:attachment":[{"href":"https:\/\/www.europesays.com\/de\/wp-json\/wp\/v2\/media?parent=1270380"}],"wp:term":[{"taxonomy":"category","embeddable":true,"href":"https:\/\/www.europesays.com\/de\/wp-json\/wp\/v2\/categories?post=1270380"},{"taxonomy":"post_tag","embeddable":true,"href":"https:\/\/www.europesays.com\/de\/wp-json\/wp\/v2\/tags?post=1270380"}],"curies":[{"name":"wp","href":"https:\/\/api.w.org\/{rel}","templated":true}]}}