{"id":1270386,"date":"2026-08-30T20:01:31","date_gmt":"2026-08-30T20:01:31","guid":{"rendered":"https:\/\/www.europesays.com\/de\/1270386\/"},"modified":"2026-08-30T20:01:31","modified_gmt":"2026-08-30T20:01:31","slug":"3-liga-viktoria-koeln-ueberragt-gegen-muenster-fortuna-bezwingt-verl","status":"publish","type":"post","link":"https:\/\/www.europesays.com\/de\/1270386\/","title":{"rendered":"3. Liga: Viktoria K\u00f6ln \u00fcberragt gegen M\u00fcnster \u2013 Fortuna bezwingt Verl"},"content":{"rendered":"<p class=\"text-18 leading-17 user-text-lg:text-22 user-text-xl:text-24\">Im Anschluss kam Verl zwar immer wieder nach vorne, in der 89. Minute war es dann allerdings Tino Bornemann, der f\u00fcr Fortuna den Deckel drauf machte. Der Anschlusstreffer der Ostwestfalen durch Amin Farouk nur wenige Augenblicke sp\u00e4ter reichte nicht mehr. Ein Abseitstreffer von Heike zum vermeintlichen 2:2 in der f\u00fcnften Minute der Nachspielzeit z\u00e4hlte wegen einer Abseitsstellung nicht.<\/p>\n<p class=\"text-18 leading-17 user-text-lg:text-22 user-text-xl:text-24\">Die Fortuna hatte nach einer umk\u00e4mpften ersten Halbzeit zun\u00e4chst einen R\u00fcckschlag hinnehmen m\u00fcssen: Die G\u00e4ste waren ab der 43. Spielminute in Unterzahl, nachdem Luca Majetic nach grobem Foulspiel die Rote Karte gesehen hatte. Der Mittelfeldspieler hatte seinen Gegenspieler mit offener Sohle am Sprunggelenk getroffen.<\/p>\n<p class=\"text-18 leading-17 user-text-lg:text-22 user-text-xl:text-24\">Fortuna K\u00f6ln springt damit weg von den Abstiegsr\u00e4ngen und liegt mit vier Punkten aus drei Spielen im Tabellenmittelfeld.<\/p>\n<p class=\"text-18 leading-17 user-text-lg:text-22 user-text-xl:text-24\">Mittwoch, 26. August 2026<\/p>\n<p>Viktoria K\u00f6ln: Offensiv-Talent Raphael Ott verl\u00e4sst die 3. Liga<\/p>\n<p class=\"text-18 leading-17 user-text-lg:text-22 user-text-xl:text-24\">Raphael Ott verl\u00e4sst Viktoria K\u00f6ln nach nur einer Saison schon wieder. Der Offensivspieler l\u00e4uft in der kommenden Saison in der Regionalliga wieder f\u00fcr seinen Ex-Klub TSV 1860 M\u00fcnchen auf. Der 20 Jahre alte Ott war in der vergangenen R\u00fcckrunde bereits in die Regionalliga West zur Reserve des FC Schalke 04 ausgeliehen. Dort erzielte er in 15 Spielen zwei Tore.<\/p>\n<p class=\"text-18 leading-17 user-text-lg:text-22 user-text-xl:text-24\">Valentin Sch\u00e4fer, Sportlicher Leiter von Viktoria K\u00f6ln, sagte zum Abgang: &#8222;F\u00fcr Raphaels Entwicklung ist regelm\u00e4\u00dfige Spielzeit essenziell. Diese k\u00f6nnen wir ihm in der aktuellen Situation nicht bieten. Deshalb kann der Schritt zur\u00fcck in die Heimat wertvoll f\u00fcr seine Laufbahn sein. F\u00fcr die Zukunft w\u00fcnschen wir ihm privat und sportlich alles Gute.&#8220;<\/p>\n<p class=\"text-18 leading-17 user-text-lg:text-22 user-text-xl:text-24\">Insgesamt kam Ott in der 3. Liga auf vier Eins\u00e4tze f\u00fcr Viktoria K\u00f6ln.<\/p>\n<p>DFB-Pokal: Viktoria scheitert im Elfmeterschie\u00dfen gegen N\u00fcrnberg<\/p>\n<p><a href=\"#focus-2\" class=\"transition-colors block text-current relative\" data-sctrack=\"FocusGalleryImage.Reference\"><img   loading=\"lazy\" src=\"https:\/\/www.europesays.com\/de\/wp-content\/uploads\/2026\/08\/sportanlage-hoehenberg-viktoria-koelns-niklas-jahn-liegt-am-boden-nach-einem-verschossenen-elfmeter..jpeg\" alt=\"Sportanlage H\u00f6henberg: Viktoria K\u00f6lns Niklas Jahn liegt am Boden nach einem verschossenen Elfmeter\" title=\"Sportanlage H\u00f6henberg: Viktoria K\u00f6lns Niklas Jahn liegt am Boden nach einem verschossenen Elfmeter\" width=\"726\" height=\"408\" class=\"h-full w-full max-w-full rounded-8\" decoding=\"async\"\/><img loading=\"lazy\" src=\"https:\/\/koeln.t-online.de\/s\/paper\/_next\/static\/media\/zoom-in.f7dae02f.svg\" alt=\"Vergr\u00f6\u00dfern des Bildes\" title=\"Vergr\u00f6\u00dfern des Bildes\" class=\"block h-[calc(var(--height)_\/_16_*_1rem)] w-[calc(var(--width)_\/_16_*_1rem)] max-w-none absolute right-8 bottom-8 rounded-4 bg-snow p-8\" style=\"--width:32;--height:32\" decoding=\"async\"\/>Sportanlage H\u00f6henberg: Viktoria K\u00f6lns Niklas Jahn liegt am Boden nach einem verschossenen Elfmeter (Quelle: Fabian Strauch\/dpa)<\/a><\/p>\n<p class=\"text-18 leading-17 user-text-lg:text-22 user-text-xl:text-24\">Viktoria K\u00f6ln ist in der ersten Runde des DFB-Pokals knapp ausgeschieden. Der Drittligist unterlag dem Zweitliga-Tabellenf\u00fchrer 1. FC N\u00fcrnberg nach einem umk\u00e4mpften Spiel mit 4:5 im Elfmeterschie\u00dfen. Nach 90 und 120 Minuten hatte es 1:1 gestanden.<\/p>\n","protected":false},"excerpt":{"rendered":"Im Anschluss kam Verl zwar immer wieder nach vorne, in der 89. Minute war es dann allerdings Tino&hellip;\n","protected":false},"author":2,"featured_media":1270387,"comment_status":"","ping_status":"","sticky":false,"template":"","format":"standard","meta":{"footnotes":"","_share_on_mastodon":"0"},"categories":[1843],"tags":[3175,999,262388,3167,3166,262381,3364,29,1264,3153,262386,240589,29371,49994,86534,485,30,241869,262384,1420,3134,3142,16069,262385,3143,3169,3160,28755,3172,3170,3168,19911,8970,3129,45284,115380,1209,3783,3144,7650,174938,3459,96014,262382,11610,3725,262387,3171,3165,262383,3724,6921,24091,88549],"class_list":["post-1270386","post","type-post","status-publish","format-standard","has-post-thumbnail","category-muenster","tag-3175","tag-alemannia-aachen","tag-amin-farouk","tag-anthony-modeste","tag-britta-carlson","tag-david-otto","tag-de","tag-deutschland","tag-dfb-pokal","tag-eric-martel","tag-felix-higl","tag-florian-heister","tag-florian-kainz","tag-fortuna-koeln","tag-freistosstor","tag-fussball-bundesliga","tag-germany","tag-gideon-mensah","tag-jasper-loeffelsend","tag-koeln","tag-linton-maina","tag-luca-waldschmidt","tag-lukas-kwasniok","tag-marian-wilhelm","tag-mark-uth","tag-markus-rejek","tag-mathias-olesen","tag-matthias-mink","tag-max-finkgraefe","tag-maximilian-schmid","tag-meiko-sponsel","tag-mittelrheinpokal","tag-muenster","tag-newsblog","tag-niklas-castelle","tag-niklas-jahn","tag-nordrhein-westfalen","tag-nuernberg","tag-ostwestfalen","tag-preussen-muenster","tag-raphael-ott","tag-regionalliga","tag-said-el-mala","tag-samuelle-carella","tag-sc-wiedenbrueck","tag-sport-club-verl-1924-e-v","tag-tino-bornemann","tag-trainingslager","tag-transfermarkt","tag-valentin-schaefer","tag-verl","tag-viktoria-koeln","tag-wiedenbrueck","tag-wolfgang-overath"],"share_on_mastodon":{"url":"","error":"Validation failed: Text character limit of 500 exceeded"},"_links":{"self":[{"href":"https:\/\/www.europesays.com\/de\/wp-json\/wp\/v2\/posts\/1270386","targetHints":{"allow":["GET"]}}],"collection":[{"href":"https:\/\/www.europesays.com\/de\/wp-json\/wp\/v2\/posts"}],"about":[{"href":"https:\/\/www.europesays.com\/de\/wp-json\/wp\/v2\/types\/post"}],"author":[{"embeddable":true,"href":"https:\/\/www.europesays.com\/de\/wp-json\/wp\/v2\/users\/2"}],"replies":[{"embeddable":true,"href":"https:\/\/www.europesays.com\/de\/wp-json\/wp\/v2\/comments?post=1270386"}],"version-history":[{"count":0,"href":"https:\/\/www.europesays.com\/de\/wp-json\/wp\/v2\/posts\/1270386\/revisions"}],"wp:featuredmedia":[{"embeddable":true,"href":"https:\/\/www.europesays.com\/de\/wp-json\/wp\/v2\/media\/1270387"}],"wp:attachment":[{"href":"https:\/\/www.europesays.com\/de\/wp-json\/wp\/v2\/media?parent=1270386"}],"wp:term":[{"taxonomy":"category","embeddable":true,"href":"https:\/\/www.europesays.com\/de\/wp-json\/wp\/v2\/categories?post=1270386"},{"taxonomy":"post_tag","embeddable":true,"href":"https:\/\/www.europesays.com\/de\/wp-json\/wp\/v2\/tags?post=1270386"}],"curies":[{"name":"wp","href":"https:\/\/api.w.org\/{rel}","templated":true}]}}