{"id":1270388,"date":"2026-08-30T20:02:17","date_gmt":"2026-08-30T20:02:17","guid":{"rendered":"https:\/\/www.europesays.com\/de\/1270388\/"},"modified":"2026-08-30T20:02:17","modified_gmt":"2026-08-30T20:02:17","slug":"medizinischer-notfall-ueberschattet-lauf-von-rietberg-nach-schloss-holte","status":"publish","type":"post","link":"https:\/\/www.europesays.com\/de\/1270388\/","title":{"rendered":"Medizinischer Notfall \u00fcberschattet Lauf von Rietberg nach Schlo\u00df Holte"},"content":{"rendered":"<p>Der Grafschaftslauf von Rietberg nach Schlo\u00df Holte hat sportlich alle Erwartungen \u00fcbertroffen.\u00a0 \u00dcberschattet wurde die Veranstaltung jedoch von einem medizinischen Notfall im Zielbereich.<\/p>\n<p>Kreis G\u00fctersloh (gl) &#8211; \u00dcber die sportlich traumhafte Bilanz mit zwei hochwertigen Streckenrekorden und Teilnehmerbestmarke konnten sich Aktive, Zuschauer und Orgateam nicht unbeschwert freuen: Die sechste Auflage des Grafschaftslaufs von Rietberg nach Schlo\u00df Holte wurde am Sonntag von einem\u2026<\/p>\n<p>            <img decoding=\"async\" src=\"https:\/\/www.die-glocke.de\/typo3conf\/ext\/bo_dieglocke_template\/Resources\/Public\/Images\/logo\/glocke_plus_icon.svg\" class=\"pwTopImage\" alt=\"Glocke Plus\"\/><\/p>\n<p>                Jetzt weiterlesen mit G+<\/p>\n<p class=\"card-text equal-height text-center\" data-equalheightgroup=\"1\">\n                0,99 \u20ac im 1. Monat \u2013 monatlich k\u00fcndbar\n            <\/p>\n<tr>\n<tr>\n<td class=\"w-25px p-1\">\n<\/td>\n<td class=\"p-1\">\n<p>                                            aktuelle Nachrichten rund um die Uhr<\/p>\n<\/td>\n<\/tr>\n<tr>\n<td class=\"w-25px p-1\">\n<\/td>\n<td class=\"p-1\">\n<p>                                            nur 79 \u20ac (ab dem 13. Monat 7,90 \u20ac monatlich)<\/p>\n<\/td>\n<\/tr>\n<tr>\n<td class=\"w-25px p-1\">\n<\/td>\n<td class=\"p-1\">\n<p>                                            nach 12 Monaten Mindestlaufzeit monatlich k\u00fcndbar<\/p>\n<\/td>\n<\/tr>\n<tr>\n<td class=\"w-25px p-1\">\n<\/td>\n<td class=\"p-1\">\n<p>                                            sparen Sie 15,80 \u20ac gegen\u00fcber dem Monatsabo<\/p>\n<\/td>\n<\/tr>\n<\/tr>\n<p>\n                        79 \u20ac f\u00fcr 12 Monate\n                    <\/p>\n<p>                    <a data-upscore-conversion=\"1\" rel=\"nofollow noopener\" class=\"btn link-primary border rounded border-2 border-primary d-block w-100 mb-4\" href=\"https:\/\/shop.die-glocke.de\/bestellen\/g-jahresabo-bc91?type=paypal&amp;upscore_object_id=09dafb91-019c-4c33-bebb-585ae94eba6f-Portal&amp;upscore_offer_id=&amp;upscore_click_id=&amp;upscore_object_url=https%3A%2F%2Fwww.die-glocke.de%2Flokalsport%2Fkreis-guetersloh%2Fartikel%2Fmedizinischer-notfall-ueberschattet-rekorde-beim-lauf-von-rietberg-nach-schloss-holte-1788114310&amp;target=https%3A%2F%2Fwww.die-glocke.de%2Flokalsport%2Fkreis-guetersloh%2Fartikel%2Fmedizinischer-notfall-ueberschattet-rekorde-beim-lauf-von-rietberg-nach-schloss-holte-1788114310\" target=\"_blank\"><br \/>\n                        <strong>Jahresabo bestellen mit <\/strong><br \/>\n                        <img loading=\"lazy\" decoding=\"async\" class=\"me-2 icon-paypal\" src=\"https:\/\/www.die-glocke.de\/fileadmin\/images\/demo\/paypal.svg\" width=\"65\" height=\"15\" alt=\"Paypal\"\/><br \/>\n                    <\/a><\/p>\n<p>                    <a data-upscore-conversion=\"1\" class=\"paywall_order_btn-668975\" href=\"https:\/\/shop.die-glocke.de\/gplus-jahresabo?upscore_object_id=09dafb91-019c-4c33-bebb-585ae94eba6f-Portal&amp;upscore_offer_id=&amp;upscore_click_id=&amp;upscore_object_url=https%3A%2F%2Fwww.die-glocke.de%2Flokalsport%2Fkreis-guetersloh%2Fartikel%2Fmedizinischer-notfall-ueberschattet-rekorde-beim-lauf-von-rietberg-nach-schloss-holte-1788114310&amp;target=https%3A%2F%2Fwww.die-glocke.de%2Flokalsport%2Fkreis-guetersloh%2Fartikel%2Fmedizinischer-notfall-ueberschattet-rekorde-beim-lauf-von-rietberg-nach-schloss-holte-1788114310\" rel=\"nofollow noopener\" target=\"_blank\"><br \/>\n                        Jahresabo bestellen<br \/>\n                    <\/a><\/p>\n<p>Texte und Fotos von die-glocke.de sind urheberrechtlich gesch\u00fctzt.<br \/>\n            Weiterverwendung nur mit Genehmigung der Chefredaktion.<\/p>\n","protected":false},"excerpt":{"rendered":"Der Grafschaftslauf von Rietberg nach Schlo\u00df Holte hat sportlich alle Erwartungen \u00fcbertroffen.\u00a0 \u00dcberschattet wurde die Veranstaltung jedoch von&hellip;\n","protected":false},"author":2,"featured_media":1270389,"comment_status":"","ping_status":"","sticky":false,"template":"","format":"standard","meta":{"footnotes":"","_share_on_mastodon":"0"},"categories":[1841],"tags":[1605,262390,3364,29,29213,30,262389,262391,139350,262393,262394,1209,22054,143594,262392,3724],"class_list":["post-1270388","post","type-post","status-publish","format-standard","has-post-thumbnail","category-bielefeld","tag-bielefeld","tag-bielefelder-tg","tag-de","tag-deutschland","tag-florian-bochert","tag-germany","tag-grafschaftslauf","tag-jagdschloss-holte","tag-kaunitz","tag-kiara-nahen","tag-lc-paderborn","tag-nordrhein-westfalen","tag-rietberg","tag-schloss-holte","tag-thorsten-noethling","tag-verl"],"share_on_mastodon":{"url":"https:\/\/pubeurope.com\/@de\/117186248590095892","error":""},"_links":{"self":[{"href":"https:\/\/www.europesays.com\/de\/wp-json\/wp\/v2\/posts\/1270388","targetHints":{"allow":["GET"]}}],"collection":[{"href":"https:\/\/www.europesays.com\/de\/wp-json\/wp\/v2\/posts"}],"about":[{"href":"https:\/\/www.europesays.com\/de\/wp-json\/wp\/v2\/types\/post"}],"author":[{"embeddable":true,"href":"https:\/\/www.europesays.com\/de\/wp-json\/wp\/v2\/users\/2"}],"replies":[{"embeddable":true,"href":"https:\/\/www.europesays.com\/de\/wp-json\/wp\/v2\/comments?post=1270388"}],"version-history":[{"count":0,"href":"https:\/\/www.europesays.com\/de\/wp-json\/wp\/v2\/posts\/1270388\/revisions"}],"wp:featuredmedia":[{"embeddable":true,"href":"https:\/\/www.europesays.com\/de\/wp-json\/wp\/v2\/media\/1270389"}],"wp:attachment":[{"href":"https:\/\/www.europesays.com\/de\/wp-json\/wp\/v2\/media?parent=1270388"}],"wp:term":[{"taxonomy":"category","embeddable":true,"href":"https:\/\/www.europesays.com\/de\/wp-json\/wp\/v2\/categories?post=1270388"},{"taxonomy":"post_tag","embeddable":true,"href":"https:\/\/www.europesays.com\/de\/wp-json\/wp\/v2\/tags?post=1270388"}],"curies":[{"name":"wp","href":"https:\/\/api.w.org\/{rel}","templated":true}]}}