{"id":1270393,"date":"2026-08-30T20:05:13","date_gmt":"2026-08-30T20:05:13","guid":{"rendered":"https:\/\/www.europesays.com\/de\/1270393\/"},"modified":"2026-08-30T20:05:13","modified_gmt":"2026-08-30T20:05:13","slug":"torhungriger-tsv-beyenburg-ueberrollt-auch-aufsteiger-wuppertaler-sv-ii","status":"publish","type":"post","link":"https:\/\/www.europesays.com\/de\/1270393\/","title":{"rendered":"Torhungriger TSV Beyenburg \u00fcberrollt auch Aufsteiger Wuppertaler SV II"},"content":{"rendered":"<p class=\"text_ohne_einzug richtext text-em-55 !leading-serif mx-6 desktop:mx-0\"><strong class=\"font-bold dark:text-white-solid\">Wuppertaler SV II &#8211; TSV Beyenburg 1:10 (0:2).<\/strong> 30 Tore nach drei Partien \u2013 &#8211; der TSV Beyenburg hat scheinbar so richtig Bock, es vor dem gegnerischen Geh\u00e4use regelm\u00e4\u00dfig krachen zu lassen. Das von einigen Trainern vor der Saison als \u201eGeheimfavorit&#8220; gehandelte Team von der Albertsh\u00f6he fuhr auf dem Nocken gegen einen im zweiten Durchgang sehr schwachen WSV einenungef\u00e4hrderten und auch in dieser H\u00f6he absolut verdienten Sieg ein.<\/p>\n","protected":false},"excerpt":{"rendered":"Wuppertaler SV II &#8211; TSV Beyenburg 1:10 (0:2). 30 Tore nach drei Partien \u2013 &#8211; der TSV Beyenburg&hellip;\n","protected":false},"author":2,"featured_media":1270394,"comment_status":"","ping_status":"","sticky":false,"template":"","format":"standard","meta":{"footnotes":"","_share_on_mastodon":"0"},"categories":[1840],"tags":[24128,3364,29,1221,30,44527,20567,217536,3480,1209,55091,5725,45948,41674,59439,26081,5843,262395,10084,12483,6227,4418,18312],"class_list":["post-1270393","post","type-post","status-publish","format-standard","has-post-thumbnail","category-wuppertal","tag-beyenburg","tag-de","tag-deutschland","tag-gaeste","tag-germany","tag-hellas","tag-linde-wuppertal","tag-linder","tag-minuten","tag-nordrhein-westfalen","tag-offensivspieler","tag-spiel","tag-spielanteile","tag-spielaufbau","tag-spielerisch","tag-spielkontrolle","tag-trainer","tag-trainerkollege","tag-trainerteam","tag-tsv","tag-wsv","tag-wuppertal","tag-zweiten"],"share_on_mastodon":{"url":"https:\/\/pubeurope.com\/@de\/117186260155868366","error":""},"_links":{"self":[{"href":"https:\/\/www.europesays.com\/de\/wp-json\/wp\/v2\/posts\/1270393","targetHints":{"allow":["GET"]}}],"collection":[{"href":"https:\/\/www.europesays.com\/de\/wp-json\/wp\/v2\/posts"}],"about":[{"href":"https:\/\/www.europesays.com\/de\/wp-json\/wp\/v2\/types\/post"}],"author":[{"embeddable":true,"href":"https:\/\/www.europesays.com\/de\/wp-json\/wp\/v2\/users\/2"}],"replies":[{"embeddable":true,"href":"https:\/\/www.europesays.com\/de\/wp-json\/wp\/v2\/comments?post=1270393"}],"version-history":[{"count":0,"href":"https:\/\/www.europesays.com\/de\/wp-json\/wp\/v2\/posts\/1270393\/revisions"}],"wp:featuredmedia":[{"embeddable":true,"href":"https:\/\/www.europesays.com\/de\/wp-json\/wp\/v2\/media\/1270394"}],"wp:attachment":[{"href":"https:\/\/www.europesays.com\/de\/wp-json\/wp\/v2\/media?parent=1270393"}],"wp:term":[{"taxonomy":"category","embeddable":true,"href":"https:\/\/www.europesays.com\/de\/wp-json\/wp\/v2\/categories?post=1270393"},{"taxonomy":"post_tag","embeddable":true,"href":"https:\/\/www.europesays.com\/de\/wp-json\/wp\/v2\/tags?post=1270393"}],"curies":[{"name":"wp","href":"https:\/\/api.w.org\/{rel}","templated":true}]}}