{"id":1270401,"date":"2026-08-30T20:12:28","date_gmt":"2026-08-30T20:12:28","guid":{"rendered":"https:\/\/www.europesays.com\/de\/1270401\/"},"modified":"2026-08-30T20:12:28","modified_gmt":"2026-08-30T20:12:28","slug":"rechtsextremer-blogger-usa-schieben-milo-yiannopoulos-nach-grossbritannien-ab","status":"publish","type":"post","link":"https:\/\/www.europesays.com\/de\/1270401\/","title":{"rendered":"Rechtsextremer Blogger: USA schieben Milo Yiannopoulos nach Gro\u00dfbritannien ab"},"content":{"rendered":"<p class=\"tspCJpg tspCJph\">Der rechtsextreme Blogger Milo Yiannopoulos ist von der US-Migrationsbeh\u00f6rde ICE au\u00dfer Landes gebracht worden. Er sei am Freitag (Ortszeit) in sein Heimatland, das Vereinigte K\u00f6nigreich, abgeschoben worden, teilte ein Sprecher des US-Heimatschutzministeriums der Deutschen Presse-Agentur mit. ICE-Beamte hatten Yiannopoulos am Flughafen New Orleans (US-Bundesstaat Louisiana) in Gewahrsam genommen, weil er sein Aufenthaltsrecht \u00fcberschritten hatte.<\/p>\n<p class=\"tspCJpg\">Den Angaben nach war Yiannopoulos am 14. Mai 2019 legal \u00fcber New York in die USA eingereist. Nachdem er aber l\u00e4nger als erlaubt in den Vereinigten Staaten blieb und zudem nicht zu einer Anh\u00f6rung erschien, erteilte ein Einwanderungsrichter am 22. Juli dieses Jahres eine endg\u00fcltige Ausweisungsverf\u00fcgung.<\/p>\n<p class=\"tspCJpg\">Yiannopoulos war lange als prominentes Gesicht amerikanischer Rechtsextremisten bekannt. Der offen schwul lebende Brite verbreitete Hetze gegen Frauen, Schwarze, Eliten und Liberale.<\/p>\n<p> Yiannopoulos arbeitete auch f\u00fcr umstrittenen Rapper Ye <\/p>\n<p class=\"tspCJpg\">Erst als 2017 ein Interview kursierte, in dem er Sex zwischen M\u00e4nnern und Jungen verteidigte, kehrte ihm die Szene gro\u00dfteils den R\u00fccken: Yiannopoulos verlor seinen Buchvertrag mit dem Verlag Simon &amp; Schuster, die Conservative Political Action Conference (CPAC-Konferenz) strich ihn von der Rednerliste und das rechte Onlinemedium Breitbart News k\u00fcndigte Yiannopoulos.<\/p>\n<p class=\"tspALhv\">Empfohlener redaktioneller Inhalt<\/p>\n<p> An dieser Stelle finden Sie einen von unseren Redakteuren ausgew\u00e4hlten, externen Inhalt, der den Artikel f\u00fcr Sie mit zus\u00e4tzlichen Informationen anreichert. Sie k\u00f6nnen sich hier den externen Inhalt mit einem Klick anzeigen lassen oder wieder ausblenden. <\/p>\n<p> Externen Inhalt anzeigen <\/p>\n<p class=\"tspALh1\"> Ich bin damit einverstanden, dass mir der externe Inhalt angezeigt wird. Damit k\u00f6nnen personenbezogene Daten an Drittplattformen \u00fcbermittelt werden.  Mehr Informationen dazu erhalten Sie in den Datenschutz-Einstellungen. Diese finden Sie ganz unten auf unserer Seite im Footer, sodass Sie Ihre Einstellungen jederzeit verwalten oder widerrufen k\u00f6nnen. <\/p>\n<p class=\"tspCJpg\">Yiannopoulos war zuletzt vor allem f\u00fcr seine Verbindungen zum US-Rapper Ye (zuvor Kanye West), bekannt, wie das Promi-Portal TMZ zu dem Fall berichtete. Er habe fast zwei Jahre lang f\u00fcr ihn gearbeitet, bevor die beiden 2024 ihre Zusammenarbeit aufk\u00fcndigten.<\/p>\n<p class=\"tspCJpg\">Im vergangenen Jahr hatte Yiannopoulos sich auf X positiv zur Migrationsbeh\u00f6rde ICE ge\u00e4u\u00dfert: \u201eKalifornien braucht ICE-Kontrollpunkte an den Eing\u00e4ngen von Superm\u00e4rkten, Tankstellen, Einkaufszentren, Kreuzungen und Regierungsgeb\u00e4uden\u201c, schrieb er damals. Jeder, der an den Kontrollpunkten nicht nachweisen k\u00f6nne, dass er sich rechtm\u00e4\u00dfig in den USA aufh\u00e4lt, solle \u201esofort abgeschoben\u201c werden. (dpa)<\/p>\n","protected":false},"excerpt":{"rendered":"Der rechtsextreme Blogger Milo Yiannopoulos ist von der US-Migrationsbeh\u00f6rde ICE au\u00dfer Landes gebracht worden. Er sei am Freitag&hellip;\n","protected":false},"author":2,"featured_media":1270402,"comment_status":"","ping_status":"","sticky":false,"template":"","format":"standard","meta":{"footnotes":"","_share_on_mastodon":"0"},"categories":[3977],"tags":[331,332,551,13,14,944,15,12,4017,4018,4016,64,4019,4020],"class_list":["post-1270401","post","type-post","status-publish","format-standard","has-post-thumbnail","category-usa","tag-aktuelle-nachrichten","tag-aktuelle-news","tag-grossbritannien","tag-headlines","tag-nachrichten","tag-new-york","tag-news","tag-schlagzeilen","tag-united-states","tag-united-states-of-america","tag-us","tag-usa","tag-vereinigte-staaten","tag-vereinigte-staaten-von-amerika"],"share_on_mastodon":{"url":"https:\/\/pubeurope.com\/@de\/117186287886309424","error":""},"_links":{"self":[{"href":"https:\/\/www.europesays.com\/de\/wp-json\/wp\/v2\/posts\/1270401","targetHints":{"allow":["GET"]}}],"collection":[{"href":"https:\/\/www.europesays.com\/de\/wp-json\/wp\/v2\/posts"}],"about":[{"href":"https:\/\/www.europesays.com\/de\/wp-json\/wp\/v2\/types\/post"}],"author":[{"embeddable":true,"href":"https:\/\/www.europesays.com\/de\/wp-json\/wp\/v2\/users\/2"}],"replies":[{"embeddable":true,"href":"https:\/\/www.europesays.com\/de\/wp-json\/wp\/v2\/comments?post=1270401"}],"version-history":[{"count":0,"href":"https:\/\/www.europesays.com\/de\/wp-json\/wp\/v2\/posts\/1270401\/revisions"}],"wp:featuredmedia":[{"embeddable":true,"href":"https:\/\/www.europesays.com\/de\/wp-json\/wp\/v2\/media\/1270402"}],"wp:attachment":[{"href":"https:\/\/www.europesays.com\/de\/wp-json\/wp\/v2\/media?parent=1270401"}],"wp:term":[{"taxonomy":"category","embeddable":true,"href":"https:\/\/www.europesays.com\/de\/wp-json\/wp\/v2\/categories?post=1270401"},{"taxonomy":"post_tag","embeddable":true,"href":"https:\/\/www.europesays.com\/de\/wp-json\/wp\/v2\/tags?post=1270401"}],"curies":[{"name":"wp","href":"https:\/\/api.w.org\/{rel}","templated":true}]}}