{"id":1270405,"date":"2026-08-30T20:14:15","date_gmt":"2026-08-30T20:14:15","guid":{"rendered":"https:\/\/www.europesays.com\/de\/1270405\/"},"modified":"2026-08-30T20:14:15","modified_gmt":"2026-08-30T20:14:15","slug":"edouard-philippe-frankreichs-ex-premier-will-konservative-in-neuem-buendnis-einen","status":"publish","type":"post","link":"https:\/\/www.europesays.com\/de\/1270405\/","title":{"rendered":"Edouard Philippe: Frankreichs Ex-Premier will Konservative in neuem B\u00fcndnis einen"},"content":{"rendered":"<p class=\"paragraph article__item\">Der <a href=\"https:\/\/www.zeit.de\/thema\/frankreich\" target=\"_blank\" rel=\"nofollow noopener\">franz\u00f6sische<\/a> Mitte-Rechts-Kandidat \u00c9douard Philippe hat f\u00fcr ein neues Wahlb\u00fcndnis oder eine neue Partei geworben. Damit will er die konservativen Kr\u00e4fte vor der Pr\u00e4sidentschaftswahl im Fr\u00fchjahr 2027 zusammenf\u00fchren.\n<\/p>\n<p class=\"paragraph article__item\">Es gehe darum, \u00bbdie neue Partei oder den neuen Parteienverbund zu schmieden, der es allen, die ihre Kr\u00e4fte im Dienste des Landes b\u00fcndeln wollen, erm\u00f6glicht, gemeinsam zu regieren\u00ab, sagte der Vorsitzende der Partei Horizons bei einer Veranstaltung im nordfranz\u00f6sischen Tourcoing.\n<\/p>\n<p>                                    Gemeinsamer Kandidat f\u00fcr jeden Wahlkreis            <\/p>\n<p class=\"paragraph article__item\">Bei der auf die Pr\u00e4sidentschaftswahl folgenden Parlamentswahl soll demnach in jedem Wahlkreis ein gemeinsamer Kandidat des Mitte-Rechts-Lagers antreten. Die Bewerber sollten \u00bbunter einem gemeinsamen Banner\u00ab kandidieren, um nach der Wahl eine Mehrheit in der Nationalversammlung zu bilden.\n<\/p>\n<p class=\"paragraph article__item\">Die Parteien m\u00fcssten sich zusammenschlie\u00dfen, damit <a class=\"rtr-entity\" href=\"https:\/\/www.zeit.de\/thema\/frankreich\" rel=\"nofollow noopener\" target=\"_blank\">Frankreich<\/a> weder in Richtung des sogenannten \u00bbneuen Frankreichs\u00ab der linkspopulistischen Partei La France Insoumise noch in Richtung des nationalistischen und identit\u00e4tsbasierten Populismus von <a href=\"https:\/\/www.zeit.de\/politik\/ausland\/2026-07\/deutsch-franzoesicher-ministerrat-beziehung-europa-le-pen\/\" target=\"_blank\" rel=\"nofollow noopener\">Marine Le Pen<\/a> abdrifte, sagte Philippe.\n<\/p>\n<p class=\"paragraph article__item\">Umfragen zufolge liegt Le Pen mit Blick auf die Pr\u00e4sidentschaftswahl im kommenden Fr\u00fchjahr klar vorn. Philippe gilt als aussichtsreichster Kandidat der Konservativen. Aktuelle Erhebungen deuten allerdings auf eine m\u00f6gliche Stichwahl zwischen Le Pen und dem Gr\u00fcnder von La France Insoumise, Jean-Luc M\u00e9lenchon, hin.\n<\/p>\n<p>            Justizminister Darmanin unterst\u00fctzt Philippe            <\/p>\n<p class=\"paragraph article__item\">Die franz\u00f6sische Pr\u00e4sidentschaftswahl soll am 18. April und am 2. Mai 2027 stattfinden. Amtsinhaber <a href=\"https:\/\/www.zeit.de\/politik\/ausland\/2026-02\/emmanuel-macron-europa-5vor8\" target=\"_blank\" rel=\"nofollow noopener\">Emmanuel Macron<\/a> darf nach zwei Amtszeiten nicht unmittelbar erneut kandidieren. Justizminister G\u00e9rald Darmanin hatte vor zwei Wochen seine Unterst\u00fctzung f\u00fcr Philippe angek\u00fcndigt und eigene Ambitionen auf das Pr\u00e4sidentenamt aufgegeben.\n<\/p>\n<p class=\"paragraph article__item\">Philippe sei \u00bbder Einzige, der gewinnen kann\u00ab und auch der Einzige, \u00bbder eine parlamentarische Mehrheit in der Nationalversammlung erreichen kann\u00ab, sagte Darmanin.\n<\/p>\n<p>Mehr zum Thema<\/p>\n<p>                <a href=\"https:\/\/www.zeit.de\/politik\/ausland\/2026-08\/frankreich-raphael-glucksmann-kandidatur-politische-linke-mitte\" data-ct-label=\"Frankreich: Der Mann, der Frankreich vor den Radikalen retten will\" data-uuid=\"8606bd89-f7c2-4aff-958f-7a08580de979\" rel=\"nofollow noopener\" target=\"_blank\"><\/p>\n<p>                        Frankreich:<br \/>\n                        Der Mann, der Frankreich vor den Radikalen retten will<\/p>\n<p>                <\/a><\/p>\n<p>                <a href=\"https:\/\/www.zeit.de\/politik\/ausland\/2026-08\/praesidentschaftswahl-frankreich-2027-wahlkampf-erfahrung-marine-le-pen\" data-ct-label=\"Pr\u00e4sidentschaftswahl in Frankreich: Wieviel Erfahrung schadet in der Politik?\" data-uuid=\"371b1346-7c1e-40d6-8f79-4bee147afd89\" rel=\"nofollow noopener\" target=\"_blank\"><\/p>\n<p>                        Pr\u00e4sidentschaftswahl in Frankreich:<br \/>\n                        Wieviel Erfahrung schadet in der Politik?<\/p>\n<p>                <\/a><\/p>\n<p>                <a href=\"https:\/\/www.zeit.de\/feuilleton\/literatur\/2026-05\/vincent-bollore-verlag-grasset-kulturkampf-frankreich\" data-ct-label=\"Vincent Bollor\u00e9: Der alte Katholizismus will Frankreich zur\u00fcckhaben\" data-uuid=\"0191144a-8396-46bc-a559-f8b69998a73d\" rel=\"nofollow noopener\" target=\"_blank\"><\/p>\n<p>                        Vincent Bollor\u00e9:<br \/>\n                        Der alte Katholizismus will Frankreich zur\u00fcckhaben<\/p>\n<p>                <\/a><\/p>\n","protected":false},"excerpt":{"rendered":"Der franz\u00f6sische Mitte-Rechts-Kandidat \u00c9douard Philippe hat f\u00fcr ein neues Wahlb\u00fcndnis oder eine neue Partei geworben. Damit will er&hellip;\n","protected":false},"author":2,"featured_media":1270406,"comment_status":"","ping_status":"","sticky":false,"template":"","format":"standard","meta":{"footnotes":"","_share_on_mastodon":"0"},"categories":[3974],"tags":[331,332,107304,262396,548,663,3934,3980,156,13,14,15,16,5163,12],"class_list":["post-1270405","post","type-post","status-publish","format-standard","has-post-thumbnail","category-frankreich","tag-aktuelle-nachrichten","tag-aktuelle-news","tag-edouard-philippe","tag-edouard-philippe-frankreich","tag-eu","tag-europa","tag-europe","tag-france","tag-frankreich","tag-headlines","tag-nachrichten","tag-news","tag-politik","tag-praesidentschaftswahl","tag-schlagzeilen"],"share_on_mastodon":{"url":"https:\/\/pubeurope.com\/@de\/117186295466268386","error":""},"_links":{"self":[{"href":"https:\/\/www.europesays.com\/de\/wp-json\/wp\/v2\/posts\/1270405","targetHints":{"allow":["GET"]}}],"collection":[{"href":"https:\/\/www.europesays.com\/de\/wp-json\/wp\/v2\/posts"}],"about":[{"href":"https:\/\/www.europesays.com\/de\/wp-json\/wp\/v2\/types\/post"}],"author":[{"embeddable":true,"href":"https:\/\/www.europesays.com\/de\/wp-json\/wp\/v2\/users\/2"}],"replies":[{"embeddable":true,"href":"https:\/\/www.europesays.com\/de\/wp-json\/wp\/v2\/comments?post=1270405"}],"version-history":[{"count":0,"href":"https:\/\/www.europesays.com\/de\/wp-json\/wp\/v2\/posts\/1270405\/revisions"}],"wp:featuredmedia":[{"embeddable":true,"href":"https:\/\/www.europesays.com\/de\/wp-json\/wp\/v2\/media\/1270406"}],"wp:attachment":[{"href":"https:\/\/www.europesays.com\/de\/wp-json\/wp\/v2\/media?parent=1270405"}],"wp:term":[{"taxonomy":"category","embeddable":true,"href":"https:\/\/www.europesays.com\/de\/wp-json\/wp\/v2\/categories?post=1270405"},{"taxonomy":"post_tag","embeddable":true,"href":"https:\/\/www.europesays.com\/de\/wp-json\/wp\/v2\/tags?post=1270405"}],"curies":[{"name":"wp","href":"https:\/\/api.w.org\/{rel}","templated":true}]}}