{"id":127042,"date":"2025-05-21T03:14:18","date_gmt":"2025-05-21T03:14:18","guid":{"rendered":"https:\/\/www.europesays.com\/de\/127042\/"},"modified":"2025-05-21T03:14:18","modified_gmt":"2025-05-21T03:14:18","slug":"urteil-in-heidelberg-mutter-hat-dem-eigenen-kind-keime-injiziert-panorama","status":"publish","type":"post","link":"https:\/\/www.europesays.com\/de\/127042\/","title":{"rendered":"Urteil in Heidelberg: Mutter hat dem eigenen Kind Keime injiziert &#8211; Panorama"},"content":{"rendered":"<p data-manual=\"paragraph\" data-schema-org-speakable=\"true\" class=\"css-4bdi0k\">Der Zweifel kam schleichend. Damals, im Sommer 2023, nachdem das M\u00e4dchen, drei Jahre alt, ins Klinikum <a href=\"https:\/\/www.sueddeutsche.de\/thema\/Heidelberg\" target=\"_blank\" rel=\"noopener\">Heidelberg<\/a> eingeliefert wurde. Mia (Name von der Redaktion ge\u00e4ndert) war ein aufgewecktes Kind, das drau\u00dfen \u00fcber die Sitzb\u00e4nke lief, wenn es ihm gut ging. Doch oft ging es ihm gar nicht gut, dann zitterte es und war sehr blass. Es litt an heftigen Fiebersch\u00fcben und Anf\u00e4llen von Sch\u00fcttelfrost, immer wieder, \u00fcber sieben Wochen hinweg. Die \u00c4rzte fanden keine Ursache, waren ratlos, denn Mia durchlief etliche Therapien und wurde aufwendig untersucht. Bis den \u00c4rztinnen und Pflegern ein Verdacht kam.<\/p>\n","protected":false},"excerpt":{"rendered":"Der Zweifel kam schleichend. Damals, im Sommer 2023, nachdem das M\u00e4dchen, drei Jahre alt, ins Klinikum Heidelberg eingeliefert&hellip;\n","protected":false},"author":2,"featured_media":127043,"comment_status":"","ping_status":"","sticky":false,"template":"","format":"standard","meta":{"footnotes":""},"categories":[2],"tags":[1634,29,553,13690,30,13,2476,14,15,1974,45319,13353,12,149,10,8,9,11],"class_list":{"0":"post-127042","1":"post","2":"type-post","3":"status-publish","4":"format-standard","5":"has-post-thumbnail","7":"category-deutschland","8":"tag-baden-wuerttemberg","9":"tag-deutschland","10":"tag-familie","11":"tag-gerichtsprozesse","12":"tag-germany","13":"tag-headlines","14":"tag-heidelberg","15":"tag-nachrichten","16":"tag-news","17":"tag-panorama","18":"tag-psychische-erkrankungen","19":"tag-psychologie","20":"tag-schlagzeilen","21":"tag-sueddeutsche-zeitung","22":"tag-top-news","23":"tag-top-meldungen","24":"tag-topmeldungen","25":"tag-topnews"},"share_on_mastodon":{"url":"https:\/\/pubeurope.com\/@de\/114543648485548661","error":""},"_links":{"self":[{"href":"https:\/\/www.europesays.com\/de\/wp-json\/wp\/v2\/posts\/127042","targetHints":{"allow":["GET"]}}],"collection":[{"href":"https:\/\/www.europesays.com\/de\/wp-json\/wp\/v2\/posts"}],"about":[{"href":"https:\/\/www.europesays.com\/de\/wp-json\/wp\/v2\/types\/post"}],"author":[{"embeddable":true,"href":"https:\/\/www.europesays.com\/de\/wp-json\/wp\/v2\/users\/2"}],"replies":[{"embeddable":true,"href":"https:\/\/www.europesays.com\/de\/wp-json\/wp\/v2\/comments?post=127042"}],"version-history":[{"count":0,"href":"https:\/\/www.europesays.com\/de\/wp-json\/wp\/v2\/posts\/127042\/revisions"}],"wp:featuredmedia":[{"embeddable":true,"href":"https:\/\/www.europesays.com\/de\/wp-json\/wp\/v2\/media\/127043"}],"wp:attachment":[{"href":"https:\/\/www.europesays.com\/de\/wp-json\/wp\/v2\/media?parent=127042"}],"wp:term":[{"taxonomy":"category","embeddable":true,"href":"https:\/\/www.europesays.com\/de\/wp-json\/wp\/v2\/categories?post=127042"},{"taxonomy":"post_tag","embeddable":true,"href":"https:\/\/www.europesays.com\/de\/wp-json\/wp\/v2\/tags?post=127042"}],"curies":[{"name":"wp","href":"https:\/\/api.w.org\/{rel}","templated":true}]}}