{"id":1270432,"date":"2026-08-30T20:35:24","date_gmt":"2026-08-30T20:35:24","guid":{"rendered":"https:\/\/www.europesays.com\/de\/1270432\/"},"modified":"2026-08-30T20:35:24","modified_gmt":"2026-08-30T20:35:24","slug":"kita-gebuehren-in-dresden-steigen-so-viel-zahlen-eltern-ab-1-september","status":"publish","type":"post","link":"https:\/\/www.europesays.com\/de\/1270432\/","title":{"rendered":"Kita-Geb\u00fchren in Dresden steigen: So viel zahlen Eltern ab 1. September"},"content":{"rendered":"<p>Zum 1. September <\/p>\n<p>Kita-Geb\u00fchren in Dresden steigen: Das m\u00fcssen Eltern bald zahlen<\/p>\n<p>Aktualisiert am 30.08.2026 &#8211; 19:30 UhrLesedauer: 2 Min.<\/p>\n<p><a href=\"#focus-0\" class=\"transition-colors block text-current relative\" data-sctrack=\"FocusGalleryImage.Reference\"><img fetchpriority=\"high\" data-testid=\"Opener.Image\"   loading=\"eager\" src=\"https:\/\/www.europesays.com\/de\/wp-content\/uploads\/2026\/08\/kinder-spielen-zusammen-in-der-kita-symbolbild-der-hamburger-kita-traeger-kidspace-hat-insolvenz-ang.jpeg\" alt=\"Kinder spielen zusammen in der Kita (Symbolbild): Der Hamburger Kita-Tr\u00e4ger Kidspace hat Insolvenz angemeldet.\" title=\"Kinder spielen zusammen in der Kita (Symbolbild): Der Hamburger Kita-Tr\u00e4ger Kidspace hat Insolvenz angemeldet.\" width=\"4000\" height=\"2250\" class=\"bg-[url:var(--lqipURL)] bg-cover bg-center flex h-full w-full max-w-full\" style=\"--lqipURL:url('https:\/\/images.t-online.de\/2026\/04\/ZCLdGP09KS56\/0x80:4000x2250\/fit-in\/150x0\/filters:blur(25)\/kinder-spielen-zusammen-in-der-kita-symbolbild-der-hamburger-kita-traeger-kidspace-hat-insolvenz-angemeldet.jpg')\" decoding=\"async\"\/><img loading=\"lazy\" src=\"https:\/\/dresden.t-online.de\/s\/paper\/_next\/static\/media\/zoom-in.f7dae02f.svg\" alt=\"Vergr\u00f6\u00dfern des Bildes\" title=\"Vergr\u00f6\u00dfern des Bildes\" class=\"block h-[calc(var(--height)_\/_16_*_1rem)] w-[calc(var(--width)_\/_16_*_1rem)] max-w-none absolute right-8 bottom-8 rounded-4 bg-snow p-8\" style=\"--width:32;--height:32\" decoding=\"async\"\/><\/a><\/p>\n<p>Kinder spielen zusammen in der Kita (Symbolbild): Die Geb\u00fchren f\u00fcr die Betreuung von Kindern in Dresden steigen im September. (Quelle: IMAGO \/ Frank Sorge)<\/p>\n<p><img loading=\"lazy\" src=\"https:\/\/dresden.t-online.de\/s\/paper\/_next\/static\/media\/audio-volume.6689034c.svg\" alt=\"\" title=\"\" class=\"block h-[calc(var(--height)_\/_16_*_1rem)] w-[calc(var(--width)_\/_16_*_1rem)] max-w-none group-hover:brightness-0 group-hover:invert\" style=\"--width:16;--height:16\" decoding=\"async\"\/>Vorlesen<\/p>\n<p>Aktuelle Zeit:0:00Gesamtdauer:0:00<\/p>\n<p>1x<img loading=\"lazy\" src=\"https:\/\/dresden.t-online.de\/s\/paper\/_next\/static\/media\/font-sizes.32942e33.svg\" alt=\"\" title=\"\" class=\"block h-[calc(var(--height)_\/_16_*_1rem)] w-[calc(var(--width)_\/_16_*_1rem)] max-w-none group-hover:hidden group-aria-expanded:hidden\" style=\"--width:16;--height:16\" decoding=\"async\"\/><img loading=\"lazy\" src=\"https:\/\/dresden.t-online.de\/s\/paper\/_next\/static\/media\/font-sizes-dark-mode.e382645c.svg\" alt=\"\" title=\"\" class=\"block h-[calc(var(--height)_\/_16_*_1rem)] w-[calc(var(--width)_\/_16_*_1rem)] max-w-none hidden group-hover:block group-aria-expanded:block\" style=\"--width:16;--height:16\" decoding=\"async\"\/><img loading=\"lazy\" src=\"https:\/\/dresden.t-online.de\/s\/paper\/_next\/static\/media\/sharing-menu-icon.1eb71368.svg\" alt=\"\" title=\"\" class=\"block h-[calc(var(--height)_\/_16_*_1rem)] w-[calc(var(--width)_\/_16_*_1rem)] max-w-none group-hover:brightness-0 group-hover:invert\" style=\"--width:16;--height:16\" decoding=\"async\"\/>Artikel teilen<\/p>\n<p class=\"font-bold text-18 leading-17 user-text-lg:text-22 user-text-xl:text-24\">Die Betreuung in den Kitas und Horten der Stadt wird teurer: Wie viel Eltern k\u00fcnftig zahlen m\u00fcssen und warum die Erh\u00f6hung nicht alle gleicherma\u00dfen trifft.<\/p>\n<p class=\"text-18 leading-17 user-text-lg:text-22 user-text-xl:text-24\">Ab dem 1. September 2026 steigen in Dresden die Elternbeitr\u00e4ge f\u00fcr Kitas, Horte und Kindertagespflege. Das teilt die Landeshauptstadt Dresden mit. Grund der Erh\u00f6hung sind demnach stark gestiegene Personal- und Sachkosten der Dresdner Einrichtungen. <\/p>\n<p class=\"text-18 leading-17 user-text-lg:text-22 user-text-xl:text-24\">Je nach Betreuungsform zahlen Eltern k\u00fcnftig zwischen 4,3 und 7,3 Prozent mehr. F\u00fcr einen Krippenplatz oder Kindertagespflege steigt der monatliche Beitrag bei einer Betreuung von neun Stunden von 268,75 auf 280,19 Euro \u2013 ein Plus von 11,44 Euro. Im Kindergarten erh\u00f6ht sich der Betrag bei neun Stunden Betreuung um 15,65 Euro auf 231,40 Euro. F\u00fcr den Hort sowie den Hort an F\u00f6rderschulen steigt der Beitrag bei sechs Stunden Betreuungszeit um 6,31 Euro auf 125,43 Euro. Zus\u00e4tzlich zum Elternbeitrag m\u00fcssen Eltern f\u00fcr die Mahlzeiten in der Kindertageseinrichtung und der Kindertagespflege ein Essensgeld zahlen.<\/p>\n<p class=\"text-18 leading-17 user-text-lg:text-22 user-text-xl:text-24\">Seit September 2022 schreibt die Elternbeitragssatzung vor, die Beitr\u00e4ge j\u00e4hrlich zum 1. September anhand der Betriebskosten des Vorjahres neu zu berechnen. Den vom Stadtrat beschlossenen, schrittweise sinkenden Bemessungssatz hat die Stadt dabei bereits eingerechnet. <\/p>\n<p>Kita-Geb\u00fchren: Diese Eltern zahlen weniger<\/p>\n<p class=\"text-18 leading-17 user-text-lg:text-22 user-text-xl:text-24\">Nicht alle Familien tragen die Mehrkosten gleich. Wer zwei Kinder gleichzeitig in einer Einrichtung betreut, zahlt f\u00fcr das zweite Kind nur 60 Prozent des regul\u00e4ren Beitrags. Alleinerziehende erhalten zehn Prozent Nachlass \u2013 f\u00fcr ihr erstes Kind also 90 Prozent, f\u00fcr das zweite 50 Prozent. Ab dem dritten Kind entf\u00e4llt der Beitrag vollst\u00e4ndig. <\/p>\n<p class=\"text-18 leading-17 user-text-lg:text-22 user-text-xl:text-24\">Wer Sozialleistungen bezieht oder wenig verdient, kann au\u00dferdem eine Erm\u00e4\u00dfigung oder einen vollst\u00e4ndigen Erlass beantragen. Daf\u00fcr muss ein Antrag gestellt werden.<\/p>\n","protected":false},"excerpt":{"rendered":"Zum 1. September Kita-Geb\u00fchren in Dresden steigen: Das m\u00fcssen Eltern bald zahlen Aktualisiert am 30.08.2026 &#8211; 19:30 UhrLesedauer:&hellip;\n","protected":false},"author":2,"featured_media":1270433,"comment_status":"","ping_status":"","sticky":false,"template":"","format":"standard","meta":{"footnotes":"","_share_on_mastodon":"0"},"categories":[1835],"tags":[722,17161,3364,29,2386,30,70045,1460,2818,43713,3491,859],"class_list":["post-1270432","post","type-post","status-publish","format-standard","has-post-thumbnail","category-dresden","tag-722","tag-17161","tag-de","tag-deutschland","tag-dresden","tag-germany","tag-hort","tag-kind","tag-kindergarten","tag-kindertagespflege","tag-kita","tag-sachsen"],"share_on_mastodon":{"url":"","error":""},"_links":{"self":[{"href":"https:\/\/www.europesays.com\/de\/wp-json\/wp\/v2\/posts\/1270432","targetHints":{"allow":["GET"]}}],"collection":[{"href":"https:\/\/www.europesays.com\/de\/wp-json\/wp\/v2\/posts"}],"about":[{"href":"https:\/\/www.europesays.com\/de\/wp-json\/wp\/v2\/types\/post"}],"author":[{"embeddable":true,"href":"https:\/\/www.europesays.com\/de\/wp-json\/wp\/v2\/users\/2"}],"replies":[{"embeddable":true,"href":"https:\/\/www.europesays.com\/de\/wp-json\/wp\/v2\/comments?post=1270432"}],"version-history":[{"count":0,"href":"https:\/\/www.europesays.com\/de\/wp-json\/wp\/v2\/posts\/1270432\/revisions"}],"wp:featuredmedia":[{"embeddable":true,"href":"https:\/\/www.europesays.com\/de\/wp-json\/wp\/v2\/media\/1270433"}],"wp:attachment":[{"href":"https:\/\/www.europesays.com\/de\/wp-json\/wp\/v2\/media?parent=1270432"}],"wp:term":[{"taxonomy":"category","embeddable":true,"href":"https:\/\/www.europesays.com\/de\/wp-json\/wp\/v2\/categories?post=1270432"},{"taxonomy":"post_tag","embeddable":true,"href":"https:\/\/www.europesays.com\/de\/wp-json\/wp\/v2\/tags?post=1270432"}],"curies":[{"name":"wp","href":"https:\/\/api.w.org\/{rel}","templated":true}]}}