{"id":1270464,"date":"2026-08-30T20:56:28","date_gmt":"2026-08-30T20:56:28","guid":{"rendered":"https:\/\/www.europesays.com\/de\/1270464\/"},"modified":"2026-08-30T20:56:28","modified_gmt":"2026-08-30T20:56:28","slug":"david-otto-ueberragt-viktoria-koeln-feiert-klaren-heimsieg-gegen-muenster","status":"publish","type":"post","link":"https:\/\/www.europesays.com\/de\/1270464\/","title":{"rendered":"David Otto \u00fcberragt: Viktoria K\u00f6ln feiert klaren Heimsieg gegen M\u00fcnster"},"content":{"rendered":"<p>            <img loading=\"lazy\" decoding=\"async\" class=\"ts-image\" src=\"https:\/\/www.europesays.com\/de\/wp-content\/uploads\/2026\/08\/wdr-david-otto-und-niklas-castelle-bejubeln-das-tor-100.jpg\" alt=\"David Otto und Niklas Castelle bejubeln das Tor\" title=\"David Otto und Niklas Castelle bejubeln das Tor | picture alliance \/ Eibner-Pressefoto | Thomas Haesler\"\/><\/p>\n<p class=\"metatextline\">Stand: 30.08.2026 \u2022 21:21 Uhr<\/p>\n<p class=\"article-head__shorttext\">\n        <strong>Der FC Viktoria K\u00f6ln hat am 3. Spieltag der 3. Liga gegen Preu\u00dfen M\u00fcnster den zweiten Saisonsieg gefeiert.<\/strong>\n    <\/p>\n<p class=\"textabsatz m-ten m-offset-one l-eight l-offset-two columns twelve\">Im Sportpark H\u00f6henberg setzte sich die Viktoria zum Abschluss des Spieltags am Sonntagabend mit 4:1 (3:1) durch und kletterte in der Tabelle an M\u00fcnster vorbei auf Platz sechs.<\/p>\n<p class=\"textabsatz m-ten m-offset-one l-eight l-offset-two columns twelve\">Niklas Castelle (6.), David Otto (12.\/43.) und Noah Maboulou (89.) waren die entscheidenden Spieler beim Sieg der Viktoria. Der \u00fcberragende Otto war sogar an allen vier Treffern direkt beteiligt. Felix Higl (20.) gelang der zwischenzeitliche Anschlusstreffer f\u00fcr die G\u00e4ste.<\/p>\n<p class=\"textabsatz m-ten m-offset-one l-eight l-offset-two columns twelve\">Beide Trainer sahen nach den DFB-Pokalspielen, die jeweils knapp gegen Zweitligisten verloren gingen, keinen Grund f\u00fcr Ver\u00e4nderungen an ihren Anfangsformationen.<\/p>\n<p>    Otto und Castelle spielen M\u00fcnster schwindelig<\/p>\n<p class=\"textabsatz m-ten m-offset-one l-eight l-offset-two columns twelve\">Die Partie begann mit einem seltenen Kunstst\u00fcck von M\u00fcnsters Lucas Zeller, der bereits nach 30 Sekunden eine Gelbe Karte f\u00fcr ein taktisches Foul sah. Die Viktoria wiederum nutzte ihre erste Torgelegenheit der Partie, um in F\u00fchrung zu gehen. Otto spielte einen Steilpass auf Castelle, der rechts im Strafraum auftauchte und flach links unten ins Tor traf (6.). Fast w\u00e4re M\u00fcnster umgehend der Ausgleichstreffer gelungen, der Schuss von Rico Prei\u00dfinger wurde aber kurz vor der Torlinie geblockt (8.).<\/p>\n<p class=\"textabsatz m-ten m-offset-one l-eight l-offset-two columns twelve\">M\u00fcnster blieb am Dr\u00fccker und kam durch Higl (11.) und Wesley Adeh (12.) zu weiteren Abschl\u00fcssen. Doch statt des Ausgleichstreffers f\u00fcr M\u00fcnster fiel postwendend das 2:0 f\u00fcr die Viktoria. Bei einem Konter \u00fcber die rechte Seite war Castelle diesmal der Vorbereiter f\u00fcr Otto, der zentral vor dem Tor nur noch einschieben musste (12.).<\/p>\n<p>    Otto nutzt Abwehr-Aussetzer<\/p>\n<p class=\"textabsatz m-ten m-offset-one l-eight l-offset-two columns twelve\">M\u00fcnster wirkte kurz geschockt, sch\u00fcttelte sich und fand dann die passende Antwort. Higl traf mit einem flachen Schuss von au\u00dferhalb des Strafraums zum Anschlusstreffer (20.). Gut f\u00fcnf Minuten sp\u00e4ter h\u00e4tte Castelle nach starker Einzelleistung beinahe den Doppelpack geschn\u00fcrt, diesmal ging sein Flachschuss aber am Tor vorbei (26.).<\/p>\n<p class=\"textabsatz m-ten m-offset-one l-eight l-offset-two columns twelve\">Danach flachte die Partie merklich ab und es gab nur noch selten ernstzunehmende Torann\u00e4herungen. Als schon nichts mehr auf ein weiteres Tor hindeutete, schlug die Viktoria erneut zu. Otto wurde bei einer Halbfeldflanke von Tobias Eisenhuth im Strafraum str\u00e4flich alleingelassen und erzielte das 3:1 mit einem platzierten Kopfball (43.).<\/p>\n<ul class=\"buttongroup buttongroup--copytext\">\n<li class=\"buttongroup__item\">\n<p>    <a class=\"btn btn--text btn--standard-secondary btn--fullwidth\" href=\"https:\/\/1.ard.de\/wdr-sport-livestreams?de=liga3\" rel=\"nofollow noopener\" target=\"_blank\"><br \/>\n        Fu\u00dfball und Events live im WDR<\/p>\n<p>  Pfeil rechts<\/p>\n<p>    <\/a>\n<\/li>\n<li class=\"buttongroup__item\">\n<p>    <a class=\"btn btn--text btn--standard-secondary btn--fullwidth\" href=\"https:\/\/www1.wdr.de\/sport\/fussball\/dritte-liga\/dritte-liga-wdr-uebertraegt-alle-spiele-live-im-audio-oder-videostream100.html\" rel=\"nofollow noopener\" target=\"_blank\"><br \/>\n        3. Liga mit Aachen, Essen, D\u00fcsseldorf und Co. &#8211; alle NRW-Spiele live<\/p>\n<p>  Pfeil rechts<\/p>\n<p>    <\/a>\n<\/li>\n<\/ul>\n<p>    K\u00f6ln verwaltet erfolgreich die F\u00fchrung<\/p>\n<p class=\"textabsatz m-ten m-offset-one l-eight l-offset-two columns twelve\">Zum zweiten Durchgang kamen bei der Viktoria Verthomy Boboy f\u00fcr Meiko Sponsel und bei M\u00fcnster Torge Paetow f\u00fcr den verwarnten Zeller. Auf dem Platz kontrollierte zun\u00e4chst die Viktoria das Geschehen, ohne mit letzter Konsequenz auf das n\u00e4chste Tor zu gehen. Und so pl\u00e4tscherte die Partie l\u00e4ngere Zeit vor sich hin, ohne dass ein Team zu einem Abschluss kam.<\/p>\n<p class=\"textabsatz m-ten m-offset-one l-eight l-offset-two columns twelve\">Fast 20 Minuten nach Wiederanpfiff gab es tats\u00e4chlich wieder eine Torchance. Bei einer Hereingabe von rechts verpasste Otto nur knapp seinen dritten Treffer, weil Preu\u00dfen-Keeper Morten Behrens noch rechtzeitig zur Stelle war (65.). Aus dem Nichts kam auch M\u00fcnster wieder zu einer Chance, weil die Viktoria-Abwehr fahrl\u00e4ssig den Ball vert\u00e4ndelte. Higl traf allerdings das Tor nicht (69.).<\/p>\n<p>    M\u00fcnster kann K\u00f6lner Fehler nicht nutzen<\/p>\n<p class=\"textabsatz m-ten m-offset-one l-eight l-offset-two columns twelve\">Trotzdem kam M\u00fcnster noch einmal auf, auch weil sich die Viktoria einige leichtfertige Ballverluste leistete. Zun\u00e4chst ging Charalambos Markridis bei einem Konter nach einem 50-Meter-Sprint die Luft aus und er schoss \u00fcber das Tor (73.), dann verfehlte Montell Ndikom nach Ballgewinn am K\u00f6lner Strafraum nur knapp den rechten Pfosten (74.).<\/p>\n<p class=\"textabsatz m-ten m-offset-one l-eight l-offset-two columns twelve\">F\u00fcr Diskussionen sorgte eine Entscheidung des japanischen Schiedsrichters Ryo Tanimoto, der den K\u00f6lnern nach einem Foul an Eisenhuth den Vorteil wegpfiff und damit den Treffer von Noah Maboulou nicht mehr anerkennen konnte (77.).<\/p>\n<p>    Vierter Scorerpunkt f\u00fcr Otto<\/p>\n<p class=\"textabsatz m-ten m-offset-one l-eight l-offset-two columns twelve\">In der 83. Minute konnte sich erstmals an diesem Tag auch K\u00f6lns Schlussmann Arne Schulz auszeichnen, als er einen Schlenzer von Makridis mit einer ansehnlichen Parade \u00fcber die Latte lenkte. Kurz vor Schluss legte die Viktoria daf\u00fcr noch das vierte Tor nach. Bei einem Konter \u00fcber die linke Seite legte Otto quer auf Maboulou, der nur noch den Fu\u00df hinhalten musste (89.). Der Torsch\u00fctze verpasste in der Nachspielzeit noch knapp ein weiteres Tor.<\/p>\n<p>    N\u00e4chstes NRW-Duell f\u00fcr die Viktoria<\/p>\n<p class=\"textabsatz m-ten m-offset-one l-eight l-offset-two columns twelve\">F\u00fcr M\u00fcnster geht es am kommenden Samsag mit einem Heimspiel gegen den TSV Havelse weiter (14 Uhr). Viktoria K\u00f6ln ist im Anschluss bei Rot-Weiss Essen zu Gast (16.30 Uhr).<\/p>\n<p>    Unsere Quellen:<\/p>\n<ul class=\"bulletpoint-list \">\n<li>Drittliga-Partie zwischen Viktoria K\u00f6ln und Preu\u00dfen M\u00fcnster am 30.08.2026<\/li>\n<\/ul>\n<p class=\"textabsatz m-ten m-offset-one l-eight l-offset-two columns twelve\"><strong>Sendung<\/strong>: <strong>wdr.de<\/strong>, &#8222;Audiostream Viktoria K\u00f6ln gegen Preu\u00dfen M\u00fcnster&#8220;, <strong>30.08.2026<\/strong>, 19.20 Uhr<\/p>\n<ul class=\"buttongroup buttongroup--copytext\">\n<li class=\"buttongroup__item\">\n<p>    <a class=\"btn btn--text btn--standard-secondary btn--fullwidth\" href=\"https:\/\/www1.wdr.de\/sport\/fussball\/dritte-liga\/stuttgart-zwei-viktoria-koeln-spielbericht-dritte-liga-100.html\" rel=\"nofollow noopener\" target=\"_blank\"><br \/>\n        Viktoria K\u00f6ln verdient sich in Stuttgart ersten Saisonsieg<\/p>\n<p>  Pfeil rechts<\/p>\n<p>    <\/a>\n<\/li>\n<li class=\"buttongroup__item\">\n<p>    <a class=\"btn btn--text btn--standard-secondary btn--fullwidth\" href=\"https:\/\/www1.wdr.de\/sport\/fussball\/dritte-liga\/spielbericht-preussen-muenster-fc-ingolstadt-104.html\" rel=\"nofollow noopener\" target=\"_blank\"><br \/>\n        Preu\u00dfen M\u00fcnster trennt sich remis von Ingolstadt<\/p>\n<p>  Pfeil rechts<\/p>\n<p>    <\/a>\n<\/li>\n<\/ul>\n<p>                                        <a class=\"backlink__link\" href=\"https:\/\/www1.wdr.de\/sport\/fussball\/dritte-liga\/spielbericht-viktoria-koeln-preussen-muenster-100.html\" rel=\"nofollow noopener\" target=\"_blank\"><\/p>\n<p>                                                <img decoding=\"async\" src=\"https:\/\/images.sportschau.de\/image\/9ef70e2e-6dd6-4b18-afd2-7063c40e8939\/AAABlap_yqU\/AAABnR8VW9w\/original\/lra-wdr-logo-100.svg\" alt=\"Westdeutscher Rundfunk\"\/><\/p>\n<p>                                        <\/a><\/p>\n","protected":false},"excerpt":{"rendered":"Stand: 30.08.2026 \u2022 21:21 Uhr Der FC Viktoria K\u00f6ln hat am 3. Spieltag der 3. Liga gegen Preu\u00dfen&hellip;\n","protected":false},"author":2,"featured_media":1270465,"comment_status":"","ping_status":"","sticky":false,"template":"","format":"standard","meta":{"footnotes":"","_share_on_mastodon":"0"},"categories":[1828],"tags":[995,29,347,30,1420,1209,7650,16376,6921,225],"class_list":["post-1270464","post","type-post","status-publish","format-standard","has-post-thumbnail","category-koeln","tag-3-liga","tag-deutschland","tag-fussball","tag-germany","tag-koeln","tag-nordrhein-westfalen","tag-preussen-muenster","tag-sc-preussen-muenster","tag-viktoria-koeln","tag-wdr"],"share_on_mastodon":{"url":"https:\/\/pubeurope.com\/@de\/117186462410283527","error":""},"_links":{"self":[{"href":"https:\/\/www.europesays.com\/de\/wp-json\/wp\/v2\/posts\/1270464","targetHints":{"allow":["GET"]}}],"collection":[{"href":"https:\/\/www.europesays.com\/de\/wp-json\/wp\/v2\/posts"}],"about":[{"href":"https:\/\/www.europesays.com\/de\/wp-json\/wp\/v2\/types\/post"}],"author":[{"embeddable":true,"href":"https:\/\/www.europesays.com\/de\/wp-json\/wp\/v2\/users\/2"}],"replies":[{"embeddable":true,"href":"https:\/\/www.europesays.com\/de\/wp-json\/wp\/v2\/comments?post=1270464"}],"version-history":[{"count":0,"href":"https:\/\/www.europesays.com\/de\/wp-json\/wp\/v2\/posts\/1270464\/revisions"}],"wp:featuredmedia":[{"embeddable":true,"href":"https:\/\/www.europesays.com\/de\/wp-json\/wp\/v2\/media\/1270465"}],"wp:attachment":[{"href":"https:\/\/www.europesays.com\/de\/wp-json\/wp\/v2\/media?parent=1270464"}],"wp:term":[{"taxonomy":"category","embeddable":true,"href":"https:\/\/www.europesays.com\/de\/wp-json\/wp\/v2\/categories?post=1270464"},{"taxonomy":"post_tag","embeddable":true,"href":"https:\/\/www.europesays.com\/de\/wp-json\/wp\/v2\/tags?post=1270464"}],"curies":[{"name":"wp","href":"https:\/\/api.w.org\/{rel}","templated":true}]}}