{"id":1270474,"date":"2026-08-30T21:03:15","date_gmt":"2026-08-30T21:03:15","guid":{"rendered":"https:\/\/www.europesays.com\/de\/1270474\/"},"modified":"2026-08-30T21:03:15","modified_gmt":"2026-08-30T21:03:15","slug":"nach-toetung-einer-18-jaehrigen-an-brandenburger-schule-frauen-muessen-sicher-sein-wenn-sie-eine-beziehung-beenden","status":"publish","type":"post","link":"https:\/\/www.europesays.com\/de\/1270474\/","title":{"rendered":"Nach T\u00f6tung einer 18-J\u00e4hrigen an Brandenburger Schule: \u201eFrauen m\u00fcssen sicher sein, wenn sie eine Beziehung beenden\u201c"},"content":{"rendered":"<p class=\"tspCJpg tspCJph\">Nach der Bluttat an einer Schule in Brandenburg, bei der eine 18-J\u00e4hrige und ein 30-j\u00e4hriger Erzieher get\u00f6tet wurden, fordern Frauenrechtsverb\u00e4nde mehr Schutz von Frauen vor Gewalt. \u201eEine Schule als Tatort ersch\u00fcttert uns\u201c, hei\u00dft es in einem Statement des Netzwerkes der brandenburgischen Frauenh\u00e4user und der Kontaktstelle zur Umsetzung der Istanbul-Konvention. \u201eAber der Ort, an dem eine Frau get\u00f6tet wird, darf nicht dar\u00fcber hinwegt\u00e4uschen, warum Frauen besonders gef\u00e4hrdet sind und von wem diese Gefahr h\u00e4ufig ausgeht.\u201c<\/p>\n","protected":false},"excerpt":{"rendered":"Nach der Bluttat an einer Schule in Brandenburg, bei der eine 18-J\u00e4hrige und ein 30-j\u00e4hriger Erzieher get\u00f6tet wurden,&hellip;\n","protected":false},"author":2,"featured_media":1270475,"comment_status":"","ping_status":"","sticky":false,"template":"","format":"standard","meta":{"footnotes":"","_share_on_mastodon":"0"},"categories":[1816],"tags":[1960,1958,1959,1957,1956,1890,31,29,30,4850,129104,101500],"class_list":["post-1270474","post","type-post","status-publish","format-standard","has-post-thumbnail","category-brandenburg","tag-aktuelle-nachrichten-aus-berlin-und-brandenburg","tag-aktuelle-nachrichten-aus-brandenburg","tag-aktuelle-news-aus-berlin-und-brandenburg","tag-aktuelle-news-aus-brandenburg","tag-berlin-und-brandenburg","tag-brandenburg","tag-cdu","tag-deutschland","tag-germany","tag-lehrer","tag-polizei-in-potsdam","tag-schule-und-kita-in-potsdam"],"share_on_mastodon":{"url":"https:\/\/pubeurope.com\/@de\/117186488010479096","error":""},"_links":{"self":[{"href":"https:\/\/www.europesays.com\/de\/wp-json\/wp\/v2\/posts\/1270474","targetHints":{"allow":["GET"]}}],"collection":[{"href":"https:\/\/www.europesays.com\/de\/wp-json\/wp\/v2\/posts"}],"about":[{"href":"https:\/\/www.europesays.com\/de\/wp-json\/wp\/v2\/types\/post"}],"author":[{"embeddable":true,"href":"https:\/\/www.europesays.com\/de\/wp-json\/wp\/v2\/users\/2"}],"replies":[{"embeddable":true,"href":"https:\/\/www.europesays.com\/de\/wp-json\/wp\/v2\/comments?post=1270474"}],"version-history":[{"count":0,"href":"https:\/\/www.europesays.com\/de\/wp-json\/wp\/v2\/posts\/1270474\/revisions"}],"wp:featuredmedia":[{"embeddable":true,"href":"https:\/\/www.europesays.com\/de\/wp-json\/wp\/v2\/media\/1270475"}],"wp:attachment":[{"href":"https:\/\/www.europesays.com\/de\/wp-json\/wp\/v2\/media?parent=1270474"}],"wp:term":[{"taxonomy":"category","embeddable":true,"href":"https:\/\/www.europesays.com\/de\/wp-json\/wp\/v2\/categories?post=1270474"},{"taxonomy":"post_tag","embeddable":true,"href":"https:\/\/www.europesays.com\/de\/wp-json\/wp\/v2\/tags?post=1270474"}],"curies":[{"name":"wp","href":"https:\/\/api.w.org\/{rel}","templated":true}]}}