{"id":1270482,"date":"2026-08-30T21:08:34","date_gmt":"2026-08-30T21:08:34","guid":{"rendered":"https:\/\/www.europesays.com\/de\/1270482\/"},"modified":"2026-08-30T21:08:34","modified_gmt":"2026-08-30T21:08:34","slug":"leichtathletik-meeting-in-berlin-gesa-krause-trotzt-der-langen-saison-mit-triumph-beim-istaf","status":"publish","type":"post","link":"https:\/\/www.europesays.com\/de\/1270482\/","title":{"rendered":"Leichtathletik-Meeting in Berlin: Gesa Krause trotzt der langen Saison mit Triumph beim Istaf"},"content":{"rendered":"<p>            <img loading=\"lazy\" decoding=\"async\" class=\"ts-image\" src=\"https:\/\/www.europesays.com\/de\/wp-content\/uploads\/2026\/08\/hr-gesa-krause-laesst-sich-durchs-olympiastadion-tragen-100.jpg\" alt=\"Gesa Krause l\u00e4sst sich durchs Olympiastadion tragen.\" title=\"Gesa Krause l\u00e4sst sich durchs Olympiastadion tragen. | IMAGO\"\/><\/p>\n<p class=\"metatextline\">Stand: 30.08.2026 \u2022 17:53 Uhr<\/p>\n<p class=\"article-head__shorttext\">\n        <strong>Die hessische Hindernisl\u00e4uferin Gesa Krause ist in Berlin nicht zu stoppen und gewinnt beim traditionsreichen Istaf im Olympiastadion. Und das, obwohl sie ziemlich m\u00fcde ist.<\/strong>\n    <\/p>\n<p class=\"textabsatz m-ten m-offset-one l-eight l-offset-two columns twelve\">Die Dillenburgerin Gesa Krause hat wenige Wochen <a href=\"https:\/\/www.hessenschau.de\/sport\/mehr-sport\/zoff-bei-leichtathletik-em-gesa-krause-kontert-kritik-von-lea-meyer-cool-v1,gesa-nach-gold-100.html\" title=\"nach ihrer Goldmedaille bei der EM\" class=\"textlink--extern\" target=\"_blank\" rel=\"noopener nofollow\">nach ihrer Goldmedaille bei der EM<\/a> auch beim prestigetr\u00e4chtigen Leichtathletik-Meeting Istaf in Berlin triumphiert. Vor rund 40.000 Fans im Olympiastadion siegte die 3.000-Meter-Hindernis-Europameisterin auf der k\u00fcrzeren 2.000-Meter-Distanz in 5:56,79 Minuten und stellte damit sogar eine Weltjahresbestleistung auf.<\/p>\n<p class=\"textabsatz m-ten m-offset-one l-eight l-offset-two columns twelve\">&#8222;Es war hart. Ich merke, dass die lange Saison an mir zehrt&#8220;, sagte Krause am ARD-Mikro, &#8222;aber es ist immer ein Traum, hier laufen zu d\u00fcrfen.&#8220; Sie sei sehr gl\u00fccklich dar\u00fcber, ihr Leichtathletik-Jahr mit einem Erfolg abgeschlossen zu haben. Die EM-Dritte Olivia G\u00fcrth, die h\u00e4ufig mit Krause in Frankfurt trainiert, belegte in 6:02,65 Minuten den zweiten Platz.<\/p>\n<p>    Auch Agyekum wird Favoritenrolle gerecht<\/p>\n<p class=\"textabsatz m-ten m-offset-one l-eight l-offset-two columns twelve\">Ebenfalls erfolgreich war der Frankfurter Vize-Europameister Emil Agyekum \u00fcber die 400 Meter H\u00fcrden. Der 27-J\u00e4hrige holte sich in 48,18 Sekunden den Sieg. Er gewann damit souver\u00e4n vor Owe Fischer-Breiholz (49,03 Sekunden), mit dem er beim K\u00f6nigsteiner LV trainiert. Bei der EM in Birmingham vor gut zwei Wochen hatte sich Agyekum nur dem norwegischen H\u00fcrdenstar Karsten Warholm geschlagen geben m\u00fcssen.<\/p>\n<p>                                        <a class=\"backlink__link\" href=\"https:\/\/www.hessenschau.de\/sport\/mehr-sport\/gesa-krause-trotzt-der-langen-saison-triumph-beim-istaf-berlin-v1,istaf-berlin-100.html\" rel=\"nofollow noopener\" target=\"_blank\"><\/p>\n<p>                                                <img decoding=\"async\" src=\"https:\/\/images.sportschau.de\/image\/d5dbef2b-a561-4a5d-8a3f-af75f4c80994\/AAABlap_bik\/AAABnR8VW9w\/original\/lra-hr-logo-100.svg\" alt=\"Hessischer Rundfunk\"\/><\/p>\n<p>                                        <\/a><\/p>\n","protected":false},"excerpt":{"rendered":"Stand: 30.08.2026 \u2022 17:53 Uhr Die hessische Hindernisl\u00e4uferin Gesa Krause ist in Berlin nicht zu stoppen und gewinnt&hellip;\n","protected":false},"author":2,"featured_media":1270483,"comment_status":"","ping_status":"","sticky":false,"template":"","format":"standard","meta":{"footnotes":"","_share_on_mastodon":"0"},"categories":[1825],"tags":[296,29,30,12591,7591],"class_list":["post-1270482","post","type-post","status-publish","format-standard","has-post-thumbnail","category-berlin","tag-berlin","tag-deutschland","tag-germany","tag-hr","tag-leichtathletik"],"share_on_mastodon":{"url":"","error":""},"_links":{"self":[{"href":"https:\/\/www.europesays.com\/de\/wp-json\/wp\/v2\/posts\/1270482","targetHints":{"allow":["GET"]}}],"collection":[{"href":"https:\/\/www.europesays.com\/de\/wp-json\/wp\/v2\/posts"}],"about":[{"href":"https:\/\/www.europesays.com\/de\/wp-json\/wp\/v2\/types\/post"}],"author":[{"embeddable":true,"href":"https:\/\/www.europesays.com\/de\/wp-json\/wp\/v2\/users\/2"}],"replies":[{"embeddable":true,"href":"https:\/\/www.europesays.com\/de\/wp-json\/wp\/v2\/comments?post=1270482"}],"version-history":[{"count":0,"href":"https:\/\/www.europesays.com\/de\/wp-json\/wp\/v2\/posts\/1270482\/revisions"}],"wp:featuredmedia":[{"embeddable":true,"href":"https:\/\/www.europesays.com\/de\/wp-json\/wp\/v2\/media\/1270483"}],"wp:attachment":[{"href":"https:\/\/www.europesays.com\/de\/wp-json\/wp\/v2\/media?parent=1270482"}],"wp:term":[{"taxonomy":"category","embeddable":true,"href":"https:\/\/www.europesays.com\/de\/wp-json\/wp\/v2\/categories?post=1270482"},{"taxonomy":"post_tag","embeddable":true,"href":"https:\/\/www.europesays.com\/de\/wp-json\/wp\/v2\/tags?post=1270482"}],"curies":[{"name":"wp","href":"https:\/\/api.w.org\/{rel}","templated":true}]}}