{"id":1270485,"date":"2026-08-30T21:12:16","date_gmt":"2026-08-30T21:12:16","guid":{"rendered":"https:\/\/www.europesays.com\/de\/1270485\/"},"modified":"2026-08-30T21:12:16","modified_gmt":"2026-08-30T21:12:16","slug":"ralf-schumacher-muss-nach-schwerem-jetski-sturz-in-die-klinik","status":"publish","type":"post","link":"https:\/\/www.europesays.com\/de\/1270485\/","title":{"rendered":"Ralf Schumacher muss nach schwerem Jetski-Sturz in die Klinik"},"content":{"rendered":"<p>\nOperation n\u00f6tig\n<\/p>\n<p>Aktualisiert am 30.08.2026, 22:06 Uhr\n<\/p>\n<p><a href=\"https:\/\/i0.web.de\/image\/460\/42668460,pd=1\/stefan-raab-re-holte-jetski-star-wm-ralf-schumache.jpg\" data-brain-zone=\".42668458.content.lead.1\" data-component-path=\"content.lead.1\" data-component-name=\"article-image\" rel=\"nofollow noopener\" target=\"_blank\"> <\/p>\n<p><img loading=\"lazy\" decoding=\"async\" src=\"https:\/\/www.europesays.com\/de\/wp-content\/uploads\/2026\/08\/stefan-raab-re-holte-jetski-star-wm-ralf-schumache.jpg\" alt=\"Stefan Raab (re.) holte sich f\u00fcr die &quot;Jetski Star WM&quot; Ralf Schumacher an die Seite.\" width=\"950\" height=\"534\"\/><\/p>\n<p><\/a> <\/p>\n<p>\nStefan Raab (re.) holte sich f\u00fcr die &#8222;Jetski Star WM&#8220; Ralf Schumacher an die Seite.<br \/>\n\u00a9\u00a0RTL \/ Raab Entertainment \/ Willi Weber\n<\/p>\n<p class=\"content__description\" data-speakable=\"\">Erst die ausgekugelte Schulter, dann der Befund am n\u00e4chsten Morgen: Nach seinem Sturz in der RTL-Show &#8222;Jetski Star WM&#8220; f\u00e4llt die Diagnose bei Ralf Schumacher gr\u00f6\u00dfer aus als zun\u00e4chst gedacht.<\/p>\n<p data-speakable=\"\"><a data-component-name=\"link.semantic\" data-brain-zone=\".42668458.content.textlink_1\" data-component-path=\"content.textlink_1\" href=\"https:\/\/web.de\/magazine\/sport\/thema\/ralf-schumacher\" rel=\"nofollow noopener\" target=\"_blank\">Ralf Schumacher<\/a> (51) muss sich nach seinem Sturz bei der RTL-Show &#8222;Jetski Star WM&#8220; einer Operation unterziehen. Das teilte der 51-J\u00e4hrige am Sonntag selbst <a target=\"_blank\" data-brain-zone=\".42668458.content.textlink_2\" data-component-path=\"content.textlink_2\" data-component-name=\"link.external\" rel=\"noopener nofollow\" href=\"https:\/\/www.instagram.com\/p\/DcqEOFBIwUL\/?hl=de\">bei Instagram<\/a> mit. Neben der <a data-brain-zone=\".42668458.content.textlink_3\" data-component-path=\"content.textlink_3\" data-component-name=\"link.editorial\" href=\"https:\/\/web.de\/magazine\/unterhaltung\/tv-shows\/raabs-jetski-star-wm-ralf-schumacher-kugelt-schulter-42667936\" rel=\"nofollow noopener\" target=\"_blank\">zun\u00e4chst diagnostizierten Schulterluxation<\/a> habe sich bei ihm ein abgebrochenes Knochenst\u00fcck gezeigt.<\/p>\n<p data-speakable=\"\">Unmittelbar nach dem Unfall am Samstagabend hatte es noch nach einer glimpflichen Sache ausgesehen. Die Schulter des fr\u00fcheren Formel-1-Piloten wurde vor Ort wieder eingerenkt, anschlie\u00dfend fuhr er zur Kontrolle ins BG Klinikum Duisburg. Dort wurde er nach eigenen Angaben zun\u00e4chst ger\u00f6ntgt, am n\u00e4chsten Morgen folgte ein MRT. Erst diese Untersuchungen brachten die zweite Verletzung ans Licht.<\/p>\n<p>&#8222;Eine kleine OP&#8220;<\/p>\n<p data-speakable=\"\">&#8222;War zwar nur eine Schulterluxation oder ausgerenkte Schulter, aber leider ist ein St\u00fcck Knochen mit abgebrochen&#8220;, sagt Schumacher in einer Videobotschaft. Deshalb stehe nun &#8222;eine kleine OP&#8220; an.<\/p>\n<p data-speakable=\"\">&#8222;Ich bin gerade auf dem Weg nach \u00d6sterreich, dort werde ich am Montag an der rechten Schulter operiert&#8220;, sagte er am Sonntag zudem <a target=\"_blank\" data-brain-zone=\".42668458.content.textlink_4\" data-component-path=\"content.textlink_4\" data-component-name=\"link.external\" rel=\"noopener nofollow\" href=\"https:\/\/www.bild.de\/sport\/mehr-sport\/ralf-schumacher-nach-unfall-bei-raab-montag-op-6a94077bd88567044d84a0ad\">der &#8222;Bild&#8220;-Zeitung<\/a>. Die Schulter schmerze die ganze Zeit, aber nach der Operation sollte es besser gehen. Nach der OP wolle er eine Nacht im Krankenhaus bleiben und am Donnerstag nach Monza reisen. Der Arzt rechnet laut Schumacher damit, dass die Verletzung nach f\u00fcnf bis sechs Monaten wieder vollst\u00e4ndig verheilt ist.<\/p>\n<p data-speakable=\"\">Seinen n\u00e4chsten Arbeitseinsatz stellt der Sky-Experte somit nicht infrage. &#8222;Dann sollte ich dann auch in Monza wieder vor Ort sein&#8220;, sagte er in seinem Video mit Blick auf das anstehende Formel-1-Wochenende in Italien. &#8222;Muss ja mein Mikro nur mit links halten.&#8220; Auch der Sender selbst best\u00e4tigte <a target=\"_blank\" data-brain-zone=\".42668458.content.textlink_5\" data-component-path=\"content.textlink_5\" data-component-name=\"link.external\" rel=\"noopener nofollow\" href=\"https:\/\/www.instagram.com\/p\/DcqY3dsjHlt\/?hl=de&amp;img_index=1\">auf Instagram<\/a>, dass sein Experte trotz des Eingriffs in Monza am Mikrofon stehen soll.<\/p>\n<p>Dank an die Helfer vor Ort<\/p>\n<p data-speakable=\"\">Ausdr\u00fccklich bedankte sich Schumacher bei denjenigen, die nach dem Sturz eingegriffen hatten. &#8222;Vielen lieben Dank an das Team vor Ort, die mir die Schulter wieder eingerenkt haben und die mich aus dem Wasser gezogen haben&#8220;, sagte er. Das sei sehr schnell gegangen. Auch die \u00c4rzte der Duisburger Klinik hob er hervor.<\/p>\n<p data-speakable=\"\">Beim Versuch, den Jetski im Wasser wieder umzudrehen, hatte Schumacher bereits Schmerzen gesp\u00fcrt. Als er sich anschlie\u00dfend zur\u00fcck auf das Fahrzeug ziehen wollte, wurde die Schulter ausgekugelt. Den Humor verlor der Ex-Rennfahrer dabei nicht. &#8222;Das muss man erstmal schaffen&#8220;, sagte er im Clip. Vielleicht sei er inzwischen &#8222;einfach zu alt f\u00fcr den Mist&#8220;.<\/p>\n<p>So kam es zu dem Sturz<\/p>\n<p data-speakable=\"\">Schumacher war am Samstagabend gemeinsam mit <a data-component-name=\"link.semantic\" data-brain-zone=\".42668458.content.textlink_6\" data-component-path=\"content.textlink_6\" href=\"https:\/\/web.de\/magazine\/unterhaltung\/thema\/stefan-raab\" rel=\"nofollow noopener\" target=\"_blank\">Stefan Raab<\/a> (59) in der Team Challenge angetreten, beide sa\u00dfen auf einem Jetski. Nach einem Sturz ins Wasser schaffte es Schumacher nicht zur\u00fcck auf das Fahrzeug. Raab bemerkte, dass etwas nicht stimmte, und rief Helfer herbei.<\/p>\n<p data-speakable=\"\">Noch w\u00e4hrend der Sendung sprach Raab \u00fcber seinen Teampartner: &#8222;Er ist jetzt gerade im Krankenhaus, aber es ist hoffentlich nichts Schlimmeres.&#8220; Schumacher selbst meldete sich kurz nach dem Unfall bei Moderatorin Laura Wontorra. &#8222;Der Arzt hat wieder alles eingerenkt&#8220;, erkl\u00e4rte er damals und r\u00e4umte ein: &#8222;Das tut echt weh.&#8220;<\/p>\n<p><strong>Empfehlungen der Redaktion<\/strong><\/p>\n<p>Schumacher w\u00fcrde erneut antreten<\/p>\n<p data-speakable=\"\">Trotz des Ausgangs zieht der 51-J\u00e4hrige ein positives Fazit. Die &#8222;mega&#8220; Veranstaltung habe ihm viel Spa\u00df gemacht. Dass er den Teamwettbewerb mit Raab nicht zu Ende bringen konnte, \u00e4rgert ihn nach eigenen Worten: &#8222;Sorry, dass wir den Teamwettbewerb nicht so gewinnen konnten, aber beim n\u00e4chsten Mal sind wir bestimmt besser.&#8220; Bei einer weiteren Ausgabe der Show w\u00e4re er nach eigener Aussage wieder dabei. (jom\/spot)\u00a0<br \/>\n\u00a9 1&amp;1 Mail &amp; Media\/spot on news\n<\/p>\n<p> <script async src=\"\/\/www.instagram.com\/embed.js\"><\/script><\/p>\n","protected":false},"excerpt":{"rendered":"Operation n\u00f6tig Aktualisiert am 30.08.2026, 22:06 Uhr Stefan Raab (re.) holte sich f\u00fcr die &#8222;Jetski Star WM&#8220; Ralf&hellip;\n","protected":false},"author":2,"featured_media":1270486,"comment_status":"","ping_status":"","sticky":false,"template":"","format":"standard","meta":{"footnotes":"","_share_on_mastodon":"0"},"categories":[1776],"tags":[95976,1801,29,214,30,68733,262431,1802,89079,13527,215],"class_list":["post-1270485","post","type-post","status-publish","format-standard","has-post-thumbnail","category-prominente","tag-befund","tag-celebrities","tag-deutschland","tag-entertainment","tag-germany","tag-jetski","tag-monza","tag-prominente","tag-ralf-schumacher","tag-stefan-raab","tag-unterhaltung"],"share_on_mastodon":{"url":"","error":""},"_links":{"self":[{"href":"https:\/\/www.europesays.com\/de\/wp-json\/wp\/v2\/posts\/1270485","targetHints":{"allow":["GET"]}}],"collection":[{"href":"https:\/\/www.europesays.com\/de\/wp-json\/wp\/v2\/posts"}],"about":[{"href":"https:\/\/www.europesays.com\/de\/wp-json\/wp\/v2\/types\/post"}],"author":[{"embeddable":true,"href":"https:\/\/www.europesays.com\/de\/wp-json\/wp\/v2\/users\/2"}],"replies":[{"embeddable":true,"href":"https:\/\/www.europesays.com\/de\/wp-json\/wp\/v2\/comments?post=1270485"}],"version-history":[{"count":0,"href":"https:\/\/www.europesays.com\/de\/wp-json\/wp\/v2\/posts\/1270485\/revisions"}],"wp:featuredmedia":[{"embeddable":true,"href":"https:\/\/www.europesays.com\/de\/wp-json\/wp\/v2\/media\/1270486"}],"wp:attachment":[{"href":"https:\/\/www.europesays.com\/de\/wp-json\/wp\/v2\/media?parent=1270485"}],"wp:term":[{"taxonomy":"category","embeddable":true,"href":"https:\/\/www.europesays.com\/de\/wp-json\/wp\/v2\/categories?post=1270485"},{"taxonomy":"post_tag","embeddable":true,"href":"https:\/\/www.europesays.com\/de\/wp-json\/wp\/v2\/tags?post=1270485"}],"curies":[{"name":"wp","href":"https:\/\/api.w.org\/{rel}","templated":true}]}}