{"id":1270507,"date":"2026-08-30T21:27:21","date_gmt":"2026-08-30T21:27:21","guid":{"rendered":"https:\/\/www.europesays.com\/de\/1270507\/"},"modified":"2026-08-30T21:27:21","modified_gmt":"2026-08-30T21:27:21","slug":"faehrunglueck-vor-zypern-kapitaen-nach-faehrunglueck-vor-zypern-festgenommen","status":"publish","type":"post","link":"https:\/\/www.europesays.com\/de\/1270507\/","title":{"rendered":"F\u00e4hrungl\u00fcck vor Zypern: Kapit\u00e4n nach F\u00e4hrungl\u00fcck vor Zypern festgenommen"},"content":{"rendered":"<p class=\"paragraph article__item\">Nach dem F\u00e4hrungl\u00fcck vor <a class=\"rtr-entity\" href=\"https:\/\/www.zeit.de\/thema\/zypern\" rel=\"nofollow noopener\" target=\"_blank\">Zypern<\/a> sind der Kapit\u00e4n und sieben weitere Crewmitglieder festgenommen worden. Das teilte der Ministerpr\u00e4sident der nur von der T\u00fcrkei anerkannten Republik Nordzypern, \u00dcnal \u00dcstel, nach Angaben des <a href=\"https:\/\/www.zeit.de\/thema\/nordzypern\" target=\"_blank\" rel=\"nofollow noopener\">nordzyprischen<\/a> Staatssenders BRT mit.\n<\/p>\n<p class=\"paragraph article__item\">Die Verantwortlichen w\u00fcrden zur Rechenschaft gezogen, sagte \u00dcstel. \u00bbIch sage das hier ganz klar. Jeder Aspekt dieses Vorfalls wird untersucht. Selbst die geringste Fahrl\u00e4ssigkeit wird ans Licht kommen.\u00ab Die Rettungsarbeiten gingen weiter.\n<\/p>\n<p class=\"paragraph article__item\">Die Zahl der Toten stieg nach Angaben des t\u00fcrkisch-zyprischen Verkehrsministers Erhan Ar\u0131kl\u0131 auf acht. Nach zahlreichen Menschen werde noch gesucht, sagte Ar\u0131kl\u0131 BRT. Die F\u00e4hre war auf dem Weg ins s\u00fcdt\u00fcrkische Mersin.\n<\/p>\n<p class=\"paragraph article__item\">Die F\u00e4hre war am Sonntagmittag <a href=\"https:\/\/www.zeit.de\/gesellschaft\/zeitgeschehen\/2026-08\/schiff-zypern-mittelmeer-passagiere-schiffsunglueck-rettung-gxe\" target=\"_blank\" rel=\"nofollow noopener\">kurz nach dem Auslaufen aus der Hafenstadt Kyrenia gekentert<\/a>, die auf T\u00fcrkisch Girne hei\u00dft. Aus bisher nicht bekannten Gr\u00fcnden war Wasser in die F\u00e4hre eingedrungen, ein Notruf wurde offenbar abgesetzt. Dem Fernsehsender <a href=\"https:\/\/www.zeit.de\/thema\/cnn\" target=\"_blank\" rel=\"nofollow noopener\">CNN<\/a> T\u00fcrk zufolge soll der Kapit\u00e4n des Schiffes zun\u00e4chst noch versucht haben, umzukehren.\n<\/p>\n<p>            Meiste Passagiere gerettet            <\/p>\n<p class=\"paragraph article__item\">Nach offiziellen Angaben aus Nordzypern befanden sich insgesamt 267 Menschen auf der F\u00e4hre, darunter waren 259 Passagiere und acht Besatzungsmitglieder. Die meisten Menschen konnten gerettet werden.\n<\/p>\n<p class=\"paragraph article__item\"><a href=\"https:\/\/www.zeit.de\/politik\/ausland\/2025-12\/republik-zypern-nordzypern-friedensgespraeche\" target=\"_blank\" rel=\"nofollow noopener\">Zypern ist seit 1974 geteilt<\/a>. Die T\u00fcrkei<br \/>\nist der einzige Staat, der die 1983 ausgerufene T\u00fcrkische Republik<br \/>\nNordzypern anerkennt. Die griechischsprachige Republik Zypern im s\u00fcdlichen Teil der Insel ist seit 2004 EU-Mitglied.<\/p>\n","protected":false},"excerpt":{"rendered":"Nach dem F\u00e4hrungl\u00fcck vor Zypern sind der Kapit\u00e4n und sieben weitere Crewmitglieder festgenommen worden. Das teilte der Ministerpr\u00e4sident&hellip;\n","protected":false},"author":2,"featured_media":1270508,"comment_status":"","ping_status":"","sticky":false,"template":"","format":"standard","meta":{"footnotes":"","_share_on_mastodon":"0"},"categories":[5],"tags":[262435,262434,1724,13,14,15,12,10,8,9,11,1033],"class_list":["post-1270507","post","type-post","status-publish","format-standard","has-post-thumbnail","category-nachrichten","tag-faehrunglueck","tag-faehrunglueck-vor-zypern","tag-gesellschaft","tag-headlines","tag-nachrichten","tag-news","tag-schlagzeilen","tag-top-news","tag-top-meldungen","tag-topmeldungen","tag-topnews","tag-zypern"],"share_on_mastodon":{"url":"https:\/\/pubeurope.com\/@de\/117186582699259399","error":""},"_links":{"self":[{"href":"https:\/\/www.europesays.com\/de\/wp-json\/wp\/v2\/posts\/1270507","targetHints":{"allow":["GET"]}}],"collection":[{"href":"https:\/\/www.europesays.com\/de\/wp-json\/wp\/v2\/posts"}],"about":[{"href":"https:\/\/www.europesays.com\/de\/wp-json\/wp\/v2\/types\/post"}],"author":[{"embeddable":true,"href":"https:\/\/www.europesays.com\/de\/wp-json\/wp\/v2\/users\/2"}],"replies":[{"embeddable":true,"href":"https:\/\/www.europesays.com\/de\/wp-json\/wp\/v2\/comments?post=1270507"}],"version-history":[{"count":0,"href":"https:\/\/www.europesays.com\/de\/wp-json\/wp\/v2\/posts\/1270507\/revisions"}],"wp:featuredmedia":[{"embeddable":true,"href":"https:\/\/www.europesays.com\/de\/wp-json\/wp\/v2\/media\/1270508"}],"wp:attachment":[{"href":"https:\/\/www.europesays.com\/de\/wp-json\/wp\/v2\/media?parent=1270507"}],"wp:term":[{"taxonomy":"category","embeddable":true,"href":"https:\/\/www.europesays.com\/de\/wp-json\/wp\/v2\/categories?post=1270507"},{"taxonomy":"post_tag","embeddable":true,"href":"https:\/\/www.europesays.com\/de\/wp-json\/wp\/v2\/tags?post=1270507"}],"curies":[{"name":"wp","href":"https:\/\/api.w.org\/{rel}","templated":true}]}}