{"id":1270518,"date":"2026-08-30T21:34:16","date_gmt":"2026-08-30T21:34:16","guid":{"rendered":"https:\/\/www.europesays.com\/de\/1270518\/"},"modified":"2026-08-30T21:34:16","modified_gmt":"2026-08-30T21:34:16","slug":"korschenbroich-volles-zelt-bei-schuetzenfest-2026-in-herrenshoff","status":"publish","type":"post","link":"https:\/\/www.europesays.com\/de\/1270518\/","title":{"rendered":"Korschenbroich: Volles Zelt bei Sch\u00fctzenfest 2026 in Herrenshoff"},"content":{"rendered":"<p class=\"text_ohne_einzug richtext text-em-55 !leading-serif mx-6 desktop:mx-0\">Sehr Gut besucht war das Festzelt in Herrenshoff schon am Freitagabend beim B\u00fcrger- und Heimatabend. Mit dabei: ein DJ und eine komplette Hochzeitsgesellschaft. Dass nicht nur der diese Veranstaltung des Heimatvereins, sondern auch die Sch\u00fctzenbruderschaft f\u00fcr ein volles Zelt sorgen kann, zeigte sich nur 24\u2005Stunden sp\u00e4ter bei der Er\u00f6ffnungsparty des diesj\u00e4hrigen Sch\u00fctzenfestes der St. Hubertus Bruderschaft, die dieses Jahr ihr 100-j\u00e4hriges Bestehen feiert. Im Mittelpunkt des Jubil\u00e4umsjahres steht ein ungew\u00f6hnlich junges K\u00f6nigspaar: K\u00f6nig Niclas Jammers ist erst 19, seine K\u00f6nigin Julia Hu\u00dfmann sogar noch ein Jahr j\u00fcnger. Dieses j\u00fcngste K\u00f6nigspaar der Geschichte hat mit Minister Bernd Jammers, der einst selbst der j\u00fcngste Sch\u00fctzenk\u00f6nig war, und Minister Wolfgang Schilken, General der Bruderschaft und ehemaliger Sch\u00fctzenk\u00f6nig in Bettrath (M\u00f6nchengladbach), viel Erfahrung an der Seite.<\/p>\n","protected":false},"excerpt":{"rendered":"Sehr Gut besucht war das Festzelt in Herrenshoff schon am Freitagabend beim B\u00fcrger- und Heimatabend. Mit dabei: ein&hellip;\n","protected":false},"author":2,"featured_media":1270519,"comment_status":"","ping_status":"","sticky":false,"template":"","format":"standard","meta":{"footnotes":"","_share_on_mastodon":"0"},"categories":[1849],"tags":[23078,35236,3364,50537,29,548,663,3934,3486,30,13,114998,262438,4455,14,10430,15,1209,3686,12,9877,23079,30853,262439,262440,3482,262442,262441],"class_list":["post-1270518","post","type-post","status-publish","format-standard","has-post-thumbnail","category-moenchengladbach","tag-bruderschaft","tag-bruderschaftsorden","tag-de","tag-dennis","tag-deutschland","tag-eu","tag-europa","tag-europe","tag-festzelt","tag-germany","tag-headlines","tag-herrenshoff","tag-jammers","tag-moenchengladbach","tag-nachrichten","tag-neuss","tag-news","tag-nordrhein-westfalen","tag-praesident","tag-schlagzeilen","tag-schuetzen","tag-schuetzenfest","tag-schuetzenkoenig","tag-schuetzenpaar","tag-schuetzenpraesidenten","tag-zelt","tag-zeltbesucher","tag-zeltmaie"],"share_on_mastodon":{"url":"https:\/\/pubeurope.com\/@de\/117186610267866073","error":""},"_links":{"self":[{"href":"https:\/\/www.europesays.com\/de\/wp-json\/wp\/v2\/posts\/1270518","targetHints":{"allow":["GET"]}}],"collection":[{"href":"https:\/\/www.europesays.com\/de\/wp-json\/wp\/v2\/posts"}],"about":[{"href":"https:\/\/www.europesays.com\/de\/wp-json\/wp\/v2\/types\/post"}],"author":[{"embeddable":true,"href":"https:\/\/www.europesays.com\/de\/wp-json\/wp\/v2\/users\/2"}],"replies":[{"embeddable":true,"href":"https:\/\/www.europesays.com\/de\/wp-json\/wp\/v2\/comments?post=1270518"}],"version-history":[{"count":0,"href":"https:\/\/www.europesays.com\/de\/wp-json\/wp\/v2\/posts\/1270518\/revisions"}],"wp:featuredmedia":[{"embeddable":true,"href":"https:\/\/www.europesays.com\/de\/wp-json\/wp\/v2\/media\/1270519"}],"wp:attachment":[{"href":"https:\/\/www.europesays.com\/de\/wp-json\/wp\/v2\/media?parent=1270518"}],"wp:term":[{"taxonomy":"category","embeddable":true,"href":"https:\/\/www.europesays.com\/de\/wp-json\/wp\/v2\/categories?post=1270518"},{"taxonomy":"post_tag","embeddable":true,"href":"https:\/\/www.europesays.com\/de\/wp-json\/wp\/v2\/tags?post=1270518"}],"curies":[{"name":"wp","href":"https:\/\/api.w.org\/{rel}","templated":true}]}}