{"id":1270535,"date":"2026-08-30T21:48:28","date_gmt":"2026-08-30T21:48:28","guid":{"rendered":"https:\/\/www.europesays.com\/de\/1270535\/"},"modified":"2026-08-30T21:48:28","modified_gmt":"2026-08-30T21:48:28","slug":"arminia-kolumne-kaum-platz-fuer-optimismus-dsc-arminia-bielefeld","status":"publish","type":"post","link":"https:\/\/www.europesays.com\/de\/1270535\/","title":{"rendered":"Arminia-Kolumne: Kaum Platz f\u00fcr Optimismus | DSC Arminia Bielefeld"},"content":{"rendered":"<p id=\"absatz1\" class=\"em_text\" data-olk-copy-source=\"MessageBody\">Bielefeld\/N\u00fcrnberg. Nach dem Spiel wurde ich gefragt, ob ich meinen Text jetzt sofort schreibe, ich sch\u00fcttelte den Kopf. Denn all das, was darin kreiste, w\u00e4re nicht zu ver\u00f6ffentlichen gewesen. Nur so viel, es war eine obskure Mischung aus tiefster Entt\u00e4uschung, einer Prise Kopfsch\u00fctteln und dieser einen Szene des Spiels. Es war der Moment, als Benjamin Boakye aus gar nicht so schlechter Position zu einem Torschuss ansetzte und es dann Einwurf f\u00fcr N\u00fcrnberg gab. Kann mal passieren? Durchaus, aber es ist dann auch ein Zeichen von technischem Qualit\u00e4tsmangel. Leider hat er das nicht exklusiv in der Mannschaft des DSC im Sp\u00e4tsommer dieses Jahres.<\/p>\n<p id=\"absatz2\" class=\"em_text\" data-olk-copy-source=\"MessageBody\">Wenn der rheinl\u00e4ndische Familienteil zum Kindergeburtstag einl\u00e4dt und ein Kindergartenkind beim Kirchweihfest mit anschlie\u00dfender Kirmes in das Prozedere eingebunden ist, bleibt statt der Ausw\u00e4rtsfahrt nur noch der Fernseher. Und ich war schon die ganze Woche aufgeregt. Immer noch kein Vollzug in Sachen Neuverpflichtungen oder wenigstens Leihe eines Topst\u00fcrmers aus der iranischen Liga oder wenigstens ein neuer Doan.<\/p>\n<p id=\"absatz3\" class=\"em_text\" data-olk-copy-source=\"MessageBody\">Als dann bei dieser Kirchen-Kirmes-Er\u00f6ffnungsveranstaltung (kein Witz!) eine m\u00e4nnliche Figur aus Stroh am Kirchturm hochgezogen wurde wie aufgeh\u00e4ngt, wusste ich nicht so recht, was ich a) davon halten sollte und b), ob das irgendeine Vorbedeutung f\u00fcr das abendliche Arminia-Spiel haben w\u00fcrde. Es hat mich auch noch besch\u00e4ftigt, wie diese Figur da an der Kirche hing und all diese Kindergartenkinder fr\u00f6hlich dabei waren.<\/p>\n<p>Der Fall Mohamed Ali Zoma zeigt Arminia, wie es gehen k\u00f6nnte<\/p>\n<p id=\"absatz4\" class=\"em_text\" data-olk-copy-source=\"MessageBody\">Der DSC ist nat\u00fcrlich noch nicht im Zustand eines Delinquenten, aber so einige \u00c4u\u00dferungen in den Foren und unter Mit-Arminen lassen es fast schon so erscheinen. Und der oben erw\u00e4hnte Qualit\u00e4tsmangel, der sich (aktuell?) durch die Mannschaft zieht, ist so offensichtlich, dass selbst der gr\u00f6\u00dfte Arminia-Optimist eine kurzfristige Verbesserung der Gesamtsituation kaum zu sehen vermag. Und schon wird auch \u00fcber den Trainer diskutiert.<\/p>\n<p id=\"absatz5\" class=\"em_text\" data-olk-copy-source=\"MessageBody\">Einigen wird das als logische Konsequenz erscheinen, aber ich bin mir sicher, dass er niemandem verbietet, Richtung Tor zu schie\u00dfen. Und Spieler wie N\u00fcrnbergs Zoma, der aufgrund zweier Staatsangeh\u00f6rigkeiten (und nat\u00fcrlich ob seiner Leistungen) als italienischer Nationalspieler gehandelt wird, darf den \u201eClub\u201c nicht verlassen. Und das, obwohl scheinbar Vereine bereit sind, eine Abl\u00f6sesumme zu zahlen, die den Gesamtwert aller Arminia-Spieler \u00fcbersteigt. Jaja, das liebe Geld.<\/p>\n<p id=\"absatz6\" class=\"em_text\" data-olk-copy-source=\"MessageBody\">Dieser Mohamed Ali Zoma wechselte vor einem Jahr mit 21 Jahren f\u00fcr 800.000 \u20ac vom italienischen Mittelklasse-Drittligaverein UC AlbinoLeffe nach Franken. Herr Mutzel, das ist eine Verzehnfachung des Spielerwertes. Und wenn tats\u00e4chlich jemand jetzt 20 Millionen zahlen wollte \u2013 ach, rechnet bitte die Rendite selbst aus. Ich muss mal mit meiner Beraterin meines Geldinstituts ein ernstes Wort sprechen.<\/p>\n<p>Alles nur leere Worth\u00fclsen?<\/p>\n<p id=\"absatz7\" class=\"em_text\" data-olk-copy-source=\"MessageBody\">Diese Schlagworte wie Ausbildungsverein, Abl\u00f6sesummen generieren und so weiter sind leere Worth\u00fclsen, wenn das nicht auch h\u00e4ufiger als nur einmal (Louis Oppie zum FC St. Pauli) gelingt. Wohlgemerkt mit einem deutlichen Gewinn und nicht nur einer kleinen Ausbildungsverg\u00fctung. Und wenn es stimmen sollte, dass einem Spieler sogar ein Handgeld gegeben worden sein soll, wenn er Arminia verl\u00e4sst, hat der Fan M\u00fche, den Mund wieder zuzumachen.<\/p>\n<p id=\"absatz8\" class=\"em_text\" data-olk-copy-source=\"MessageBody\">Also hoffen wir doch jetzt auf einen Spieler, der fast kostenfrei zu uns wechseln mag, oder aus der eigenen Jugend stammt und uns erst 15 Tore schenkt und dann f\u00fcr eine hohe Abl\u00f6sesumme abgegeben wird.<\/p>\n<p id=\"absatz9\" class=\"em_text\" data-olk-copy-source=\"MessageBody\">Wie sch\u00f6n es doch w\u00e4re, g\u00e4be es in Bielefeld und Umgebung namhafte und international operierende Unternehmen, die bereit w\u00e4ren, da mal so viel Geld reinzupumpen, wie notwendig w\u00e4re, um einen ungef\u00e4hrdeten achten Platz in der zweiten Liga belegen zu k\u00f6nnen. Zu viel Konjunktiv? Ja, leider. Auf der anderen Seite waren im Indikativ drei von vier Spielen in dieser Spielzeit nicht gut. Es gibt in der Liga aber noch 31 Spiele. Hoffen wir auf bessere Zeiten. Und ehrlicherweise m\u00fcssen wir auch feststellen: Es war schon deutlich schlimmer!<\/p>\n<p id=\"absatz10\" data-olk-copy-source=\"MessageBody\"><b class=\"bold\">Euer Armine von der S\u00fcd!<\/b><\/p>\n","protected":false},"excerpt":{"rendered":"Bielefeld\/N\u00fcrnberg. Nach dem Spiel wurde ich gefragt, ob ich meinen Text jetzt sofort schreibe, ich sch\u00fcttelte den Kopf.&hellip;\n","protected":false},"author":2,"featured_media":1270536,"comment_status":"","ping_status":"","sticky":false,"template":"","format":"standard","meta":{"footnotes":"","_share_on_mastodon":"0"},"categories":[1841],"tags":[2368,72942,1605,3364,29,30,4281,4280,1608,733,737,1209,3783,262444,4279],"class_list":["post-1270535","post","type-post","status-publish","format-standard","has-post-thumbnail","category-bielefeld","tag-arminia-bielefeld","tag-benjamin-boakye","tag-bielefeld","tag-de","tag-deutschland","tag-germany","tag-label_arminia","tag-label_l-120","tag-label_top-news","tag-label_unterhalte-mich","tag-meta_userneeds_lenkeab","tag-nordrhein-westfalen","tag-nuernberg","tag-qualitaetsmangel","tag-serie_nlarminia"],"share_on_mastodon":{"url":"https:\/\/pubeurope.com\/@de\/117186665505566303","error":""},"_links":{"self":[{"href":"https:\/\/www.europesays.com\/de\/wp-json\/wp\/v2\/posts\/1270535","targetHints":{"allow":["GET"]}}],"collection":[{"href":"https:\/\/www.europesays.com\/de\/wp-json\/wp\/v2\/posts"}],"about":[{"href":"https:\/\/www.europesays.com\/de\/wp-json\/wp\/v2\/types\/post"}],"author":[{"embeddable":true,"href":"https:\/\/www.europesays.com\/de\/wp-json\/wp\/v2\/users\/2"}],"replies":[{"embeddable":true,"href":"https:\/\/www.europesays.com\/de\/wp-json\/wp\/v2\/comments?post=1270535"}],"version-history":[{"count":0,"href":"https:\/\/www.europesays.com\/de\/wp-json\/wp\/v2\/posts\/1270535\/revisions"}],"wp:featuredmedia":[{"embeddable":true,"href":"https:\/\/www.europesays.com\/de\/wp-json\/wp\/v2\/media\/1270536"}],"wp:attachment":[{"href":"https:\/\/www.europesays.com\/de\/wp-json\/wp\/v2\/media?parent=1270535"}],"wp:term":[{"taxonomy":"category","embeddable":true,"href":"https:\/\/www.europesays.com\/de\/wp-json\/wp\/v2\/categories?post=1270535"},{"taxonomy":"post_tag","embeddable":true,"href":"https:\/\/www.europesays.com\/de\/wp-json\/wp\/v2\/tags?post=1270535"}],"curies":[{"name":"wp","href":"https:\/\/api.w.org\/{rel}","templated":true}]}}