{"id":1270548,"date":"2026-08-30T21:56:25","date_gmt":"2026-08-30T21:56:25","guid":{"rendered":"https:\/\/www.europesays.com\/de\/1270548\/"},"modified":"2026-08-30T21:56:25","modified_gmt":"2026-08-30T21:56:25","slug":"usa-greifen-erstmals-seit-wochen-wieder-im-iran-an","status":"publish","type":"post","link":"https:\/\/www.europesays.com\/de\/1270548\/","title":{"rendered":"USA greifen erstmals seit Wochen wieder im Iran an"},"content":{"rendered":"<p class=\"vorspann\">\n        Die US-Armee hat nach eigenen Angaben am Sonntag erstmals seit Wochen wieder Ziele im Iran angegriffen. Dabei sei die iranische Insel Larak in der Stra\u00dfe von Hormuz attackiert worden, erkl\u00e4rte das f\u00fcr die Region zust\u00e4ndige US-Milit\u00e4rkommando CENTCOM. Der Angriff galt demnach zwei Raketenabschussstellungen, an denen die iranischen Revolutionsgarden den Abschuss von mit Seeminen best\u00fcckten Raketen vorbereitet h\u00e4tten, erkl\u00e4rte CENTCOM-Sprecher Tim Hawkins.\n      <\/p>\n<p class=\"articleDateAndDuration\">\n        30. 08. 2026,  23:45\u00a0Uhr<br \/>\n        Lesedauer:         1 Minute<\/p>\n<p>Im seit sechs Monaten andauernden Krieg gegen den Iran hatten die USA zuletzt vor allem auf wirtschaftlichen Druck gesetzt. US-Finanzminister Scott Bessent k\u00fcndigte vor wenigen Tagen eine &#8222;wirtschaftliche Erstickung&#8220; des Iran an. Versch\u00e4rfte Sekund\u00e4rsanktionen sollen auch ausl\u00e4ndische Gesch\u00e4ftspartner Teherans treffen. US-Pr\u00e4sident Donald Trump sprach von einem umfassenden &#8222;Wirtschaftskrieg&#8220; gegen Teheran.<\/p>\n<p>(Quelle: APA\/AFP)<\/p>\n<p>    <img decoding=\"async\" src=\"https:\/\/www.europesays.com\/de\/wp-content\/uploads\/2025\/12\/loader_small_grey.gif\" alt=\"L\u00e4dt\" title=\"L\u00e4dt\"\/><\/p>\n<p>      Folgen<\/p>\n<p>\n        Zum Folgen bitte anmelden.<br \/>\n        Abbruch\n      <\/p>\n<p>\n    Folgen\n  <\/p>\n<p>\n    gefolgt\n  <\/p>\n<p>      Folgen<\/p>\n<p>\n        Datenspeicherung f\u00fcr meine Themen<br \/>\n        zustimmen\n      <\/p>\n","protected":false},"excerpt":{"rendered":"Die US-Armee hat nach eigenen Angaben am Sonntag erstmals seit Wochen wieder Ziele im Iran angegriffen. Dabei sei&hellip;\n","protected":false},"author":2,"featured_media":1270549,"comment_status":"","ping_status":"","sticky":false,"template":"","format":"standard","meta":{"footnotes":"","_share_on_mastodon":"0"},"categories":[3977],"tags":[331,332,13,14,15,12,4017,4018,4016,64,4019,4020],"class_list":["post-1270548","post","type-post","status-publish","format-standard","has-post-thumbnail","category-usa","tag-aktuelle-nachrichten","tag-aktuelle-news","tag-headlines","tag-nachrichten","tag-news","tag-schlagzeilen","tag-united-states","tag-united-states-of-america","tag-us","tag-usa","tag-vereinigte-staaten","tag-vereinigte-staaten-von-amerika"],"share_on_mastodon":{"url":"","error":""},"_links":{"self":[{"href":"https:\/\/www.europesays.com\/de\/wp-json\/wp\/v2\/posts\/1270548","targetHints":{"allow":["GET"]}}],"collection":[{"href":"https:\/\/www.europesays.com\/de\/wp-json\/wp\/v2\/posts"}],"about":[{"href":"https:\/\/www.europesays.com\/de\/wp-json\/wp\/v2\/types\/post"}],"author":[{"embeddable":true,"href":"https:\/\/www.europesays.com\/de\/wp-json\/wp\/v2\/users\/2"}],"replies":[{"embeddable":true,"href":"https:\/\/www.europesays.com\/de\/wp-json\/wp\/v2\/comments?post=1270548"}],"version-history":[{"count":0,"href":"https:\/\/www.europesays.com\/de\/wp-json\/wp\/v2\/posts\/1270548\/revisions"}],"wp:featuredmedia":[{"embeddable":true,"href":"https:\/\/www.europesays.com\/de\/wp-json\/wp\/v2\/media\/1270549"}],"wp:attachment":[{"href":"https:\/\/www.europesays.com\/de\/wp-json\/wp\/v2\/media?parent=1270548"}],"wp:term":[{"taxonomy":"category","embeddable":true,"href":"https:\/\/www.europesays.com\/de\/wp-json\/wp\/v2\/categories?post=1270548"},{"taxonomy":"post_tag","embeddable":true,"href":"https:\/\/www.europesays.com\/de\/wp-json\/wp\/v2\/tags?post=1270548"}],"curies":[{"name":"wp","href":"https:\/\/api.w.org\/{rel}","templated":true}]}}