{"id":1270576,"date":"2026-08-30T22:16:37","date_gmt":"2026-08-30T22:16:37","guid":{"rendered":"https:\/\/www.europesays.com\/de\/1270576\/"},"modified":"2026-08-30T22:16:37","modified_gmt":"2026-08-30T22:16:37","slug":"der-ksc-will-sich-in-hannover-moeglichst-von-seiner-sahneseite-zeigen","status":"publish","type":"post","link":"https:\/\/www.europesays.com\/de\/1270576\/","title":{"rendered":"Der KSC will sich in Hannover m\u00f6glichst von seiner Sahneseite zeigen."},"content":{"rendered":"<p class=\"mb-6 text-xs-varying md:text-m lg:text-l font-serif group-[.font-sans]:font-sans \">\n    Die nieders\u00e4chsischen Festspieltage gehen in die n\u00e4chste Runde. Nach dem <a href=\"https:\/\/www.ka-news.de\/ksc\/aus-sicht-vieler-ksc-anhaenger-geht-die-welt-nach-der-2-5-pleite-gegen-wolfsburg-alles-andere-als-unter-115100197\" target=\"_self\" class=\"underline \" rel=\"nofollow noopener\">VfL Wolfsburg<\/a> ist vor Hannover 96. Der kommende Gegner des <a href=\"https:\/\/www.ka-news.de\/ksc\/mit-einer-2-5-klatsche-wurde-der-ksc-vor-heimischem-publikum-vom-vfl-wolfsburg-ordentlich-abgestraft-115099944\" target=\"_self\" class=\"underline \" rel=\"nofollow noopener\">Karlsruher SC<\/a> wartet bereits am kommenden Freitagabend, 4. August 2026, um 18.30 Uhr. Die schwierige Ausw\u00e4rtspartie in der Heinz von Heiden Arena (Fassungsverm\u00f6gen von knapp 50.000 Zuschauern) d\u00fcrfte dabei nicht nur ein echter sportlicher \u201eGradmesser\u201c f\u00fcr die Badener darstellen, sondern dar\u00fcber hinaus Aufschluss \u00fcber den Umgang mit der bitteren <a href=\"https:\/\/www.ka-news.de\/ksc\/bildergalerie-zur-turbulenten-ksc-pleite-gegen-wolfsburg-115099734\" target=\"_self\" class=\"underline \" rel=\"nofollow noopener\">2:5-Pleite<\/a> gegen die \u201eW\u00f6lfe\u201c geben.\n  <\/p>\n<p class=\"mb-6 text-xs-varying md:text-m lg:text-l font-serif group-[.font-sans]:font-sans \">\n    Mit den Hannoveranern wartet ein Team, das momentan auf Platz 13 der Tabelle rangiert und nach drei Spieltagen nur etwas entt\u00e4uschende drei Z\u00e4hler auf dem Konto hat. Zu Buche stehen den \u201eRoten\u201c n\u00e4mlich auch zwei \u00e4rgerliche Pleiten gegen Cottbus (1:3) sowie eine Derby-Niederlage gegen Klassenprimus Wolfsburg (0:1). Immerhin konnte sich die Truppe von Cheftrainer Christian\u00a0Titz im <a href=\"https:\/\/www.ka-news.de\/ksc\/dfb-pokal-ksc-startet-gegen-drittligist-preussen-muenster-in-die-neue-saison-114385864\" target=\"_self\" class=\"underline \" rel=\"nofollow noopener\">DFB-Pokal<\/a> beim 9:1 gegen 5. Ligist SV Hemelingen aus Bremen den Liga-Frust etwas von der Seele schie\u00dfen.\n  <\/p>\n<p>            96-Kapit\u00e4n Thordarson verletzt &#8211; Einsatz wohl unklar<\/p>\n<p class=\"mb-6 text-xs-varying md:text-m lg:text-l font-serif group-[.font-sans]:font-sans \">\n    Der sehr ambitionierte Zweitligist aus dem Norden scheiterte im letzten Jahr denkbar knapp am Bundesligaaufstieg und m\u00f6chte in dieser Saison einen neuen Anlauf in Richtung Fu\u00dfball-Oberhaus nehmen. Daf\u00fcr w\u00e4re nach dem bescheidenen Start ein Dreier gegen den <a href=\"https:\/\/www.ka-news.de\/ksc\/nach-abpfiff-des-suedwest-derbys-zwischen-kaiserslautern-und-karlsruhe-rumorte-es-noch-eine-weile-3-115024925\" target=\"_self\" class=\"underline \" rel=\"nofollow noopener\">KSC<\/a> eigentlich Pflicht, denn bei einer neuerlichen Niederlage w\u00e4re der 96-Fehlstart perfekt. Die <a href=\"https:\/\/www.ka-news.de\/ksc\/bildergalerie-zur-starken-ksc-nullnummer-auf-dem-betze-115021003\" target=\"_self\" class=\"underline \" rel=\"nofollow noopener\">Karlsruher<\/a> Spieler d\u00fcrften sich demnach \u00fcber den Druck, der bei den Niedersachsen auf dem Kessel ist, bewusst sein.\n  <\/p>\n<p>    <img decoding=\"async\" src=\"https:\/\/www.europesays.com\/de\/wp-content\/uploads\/2026\/08\/dsc4155.jpg\" alt=\"KSC-Mittelfeldspieler Danyal Zor reist mit seinen Teamkollegen kommende Woche nach Hannover.\" title=\"KSC-Mittelfeldspieler Danyal Zor reist mit seinen Teamkollegen kommende Woche nach Hannover.\" loading=\"lazy\" class=\"h-full w-full object-cover\"\/><\/p>\n<p>      Icon vergr\u00f6\u00dfern<\/p>\n<p>    KSC-Mittelfeldspieler Danyal Zor reist mit seinen Teamkollegen kommende Woche nach Hannover.<br \/>\n    Foto: Michaela Anderer<\/p>\n<p>        Schlie\u00dfen <\/p>\n<p>      Icon Schlie\u00dfen<\/p>\n<p>        Icon vergr\u00f6\u00dfern<\/p>\n<p>        Icon verkleinern<\/p>\n<p>      Icon Pfeil bewegen<\/p>\n<p>    KSC-Mittelfeldspieler Danyal Zor reist mit seinen Teamkollegen kommende Woche nach Hannover.<br \/>\n    Foto: Michaela Anderer<\/p>\n<p class=\"mb-6 text-xs-varying md:text-m lg:text-l font-serif group-[.font-sans]:font-sans \">\n    Warum Hannover ein Gegner mit gro\u00dfem Potential ist, wurde am 3. Spieltag dann aber klar. Beim bislang einzigen Sieg \u00fcber Meisterschaftsanw\u00e4rter Damstadt 98 (1:0) bewiesen die technisch versierten Kicker um Interimskapit\u00e4n Maurice Neubauer, warum jederzeit mit ihnen zu rechnen sein muss. Die Truppe aus Hannover verf\u00fcgt \u00fcber eine gute Mischung aus jungen, hungrigen und erfahrenen Spielern. Zu den absoluten Leistungstr\u00e4gern z\u00e4hlen neben dem von R\u00fcckenproblemen geplagten Stammkapit\u00e4n Stefan Thordarson auch Marcel Hartel sowie Lars Gindorf in der Offenisve. Hinten sollen die Innenverteidiger Boris Tomiak, Ime Okon und  Jean Hugonet f\u00fcr Stabilit\u00e4t sorgen.\n  <\/p>\n<p>            KSC will sich in Hannover rehabilitieren<\/p>\n<p class=\"mb-6 text-xs-varying md:text-m lg:text-l font-serif group-[.font-sans]:font-sans \">\n    F\u00fcr den <a href=\"https:\/\/www.ka-news.de\/ksc\" target=\"_self\" class=\"underline \" rel=\"nofollow noopener\">KSC<\/a> gilt es insbesondere, den vollen Fokus auf sein eigenes Spiel zu lenken, das \u00fcber weite Strecken selbst bei der deftigen Abreibung gegen die \u201eW\u00f6lfe\u201c ordentlich anzuschauen war. Wie Cheftrainer <a href=\"https:\/\/www.ka-news.de\/ksc\/karlsruhe-dreht-pokalspiel-gegen-preussen-muenster-und-zieht-in-naechste-runde-ein-23-08-26-115059146\" target=\"_self\" class=\"underline \" rel=\"nofollow noopener\">Maximilian Senft<\/a> taktisch in Hannover \u00fcberzeugen m\u00f6chte, steht noch in den Sternen &#8211; bis zum Showdown sind es schlie\u00dflich noch einige Tage hin. Auch personell wird die Trainingswoche zeigen, auf wen die Badener in Hannover setzen k\u00f6nnen. \u00dcber verletzungsbedingte Ausf\u00e4lle bei den \u201eBlau-Wei\u00dfen\u201c war zum gegenw\u00e4rtigen Zeitpunkt nichts bekannt.\n  <\/p>\n<p class=\"mb-6 text-xs-varying md:text-m lg:text-l font-serif group-[.font-sans]:font-sans \">\n    Bei einem Erfolg in der Fremde winkt dem KSC die obere Tabellenh\u00e4fte, im Fall einer Niederlage m\u00fcssen sich die Badener zumindest vorerst von den lukrativen Pl\u00e4tzen verabschieden. Sicher in der noch sehr fr\u00fchen Saison ist jedoch, dass auch in der nieders\u00e4chsischen Landeshauptstadt wieder die geballte KSC-Fanszene ihre Farben lautstark nach vorne peitschen wird.\n  <\/p>\n","protected":false},"excerpt":{"rendered":"Die nieders\u00e4chsischen Festspieltage gehen in die n\u00e4chste Runde. Nach dem VfL Wolfsburg ist vor Hannover 96. Der kommende&hellip;\n","protected":false},"author":2,"featured_media":1270577,"comment_status":"","ping_status":"","sticky":false,"template":"","format":"standard","meta":{"footnotes":"","_share_on_mastodon":"0"},"categories":[1836],"tags":[117346,8432,3364,29,262445,30,46,2366,27052,3850,1411,262446,931,605],"class_list":["post-1270576","post","type-post","status-publish","format-standard","has-post-thumbnail","category-hannover","tag-auswaertshuerde","tag-cottbus","tag-de","tag-deutschland","tag-festspieltag","tag-germany","tag-hannover","tag-hannover-96","tag-heinz","tag-karlsruher-sc","tag-niedersachsen","tag-stefan-thordarson","tag-vfl-wolfsburg","tag-wolfsburg"],"share_on_mastodon":{"url":"https:\/\/pubeurope.com\/@de\/117186777166326674","error":""},"_links":{"self":[{"href":"https:\/\/www.europesays.com\/de\/wp-json\/wp\/v2\/posts\/1270576","targetHints":{"allow":["GET"]}}],"collection":[{"href":"https:\/\/www.europesays.com\/de\/wp-json\/wp\/v2\/posts"}],"about":[{"href":"https:\/\/www.europesays.com\/de\/wp-json\/wp\/v2\/types\/post"}],"author":[{"embeddable":true,"href":"https:\/\/www.europesays.com\/de\/wp-json\/wp\/v2\/users\/2"}],"replies":[{"embeddable":true,"href":"https:\/\/www.europesays.com\/de\/wp-json\/wp\/v2\/comments?post=1270576"}],"version-history":[{"count":0,"href":"https:\/\/www.europesays.com\/de\/wp-json\/wp\/v2\/posts\/1270576\/revisions"}],"wp:featuredmedia":[{"embeddable":true,"href":"https:\/\/www.europesays.com\/de\/wp-json\/wp\/v2\/media\/1270577"}],"wp:attachment":[{"href":"https:\/\/www.europesays.com\/de\/wp-json\/wp\/v2\/media?parent=1270576"}],"wp:term":[{"taxonomy":"category","embeddable":true,"href":"https:\/\/www.europesays.com\/de\/wp-json\/wp\/v2\/categories?post=1270576"},{"taxonomy":"post_tag","embeddable":true,"href":"https:\/\/www.europesays.com\/de\/wp-json\/wp\/v2\/tags?post=1270576"}],"curies":[{"name":"wp","href":"https:\/\/api.w.org\/{rel}","templated":true}]}}