{"id":1270578,"date":"2026-08-30T22:18:46","date_gmt":"2026-08-30T22:18:46","guid":{"rendered":"https:\/\/www.europesays.com\/de\/1270578\/"},"modified":"2026-08-30T22:18:46","modified_gmt":"2026-08-30T22:18:46","slug":"juedische-kulturtage-lebendige-erinnerung-neustadt-gefluester","status":"publish","type":"post","link":"https:\/\/www.europesays.com\/de\/1270578\/","title":{"rendered":"J\u00fcdische Kulturtage: \u201eLebendige Erinnerung&#8220; &#8211; Neustadt-Gefl\u00fcster"},"content":{"rendered":"<p>Vom 3. bis 6. September verwandeln die 4. J\u00fcdischen Kulturtage Dresden die Neustadt in eine B\u00fchne f\u00fcr j\u00fcdisches Leben \u2013 mit Konzerten, Torah-Kalligraphie und einem Tanzabend am Schwarzen Meer. Motto: \u201eLebendige Erinnerung\u201c.<br \/>\n<img fetchpriority=\"high\" decoding=\"async\" src=\"https:\/\/www.europesays.com\/de\/wp-content\/uploads\/2026\/08\/2026-08-30-KaraYam-Foto-Anton-Tal.jpg\" alt=\"Schwarz-Meer-Ball mit dem Kara Yam Ensemble am Sonnabend - Foto: Anton Tal\" width=\"1552\" height=\"873\" class=\"size-full wp-image-241169\"  \/>Schwarz-Meer-Ball mit dem Kara Yam Ensemble am Sonnabend \u2013 Foto: Anton Tal\n<\/p>\n<p>Vier Tage, ein gutes Dutzend Programmpunkte, drei Spielorte zwischen J\u00fcdischer Kultusgemeinde und Altem Leipziger Bahnhof \u2013 und der Eintritt ist \u00fcberall frei. Veranstalter ist der Verein \u201eSpielen gegen Antisemitismus e.V.\u201c, der mit dem Festival gegen Stereotype und Judenhass ank\u00e4mpft, diesmal mit den Mitteln von Klezmer, Kalligraphie und Kara-Yam-Rhythmen statt mit erhobenem Zeigefinger.\n<\/p>\n<p>Die H\u00f6hepunkte<\/p>\n<p>Los geht\u2019s am Donnerstag auf der anderen Elbseite im Stadtmuseum mit der Er\u00f6ffnung und einer Torah-Schreibwerkstatt: Die Soferit Liora Mendez gew\u00e4hrt Einblicke in ein Handwerk, das man selten aus der N\u00e4he sieht. Freitagabend l\u00e4dt die J\u00fcdische Kultusgemeinde an der Eisenbahnstra\u00dfe zum offenen Schabbat mit der Banda Comunale und der Fiatelle Blaskapelle \u2013 Anmeldung erw\u00fcnscht.\n<\/p>\n<p>Der Sonnabend wird voll: Masterclass f\u00fcr jiddischen Gesang, Klezmer und Makam im Haus der Br\u00fccke, ein Rundgang zur Geschichte des Alten Leipziger Bahnhofs, ein gem\u00fctliches \u201ePlaudern &amp; Chill\u201c bei der Hanse3 \u2013 und abends der Schwarz-Meer-Ball mit dem Kara Yam Ensemble unter Ilya Shneyveys, moderiert von Tanzmeisterin Yeva Lapsker.<\/p>\n<p><img loading=\"lazy\" decoding=\"async\" src=\"https:\/\/www.europesays.com\/de\/wp-content\/uploads\/2026\/08\/2026-08-30-Ensemble-Lucidarium.jpg\" alt=\"Ensemble Lucidarium\" width=\"980\" height=\"695\" class=\"size-full wp-image-241170\"  \/>Ensemble Lucidarium<\/p>\n<p>Zum Ausklang am Sonntag zeigen die Masterclass-Teilnehmenden im Haus der Br\u00fccke, was sie gelernt haben, tags\u00fcber gibt\u2019s Kalligraphie-Workshops f\u00fcr Kinder und Erwachsene, und um 19 Uhr beschlie\u00dft das Ensemble Lucidarium mit \u201eBereshit\u201c das Festival: j\u00fcdische Musik des Mittelalters, gespielt auf historischen Instrumenten.\n<\/p>\n<p>Worum es geht<\/p>\n<p>\u201eUns geht es weniger um die historische R\u00fcckschau, sondern um die Intensit\u00e4t des Augenblicks\u201c, sagt Festivalleiterin Avery Gosfield \u2013 ob im Konzentrationsmoment eines Schreib-Workshops oder in der Euphorie eines Tanzabends. Dresden ist eingeladen, Teil davon zu sein.\n<\/p>\n<ul>\n<li>Das vollst\u00e4ndige Programm mit allen Uhrzeiten und Anmeldelinks gibt\u2019s <a href=\"https:\/\/s-g-a.eu\/juedische-kulturtage-lebendige-erinnerung-2026\/\" target=\"_blank\" rel=\"nofollow noopener\">hier<\/a>.<\/li>\n<\/ul>\n","protected":false},"excerpt":{"rendered":"Vom 3. bis 6. September verwandeln die 4. J\u00fcdischen Kulturtage Dresden die Neustadt in eine B\u00fchne f\u00fcr j\u00fcdisches&hellip;\n","protected":false},"author":2,"featured_media":1270579,"comment_status":"","ping_status":"","sticky":false,"template":"","format":"standard","meta":{"footnotes":"","_share_on_mastodon":"0"},"categories":[1835],"tags":[3364,29,2386,30,262447,80,4229,859],"class_list":["post-1270578","post","type-post","status-publish","format-standard","has-post-thumbnail","category-dresden","tag-de","tag-deutschland","tag-dresden","tag-germany","tag-juedische-kulturtage","tag-kultur","tag-neustadt","tag-sachsen"],"share_on_mastodon":{"url":"https:\/\/pubeurope.com\/@de\/117186785657909653","error":""},"_links":{"self":[{"href":"https:\/\/www.europesays.com\/de\/wp-json\/wp\/v2\/posts\/1270578","targetHints":{"allow":["GET"]}}],"collection":[{"href":"https:\/\/www.europesays.com\/de\/wp-json\/wp\/v2\/posts"}],"about":[{"href":"https:\/\/www.europesays.com\/de\/wp-json\/wp\/v2\/types\/post"}],"author":[{"embeddable":true,"href":"https:\/\/www.europesays.com\/de\/wp-json\/wp\/v2\/users\/2"}],"replies":[{"embeddable":true,"href":"https:\/\/www.europesays.com\/de\/wp-json\/wp\/v2\/comments?post=1270578"}],"version-history":[{"count":0,"href":"https:\/\/www.europesays.com\/de\/wp-json\/wp\/v2\/posts\/1270578\/revisions"}],"wp:featuredmedia":[{"embeddable":true,"href":"https:\/\/www.europesays.com\/de\/wp-json\/wp\/v2\/media\/1270579"}],"wp:attachment":[{"href":"https:\/\/www.europesays.com\/de\/wp-json\/wp\/v2\/media?parent=1270578"}],"wp:term":[{"taxonomy":"category","embeddable":true,"href":"https:\/\/www.europesays.com\/de\/wp-json\/wp\/v2\/categories?post=1270578"},{"taxonomy":"post_tag","embeddable":true,"href":"https:\/\/www.europesays.com\/de\/wp-json\/wp\/v2\/tags?post=1270578"}],"curies":[{"name":"wp","href":"https:\/\/api.w.org\/{rel}","templated":true}]}}