{"id":1270592,"date":"2026-08-30T22:26:41","date_gmt":"2026-08-30T22:26:41","guid":{"rendered":"https:\/\/www.europesays.com\/de\/1270592\/"},"modified":"2026-08-30T22:26:41","modified_gmt":"2026-08-30T22:26:41","slug":"bvb-kreuzbandriss-bei-konstantelias-cramer-spricht-ueber-sancho","status":"publish","type":"post","link":"https:\/\/www.europesays.com\/de\/1270592\/","title":{"rendered":"BVB: Kreuzbandriss bei Konstantelias &#8211; Cramer spricht \u00fcber Sancho"},"content":{"rendered":"<p>\t\tKreuzbandriss bei Konstantelias best\u00e4tigt<br \/>\n\t\t\t\t\tBVB-Boss Cramer spricht \u00fcber Sancho-Ger\u00fcchte<\/p>\n<p>\t\t<img alt=\"\" src=\"https:\/\/www.europesays.com\/de\/wp-content\/uploads\/2025\/04\/630_0036_303080_.jpg\"  class=\"avatar avatar-36 photo avatar-default\" height=\"36\" width=\"36\" loading=\"eager\" decoding=\"async\"\/>\t\t<a class=\"article-author__name\" href=\"https:\/\/www.ruhrnachrichten.de\/author\/florian-groeger\/\" rel=\"author nofollow noopener\" target=\"_blank\">Florian Groeger<\/a><br \/>\n\t\tRedakteur<\/p>\n<p>    <a href=\"https:\/\/www.ruhrnachrichten.de\/wp-content\/uploads\/2026\/08\/30\/15\/630_0900_6759938_-1648x824.jpg\" rel=\"nofollow noopener\" target=\"_blank\"><\/p>\n<p>            <img decoding=\"async\" fetchpriority=\"high\" src=\"https:\/\/www.europesays.com\/de\/wp-content\/uploads\/2026\/08\/630_0900_6759897_-640x428.jpg\" width=\"640\" height=\"428\"  alt=\"BVB-Spieler Giannis Konstantelias liegt verletzt am Boden.\"\/><\/p>\n<p>    <\/a><br \/>\n    Wird dem BVB monatelang fehlen: Giannis Konstantelias. \u00a9 imago \/ HMB-Media<\/p>\n<p class=\"article__teaser-text\">Die BVB-Untersuchungen best\u00e4tigen die Bef\u00fcrchtungen: Konstanetlias hat sich einen Kreuzbandriss zugezogen. Wie reagiert Dortmund? Cramer spricht \u00fcber Sancho.<\/p>\n<p>2 Min Lesezeit<\/p>\n<p>BVB mehrere Monate ohne KonstanteliasBVB-Pokalspiel am Dienstag in Hamburg<\/p>\n","protected":false},"excerpt":{"rendered":"Kreuzbandriss bei Konstantelias best\u00e4tigt BVB-Boss Cramer spricht \u00fcber Sancho-Ger\u00fcchte Florian Groeger Redakteur Wird dem BVB monatelang fehlen: Giannis&hellip;\n","protected":false},"author":2,"featured_media":1270593,"comment_status":"","ping_status":"","sticky":false,"template":"","format":"standard","meta":{"footnotes":"","_share_on_mastodon":"0"},"categories":[1833],"tags":[888,403,3364,29,217,30,1209],"class_list":["post-1270592","post","type-post","status-publish","format-standard","has-post-thumbnail","category-dortmund","tag-borussia-dortmund","tag-bvb","tag-de","tag-deutschland","tag-dortmund","tag-germany","tag-nordrhein-westfalen"],"share_on_mastodon":{"url":"https:\/\/pubeurope.com\/@de\/117186814805601487","error":""},"_links":{"self":[{"href":"https:\/\/www.europesays.com\/de\/wp-json\/wp\/v2\/posts\/1270592","targetHints":{"allow":["GET"]}}],"collection":[{"href":"https:\/\/www.europesays.com\/de\/wp-json\/wp\/v2\/posts"}],"about":[{"href":"https:\/\/www.europesays.com\/de\/wp-json\/wp\/v2\/types\/post"}],"author":[{"embeddable":true,"href":"https:\/\/www.europesays.com\/de\/wp-json\/wp\/v2\/users\/2"}],"replies":[{"embeddable":true,"href":"https:\/\/www.europesays.com\/de\/wp-json\/wp\/v2\/comments?post=1270592"}],"version-history":[{"count":0,"href":"https:\/\/www.europesays.com\/de\/wp-json\/wp\/v2\/posts\/1270592\/revisions"}],"wp:featuredmedia":[{"embeddable":true,"href":"https:\/\/www.europesays.com\/de\/wp-json\/wp\/v2\/media\/1270593"}],"wp:attachment":[{"href":"https:\/\/www.europesays.com\/de\/wp-json\/wp\/v2\/media?parent=1270592"}],"wp:term":[{"taxonomy":"category","embeddable":true,"href":"https:\/\/www.europesays.com\/de\/wp-json\/wp\/v2\/categories?post=1270592"},{"taxonomy":"post_tag","embeddable":true,"href":"https:\/\/www.europesays.com\/de\/wp-json\/wp\/v2\/tags?post=1270592"}],"curies":[{"name":"wp","href":"https:\/\/api.w.org\/{rel}","templated":true}]}}