{"id":1270600,"date":"2026-08-30T22:31:31","date_gmt":"2026-08-30T22:31:31","guid":{"rendered":"https:\/\/www.europesays.com\/de\/1270600\/"},"modified":"2026-08-30T22:31:31","modified_gmt":"2026-08-30T22:31:31","slug":"fortuna-duesseldorf-besiegt-vfb-stuttgart-ii","status":"publish","type":"post","link":"https:\/\/www.europesays.com\/de\/1270600\/","title":{"rendered":"Fortuna D\u00fcsseldorf besiegt VfB Stuttgart II"},"content":{"rendered":"<p class=\"text_ohne_einzug richtext text-em-55 !leading-serif mx-6 desktop:mx-0\">Anas Slimani musste zun\u00e4chst ein paar Meter gehen, ehe der Applaus noch einmal zur\u00fcckkehrte. Denn der Youngster von Drittligist Fortuna hatte das Spielfeld unweit des G\u00e4steblocks verlassen, und weder dort noch in den direkt angrenzenden Bereichen der Nordtrib\u00fcne befand sich w\u00e4hrend des Duells mit der U23 des <a href=\"https:\/\/rp-online.de\/thema\/vfb-stuttgart\/\" rel=\"nofollow noopener\" target=\"_blank\">VfB Stuttgart<\/a> auch nur eine einzige Menschenseele. Erst die Kurve zur Haupttrib\u00fcne war wieder bev\u00f6lkert, sodass die Fans den 19-J\u00e4hrigen zumindest dort ein zweites Mal bejubelten. Den ganz gro\u00dfen Beifall hatte er zu diesem Zeitpunkt ohnehin schon erhalten: <a href=\"https:\/\/rp-online.de\/sport\/fussball\/fortuna\/fortuna-duesseldorf-f95-gewinnt-gegen-vfb-stuttgart-ii-slimani-ragt-heraus_aid-153823131\" target=\"_blank\" rel=\"nofollow noopener\">Als Slimani ausgewechselt worden war, hatte sich die gesamte Arena erhoben und das Talent so sehr gefeiert wie den sp\u00e4teren 1:0-Sieg.<\/a><\/p>\n","protected":false},"excerpt":{"rendered":"Anas Slimani musste zun\u00e4chst ein paar Meter gehen, ehe der Applaus noch einmal zur\u00fcckkehrte. Denn der Youngster von&hellip;\n","protected":false},"author":2,"featured_media":1266831,"comment_status":"","ping_status":"","sticky":false,"template":"","format":"standard","meta":{"footnotes":"","_share_on_mastodon":"0"},"categories":[1831],"tags":[3364,29,3405,6223,2951,1213,30,58180,1209],"class_list":["post-1270600","post","type-post","status-publish","format-standard","has-post-thumbnail","category-duesseldorf","tag-de","tag-deutschland","tag-duesseldorf","tag-fortuna","tag-gaensehaut","tag-gas","tag-germany","tag-nachgedacht","tag-nordrhein-westfalen"],"share_on_mastodon":{"url":"https:\/\/pubeurope.com\/@de\/117186834448931937","error":""},"_links":{"self":[{"href":"https:\/\/www.europesays.com\/de\/wp-json\/wp\/v2\/posts\/1270600","targetHints":{"allow":["GET"]}}],"collection":[{"href":"https:\/\/www.europesays.com\/de\/wp-json\/wp\/v2\/posts"}],"about":[{"href":"https:\/\/www.europesays.com\/de\/wp-json\/wp\/v2\/types\/post"}],"author":[{"embeddable":true,"href":"https:\/\/www.europesays.com\/de\/wp-json\/wp\/v2\/users\/2"}],"replies":[{"embeddable":true,"href":"https:\/\/www.europesays.com\/de\/wp-json\/wp\/v2\/comments?post=1270600"}],"version-history":[{"count":0,"href":"https:\/\/www.europesays.com\/de\/wp-json\/wp\/v2\/posts\/1270600\/revisions"}],"wp:featuredmedia":[{"embeddable":true,"href":"https:\/\/www.europesays.com\/de\/wp-json\/wp\/v2\/media\/1266831"}],"wp:attachment":[{"href":"https:\/\/www.europesays.com\/de\/wp-json\/wp\/v2\/media?parent=1270600"}],"wp:term":[{"taxonomy":"category","embeddable":true,"href":"https:\/\/www.europesays.com\/de\/wp-json\/wp\/v2\/categories?post=1270600"},{"taxonomy":"post_tag","embeddable":true,"href":"https:\/\/www.europesays.com\/de\/wp-json\/wp\/v2\/tags?post=1270600"}],"curies":[{"name":"wp","href":"https:\/\/api.w.org\/{rel}","templated":true}]}}