{"id":1270623,"date":"2026-08-30T22:47:19","date_gmt":"2026-08-30T22:47:19","guid":{"rendered":"https:\/\/www.europesays.com\/de\/1270623\/"},"modified":"2026-08-30T22:47:19","modified_gmt":"2026-08-30T22:47:19","slug":"zugausfaelle-nachts-auf-der-re1-strecke-ab-montag","status":"publish","type":"post","link":"https:\/\/www.europesays.com\/de\/1270623\/","title":{"rendered":"Zugausf\u00e4lle nachts auf der RE1-Strecke ab Montag"},"content":{"rendered":"<p>F\u00fcr Pendler auf der RE1-Strecke zwischen Berlin und Frankfurt (Oder) gibt es erneut Einschr\u00e4nkungen: Von Montag (31. August) bis zum 18. September kommt es zu Ausf\u00e4llen und n\u00e4chtlichem Ersatzverkehr sowie Fahrzeit\u00e4nderungen auf der Strecke, wie die Ostdeutsche Eisenbahngesellschaft (Odeg) mitteilte. Einen Grund daf\u00fcr nannte die Odeg nicht.<\/p>\n<p>Ein Ersatzverkehr mit Bussen wird eingerichtet. Rollst\u00fchle, Kinderwagen und Fahrr\u00e4der k\u00f6nnen deshalb nur eingeschr\u00e4nkt bef\u00f6rdert werden. Welche Z\u00fcge oder Busse wo und wann fahren, kann auf der Webseite des Verkehrsverbundes Berlin-Brandenburg [<a href=\"https:\/\/www.vbb.de\/\" target=\"_blank\" rel=\"nofollow noopener\">vbb.de<\/a>] und in den mobilen Apps \u00fcberpr\u00fcft werden.<\/p>\n","protected":false},"excerpt":{"rendered":"F\u00fcr Pendler auf der RE1-Strecke zwischen Berlin und Frankfurt (Oder) gibt es erneut Einschr\u00e4nkungen: Von Montag (31. August)&hellip;\n","protected":false},"author":2,"featured_media":1270624,"comment_status":"","ping_status":"","sticky":false,"template":"","format":"standard","meta":{"footnotes":"","_share_on_mastodon":"0"},"categories":[1825],"tags":[296,1890,29,23302,30,122047],"class_list":["post-1270623","post","type-post","status-publish","format-standard","has-post-thumbnail","category-berlin","tag-berlin","tag-brandenburg","tag-deutschland","tag-frankfurt-oder","tag-germany","tag-oder-spree"],"share_on_mastodon":{"url":"https:\/\/pubeurope.com\/@de\/117186897238977418","error":""},"_links":{"self":[{"href":"https:\/\/www.europesays.com\/de\/wp-json\/wp\/v2\/posts\/1270623","targetHints":{"allow":["GET"]}}],"collection":[{"href":"https:\/\/www.europesays.com\/de\/wp-json\/wp\/v2\/posts"}],"about":[{"href":"https:\/\/www.europesays.com\/de\/wp-json\/wp\/v2\/types\/post"}],"author":[{"embeddable":true,"href":"https:\/\/www.europesays.com\/de\/wp-json\/wp\/v2\/users\/2"}],"replies":[{"embeddable":true,"href":"https:\/\/www.europesays.com\/de\/wp-json\/wp\/v2\/comments?post=1270623"}],"version-history":[{"count":0,"href":"https:\/\/www.europesays.com\/de\/wp-json\/wp\/v2\/posts\/1270623\/revisions"}],"wp:featuredmedia":[{"embeddable":true,"href":"https:\/\/www.europesays.com\/de\/wp-json\/wp\/v2\/media\/1270624"}],"wp:attachment":[{"href":"https:\/\/www.europesays.com\/de\/wp-json\/wp\/v2\/media?parent=1270623"}],"wp:term":[{"taxonomy":"category","embeddable":true,"href":"https:\/\/www.europesays.com\/de\/wp-json\/wp\/v2\/categories?post=1270623"},{"taxonomy":"post_tag","embeddable":true,"href":"https:\/\/www.europesays.com\/de\/wp-json\/wp\/v2\/tags?post=1270623"}],"curies":[{"name":"wp","href":"https:\/\/api.w.org\/{rel}","templated":true}]}}