{"id":1270627,"date":"2026-08-30T22:49:36","date_gmt":"2026-08-30T22:49:36","guid":{"rendered":"https:\/\/www.europesays.com\/de\/1270627\/"},"modified":"2026-08-30T22:49:36","modified_gmt":"2026-08-30T22:49:36","slug":"hertha-bsc-zwei-nationalspieler-wollen-sofort-nach-berlin-wechseln-berlin-sport","status":"publish","type":"post","link":"https:\/\/www.europesays.com\/de\/1270627\/","title":{"rendered":"Hertha BSC: Zwei Nationalspieler wollen sofort nach Berlin wechseln | Berlin-Sport"},"content":{"rendered":"<p>Der Countdown l\u00e4uft! Bis zum 1. September um 20 Uhr ist das Transferfenster in Deutschland ge\u00f6ffnet, anschlie\u00dfend k\u00f6nnen nur noch vertragslose Spieler verpflichtet werden. Hertha BSC hat bislang 15 Spieler abgegeben und drei geholt (Adewumi, Pedersen, Alfa-Ruprecht). Das soll es aber noch nicht gewesen sein. Zwei Verst\u00e4rkungen wollen und sollen noch nach Berlin kommen! Denn Hertha m\u00f6chte nach dem Sensationsstart in der 2. Liga  (drei Spiele, drei Siege) oben dranbleiben.<\/p>\n<p>Deshalb sagte <a href=\"https:\/\/www.bz-berlin.de\/berlin-sport\/hertha-bsc\" class=\"text-link\" rel=\"nofollow noopener\" target=\"_blank\">Hertha<\/a>-Trainer Stefan Leitl (49) vor einigen Tagen: \u201eWir wollen noch etwas machen, das ist klar. Ein St\u00fcrmer hat dabei Priorit\u00e4t. Aber vielleicht gibt es noch einen Spieler, der uns auf einer anderen Position gut zu Gesicht steht.\u201c<\/p>\n<p>B.Z. wei\u00df, wen Leitl meint: Mittelfeldspieler Hyun-seok Hong (27) von Bundesligist FSV Mainz 05 und Schwedens Nationalst\u00fcrmer Gustaf Nilsson (29)! Sie sind auf Herthas Transfer- und Wunschliste ganz oben. Beide Spieler hatten mehrere Anfragen, haben sich jetzt aber f\u00fcr Hertha entschieden, w\u00fcrden gern nach Berlin wechseln. Nun liegt es an Herthas Chefetage, die beiden Deals ins Ziel zu bringen. Keine leichte Aufgabe.<\/p>\n<p><img decoding=\"async\" width=\"992\" height=\"558\" alt=\"Linksfu\u00df Hyun-seok Hong (27) m\u00f6chte nach Berlin wechseln\" loading=\"lazy\" src=\"https:\/\/www.europesays.com\/de\/wp-content\/uploads\/2026\/08\/bc71262c2c5ba2971e2dc2689b5579b7,cf8b05a4.webp\"   class=\"landscape\"\/><\/p>\n<p class=\"fig__caption__text\">Linksfu\u00df Hyun-seok Hong (27) m\u00f6chte nach Berlin wechseln<\/p>\n<p>Foto: picture alliance\/HMB Media<\/p>\n<p>Hong ist ein offensiver, kreativer Mittelfeldspieler, der bereits 16 L\u00e4nderspiele f\u00fcr S\u00fcdkorea bestritt. Er steht noch bis 2028 in Mainz unter Vertrag, hat dort aber keine Einsatzchancen, darf deshalb den Verein verlassen. Mit dem laufstarken Hong w\u00fcrde Hertha BSC f\u00fcr das von Trainer Leitl geforderte schnelle Umschaltspiel den geeigneten Spieler bekommen.<\/p>\n<p>Mittelfeldspieler Hong und St\u00fcrmer Nilsson wollen zu Hertha BSC wechseln<\/p>\n<p>Auch Schwedens WM-Teilnehmer Gustaf Nilsson passt nahezu perfekt ins Anforderungsprofil des Zweitligisten. Er ist gro\u00df (1,97 Meter), kopfballstark, torgef\u00e4hrlich und kann auch sehr gut B\u00e4lle festmachen. Er steht in Belgien bei Club Br\u00fcgge noch bis 2028 unter Vertrag. Nilsson kennt Deutschland, spielte von 2021 bis 2022 f\u00fcr Drittligist Wehen Wiesbaden. Anschlie\u00dfend st\u00fcrmte er f\u00fcr Royale Union Saint-Gilloise (dort erzielte er 27 Treffer in zwei Jahren), wechselte dann nach Br\u00fcgge (2024).<\/p>\n<p><img decoding=\"async\" width=\"992\" height=\"558\" alt=\"Schwedens WM-Teilnehmer Gustaf Nilsson (29) soll Herthas Mittelst\u00fcrmer-Probleme beheben\" loading=\"lazy\" src=\"https:\/\/www.europesays.com\/de\/wp-content\/uploads\/2026\/08\/a869dad82421370e04a6f1f57b5aae88,28bfe41f.webp\"   class=\"landscape\"\/><\/p>\n<p class=\"fig__caption__text\">Schwedens WM-Teilnehmer Gustaf Nilsson (29) soll Herthas Mittelst\u00fcrmer-Probleme beheben<\/p>\n<p>Foto: picture alliance\/Claudio Bresciani\/TT News Agency via AP<\/p>\n<p>Dass Hertha noch einen erfahrenen Mittelst\u00fcrmer braucht, hat die Partie in Braunschweig (5:3) gezeigt. Angreifer Sebastian Gr\u00f6nning (29\/zwei Saisontreffer) lie\u00df mehrere Gro\u00dfchancen ungenutzt, konnte kaum B\u00e4lle festmachen. F\u00fcr Ersatzmann Luca Schuler (27) lief es nicht viel besser, auch er traf die Kiste nicht. Deshalb soll Nilsson unbedingt ausgeliehen werden. Seine Verpflichtung hat absolute Priorit\u00e4t. Der Countdown l\u00e4uft.<\/p>\n<p>Haben Sie einen Fehler in diesem Artikel entdeckt? Dann schreiben Sie uns gern: <a href=\"mailto:fehler.melden@bz.de?body=%0A%0A%0AURL%3A%20https%3A%2F%2Fwww.bz-berlin.de%2Fberlin-sport%2Fhertha-bsc%2Fhertha-bsc-zwei-nationalspieler-wollen-sofort-nach-berlin-wechseln-6a9450c6518a586e1855d6d9%0ADatum%3A%2031.8.2026%2C%2000%3A49%3A21%0A\" target=\"_blank\" rel=\"noopener\" class=\"anchor anchor--external\">fehler.melden@bz.de.<\/a><\/p>\n","protected":false},"excerpt":{"rendered":"Der Countdown l\u00e4uft! Bis zum 1. September um 20 Uhr ist das Transferfenster in Deutschland ge\u00f6ffnet, anschlie\u00dfend k\u00f6nnen&hellip;\n","protected":false},"author":2,"featured_media":1270628,"comment_status":"","ping_status":"","sticky":false,"template":"","format":"standard","meta":{"footnotes":"","_share_on_mastodon":"0"},"categories":[1825],"tags":[25017,296,29,35595,30,262257,1319,15381],"class_list":["post-1270627","post","type-post","status-publish","format-standard","has-post-thumbnail","category-berlin","tag-a2","tag-berlin","tag-deutschland","tag-fsv-mainz-05","tag-germany","tag-hertha-transfers","tag-schweden","tag-stefan-leitl"],"share_on_mastodon":{"url":"https:\/\/pubeurope.com\/@de\/117186908108677906","error":""},"_links":{"self":[{"href":"https:\/\/www.europesays.com\/de\/wp-json\/wp\/v2\/posts\/1270627","targetHints":{"allow":["GET"]}}],"collection":[{"href":"https:\/\/www.europesays.com\/de\/wp-json\/wp\/v2\/posts"}],"about":[{"href":"https:\/\/www.europesays.com\/de\/wp-json\/wp\/v2\/types\/post"}],"author":[{"embeddable":true,"href":"https:\/\/www.europesays.com\/de\/wp-json\/wp\/v2\/users\/2"}],"replies":[{"embeddable":true,"href":"https:\/\/www.europesays.com\/de\/wp-json\/wp\/v2\/comments?post=1270627"}],"version-history":[{"count":0,"href":"https:\/\/www.europesays.com\/de\/wp-json\/wp\/v2\/posts\/1270627\/revisions"}],"wp:featuredmedia":[{"embeddable":true,"href":"https:\/\/www.europesays.com\/de\/wp-json\/wp\/v2\/media\/1270628"}],"wp:attachment":[{"href":"https:\/\/www.europesays.com\/de\/wp-json\/wp\/v2\/media?parent=1270627"}],"wp:term":[{"taxonomy":"category","embeddable":true,"href":"https:\/\/www.europesays.com\/de\/wp-json\/wp\/v2\/categories?post=1270627"},{"taxonomy":"post_tag","embeddable":true,"href":"https:\/\/www.europesays.com\/de\/wp-json\/wp\/v2\/tags?post=1270627"}],"curies":[{"name":"wp","href":"https:\/\/api.w.org\/{rel}","templated":true}]}}