{"id":1270642,"date":"2026-08-30T22:59:17","date_gmt":"2026-08-30T22:59:17","guid":{"rendered":"https:\/\/www.europesays.com\/de\/1270642\/"},"modified":"2026-08-30T22:59:17","modified_gmt":"2026-08-30T22:59:17","slug":"chapeau-matthaeus-zollt-fc-bayern-riesenrespekt","status":"publish","type":"post","link":"https:\/\/www.europesays.com\/de\/1270642\/","title":{"rendered":"Chapeau&#8220;: Matth\u00e4us zollt FC Bayern &#8222;Riesenrespekt"},"content":{"rendered":"\n<p>Rekordnationalspieler Lothar Matth\u00e4us lobt den Zusammenhalt beim FC Bayern. Die Geschlossenheit im Verein zeige sich vor allem am Beispiel Jamal Musiala.<\/p>\n<p>Lothar Matth\u00e4us lobt den Umgang beim FC Bayern im Fall Jamal Musiala. Der deutsche Nationalspieler war im Schlussspurt der Sommervorbereitung binnen weniger Tage zweimal auf dem Platz zusammengebrochen.\u00a0Danach machte der 23 Jahre alte Nationalspieler eine neurologische Dysfunktion \u00f6ffentlich und dass er deshalb Absencen,\u00a0eine Form epileptischer Anf\u00e4lle, erlebe.<\/p>\n<p>&#8222;Das Allergr\u00f6\u00dfte, was ich bei Bayern M\u00fcnchen erlebt habe, war der Name Jamal Musiala. Man wei\u00df es im Verein seit sechs, sieben, acht Monaten. Aber es wissen ja nicht nur der Pr\u00e4sident und der Arzt. Das wei\u00df die ganze Mannschaft. Und es ist nichts rausgekommen&#8220;, hob Matth\u00e4us in der Sendung &#8222;Sky90&#8220; hervor: &#8222;Da sieht man den Zusammenhalt. Nicht nur auf dem Platz, sondern auch au\u00dferhalb des Platzes.&#8220;<\/p>\n<p>Der TV-Experte zollte dem FC Bayern daher einen &#8222;Riesenrespekt&#8220;, dass man mit so einem Thema &#8222;so geschlossen und richtig&#8220; umgegangen ist. &#8222;Da kann ich nur sagen: Chapeau vor dem FC Bayern.&#8220;<\/p>\n<p>Matth\u00e4us traut dem FC Bayern die Champions League zu<\/p>\n<p>Vorstandschef Jan-Christian Dreesen hatte unl\u00e4ngst erkl\u00e4rt, dass man beim Rekordmeister schon l\u00e4nger \u00fcber Jamal Musialas Gesundheitszustand informiert war. &#8222;Wir sind nat\u00fcrlich in Absprache mit dem Neurologen, mit seinen \u00c4rzten, die auch daf\u00fcr gesprochen haben, dass er spielt, dass der Klub ihn spielen l\u00e4sst&#8220;, so der Bayern-Boss.<\/p>\n<p>Im Supercup gegen den BVB (2:1) sowie zum Liga-Auftakt gegen den VfB Stuttgart (5:1) stand Musiala nicht im Kader.\u00a0<\/p>\n<p>Abseits des Dramas um den DFB-Star nannte Matth\u00e4us den FC Bayern als den &#8222;gro\u00dfen Favoriten auf alle Titel, um die sie mitspielen&#8220;. Nach dem Aus im Champions-League-Halbfinale gegen PSG habe sich der deutsche Rekordmeister den K\u00f6nigsklassensieg in dieser Saison &#8222;irgendwie verdient&#8220;, so der Rekordnationalspieler: &#8222;Und Harry Kane ist f\u00fcr mich auch der gro\u00dfe Favorit auf den Ballon d&#8217;Or.&#8220;<\/p>\n","protected":false},"excerpt":{"rendered":"Rekordnationalspieler Lothar Matth\u00e4us lobt den Zusammenhalt beim FC Bayern. Die Geschlossenheit im Verein zeige sich vor allem am&hellip;\n","protected":false},"author":2,"featured_media":1270643,"comment_status":"","ping_status":"","sticky":false,"template":"","format":"standard","meta":{"footnotes":"","_share_on_mastodon":"0"},"categories":[136],"tags":[299,29,458,347,30,35856,7603,265,863,887],"class_list":["post-1270642","post","type-post","status-publish","format-standard","has-post-thumbnail","category-sport","tag-bundesliga","tag-deutschland","tag-fc-bayern-muenchen","tag-fussball","tag-germany","tag-jamal-musiala","tag-lothar-matthaeus","tag-sport","tag-sport-allgemein","tag-top-fussball"],"share_on_mastodon":{"url":"https:\/\/pubeurope.com\/@de\/117186944710209460","error":""},"_links":{"self":[{"href":"https:\/\/www.europesays.com\/de\/wp-json\/wp\/v2\/posts\/1270642","targetHints":{"allow":["GET"]}}],"collection":[{"href":"https:\/\/www.europesays.com\/de\/wp-json\/wp\/v2\/posts"}],"about":[{"href":"https:\/\/www.europesays.com\/de\/wp-json\/wp\/v2\/types\/post"}],"author":[{"embeddable":true,"href":"https:\/\/www.europesays.com\/de\/wp-json\/wp\/v2\/users\/2"}],"replies":[{"embeddable":true,"href":"https:\/\/www.europesays.com\/de\/wp-json\/wp\/v2\/comments?post=1270642"}],"version-history":[{"count":0,"href":"https:\/\/www.europesays.com\/de\/wp-json\/wp\/v2\/posts\/1270642\/revisions"}],"wp:featuredmedia":[{"embeddable":true,"href":"https:\/\/www.europesays.com\/de\/wp-json\/wp\/v2\/media\/1270643"}],"wp:attachment":[{"href":"https:\/\/www.europesays.com\/de\/wp-json\/wp\/v2\/media?parent=1270642"}],"wp:term":[{"taxonomy":"category","embeddable":true,"href":"https:\/\/www.europesays.com\/de\/wp-json\/wp\/v2\/categories?post=1270642"},{"taxonomy":"post_tag","embeddable":true,"href":"https:\/\/www.europesays.com\/de\/wp-json\/wp\/v2\/tags?post=1270642"}],"curies":[{"name":"wp","href":"https:\/\/api.w.org\/{rel}","templated":true}]}}