{"id":1270649,"date":"2026-08-30T23:03:27","date_gmt":"2026-08-30T23:03:27","guid":{"rendered":"https:\/\/www.europesays.com\/de\/1270649\/"},"modified":"2026-08-30T23:03:27","modified_gmt":"2026-08-30T23:03:27","slug":"beliebtes-skigebiet-macht-dicht-zu-wenig-schnee-zu-hohe-schulden-news","status":"publish","type":"post","link":"https:\/\/www.europesays.com\/de\/1270649\/","title":{"rendered":"Beliebtes Skigebiet macht dicht: Zu wenig Schnee, zu hohe Schulden | News"},"content":{"rendered":"<p><a class=\"skip-content skip-content--link\" href=\"#in-content-skip-link-target-v-0-0\">TTS-Player \u00fcberspringen\u21b5<\/a><a id=\"in-content-skip-link-target-v-0-0\" class=\"skip-content--target-link-hidden skip-content skip-content--target-link\" href=\"#in-content-skip-link-target-v-0-0\">Artikel weiterlesen<\/a><\/p>\n<p>Braunwald (Schweiz) \u2013 <b>W\u00e4hrend Tausende Deutsche gerade ihre Skireisen f\u00fcr die kommende Saison buchen, endet in den Schweizer Alpen eine jahrzehntelange Wintersport-Tradition. Ein beliebtes Skigebiet zieht endg\u00fcltig den Stecker: Die Lifte bleiben k\u00fcnftig stehen, die Pisten werden nicht mehr pr\u00e4pariert.<\/b><\/p>\n<p>Im Bergdorf Braunwald im Kanton Glarus in der Schweiz ist Schluss mit dem klassischen Skibetrieb. Ab der kommenden Saison bleiben alle vier Skilifte geschlossen. Wo bislang Familien auf die Piste gingen und <a href=\"https:\/\/www.bild.de\/sport\/wintersport\/wintersport\/home-17127254.bild.html\" class=\"text-link\" rel=\"nofollow noopener\" target=\"_blank\">Wintersportler<\/a> ihre Schw\u00fcnge zogen, herrscht k\u00fcnftig Stillstand.<\/p>\n<p><img decoding=\"async\" width=\"992\" height=\"558\" alt=\"Noch im M\u00e4rz des vergangenen Jahres konnten Skifahrer die Pisten nutzen\" loading=\"lazy\" src=\"https:\/\/www.europesays.com\/de\/wp-content\/uploads\/2026\/08\/47a6f8cc90c6e972fcc136105c12de8b,c8d7462d.jpeg\"   class=\"landscape\"\/><\/p>\n<p class=\"fig__caption__text\">Im M\u00e4rz des vergangenen Jahres war das Skigebiet noch in Betrieb<\/p>\n<p>Foto: picture alliance\/KEYSTONE<\/p>\n<p>Warum der Skibetrieb eingestellt wird<\/p>\n<p>Hinter dem drastischen Schritt steckt eine Mischung aus Schneemangel und finanzieller Not, wie das Schweizer Radio und Fernsehen (SRF) berichtet. Die Sportbahnen Braunwald AG zieht nach Jahren der Verluste die Rei\u00dfleine: Allein im vergangenen Gesch\u00e4ftsjahr stand ein Verlust von rund 1,7 Millionen Euro in den B\u00fcchern. Nur ein Kredit in Millionenh\u00f6he konnte eine <a href=\"https:\/\/www.bild.de\/themen\/specials\/insolvenz\/finanzen-nachrichten-news-fotos-videos-21175522.bild.html\" class=\"text-link\" rel=\"nofollow noopener\" target=\"_blank\">Insolvenz<\/a> abwenden. <\/p>\n<p><img decoding=\"async\" width=\"992\" height=\"534\" alt=\"Auf dieser alten Aufnahme ist zu sehen, wie viel Schnee fr\u00fcher in Braunwald lag\" loading=\"lazy\" src=\"https:\/\/www.europesays.com\/de\/wp-content\/uploads\/2026\/08\/42eed1c92c74610b0b4e8c840b304a54,f5c5aad.jpeg\"   class=\"dynamic\"\/><\/p>\n<p class=\"fig__caption__text\">Auf dieser alten Aufnahme ist zu sehen, wie viel Schnee fr\u00fcher in Braunwald lag<\/p>\n<p>Foto: picture alliance\/Arkivi\/akpool GmbH<\/p>\n<p>F\u00fcr viele Bewohner und Gesch\u00e4ftsleute kommt das Aus einem Schock gleich. Noch bis zuletzt versuchten Aktion\u00e4re und Unterst\u00fctzer, die Verantwortlichen bei einer Generalversammlung zum Umdenken zu bewegen. Die Hoffnung: den <a href=\"https:\/\/www.bild.de\/reise\/europa\/skiurlaub\/skisaison-alle-infos-78345562.bild.html\" class=\"text-link\" rel=\"nofollow noopener\" target=\"_blank\">Skibetrieb<\/a> irgendwie zu retten. <\/p>\n<p>Was das Aus f\u00fcr Folgen haben k\u00f6nnte<\/p>\n<p>Doch nach einer emotionalen Sitzung blieb der Verwaltungsrat der Sportbahnen, der 52 Prozent der Aktienstimmen vertritt, hart. Die Betreiber verweisen laut SRF vor allem auf den <a href=\"https:\/\/www.bild.de\/themen\/ereignisse\/klimawandel\/news-nachrichten-news-fotos-videos-16877746.bild.html\" class=\"text-link\" rel=\"nofollow noopener\" target=\"_blank\">Schneemangel<\/a>. Viele G\u00e4ste w\u00fcrden dies von einem Besuch abhalten. <\/p>\n<p><img decoding=\"async\" width=\"992\" height=\"558\" alt=\"Bei der Generalversammlung wurde heftig diskutiert\" loading=\"lazy\" src=\"https:\/\/www.europesays.com\/de\/wp-content\/uploads\/2026\/08\/884bb7e4081027339b91058adac12237,f751c534.jpeg\"   class=\"landscape\"\/><\/p>\n<p class=\"fig__caption__text\">Bei der Generalversammlung am 26. August wurde heftig diskutiert <\/p>\n<p>Foto: picture alliance\/KEYSTONE<\/p>\n<p>Die Sorgen im Ort sind gro\u00df. Denn mit dem Ende des Skibetriebs steht weit mehr auf dem Spiel als nur ein paar Lifte. Hotels, Restaurants, Ferienwohnungsvermieter und andere Betriebe profitieren seit Jahrzehnten von den <a href=\"https:\/\/www.bild.de\/ratgeber\/aktuelles\/winterurlaub\/winterurlaub-alle-infos-78013700.bild.html\" class=\"text-link\" rel=\"nofollow noopener\" target=\"_blank\">Winterg\u00e4sten<\/a>. F\u00e4llt dieser Besucherstrom weg, k\u00f6nnte das f\u00fcr manche Unternehmen existenzbedrohende Folgen haben.<\/p>\n<p>Mehr zum ThemaWie es f\u00fcr das Ausflugsziel weitergeht<\/p>\n<p>Ganz verschwinden wird der Wintertourismus allerdings nicht. Die Gondelbahn auf den Grotzenb\u00fcel soll weiterhin fahren. Die Verantwortlichen setzen k\u00fcnftig st\u00e4rker auf Schlittenfahren oder Schneewanderungen. F\u00fcr viele Skifahrer ist die Entscheidung dennoch ein trauriges Signal. Der Klimawandel setzt immer mehr Skigebieten zu. Erst Mitte August stellte am Stilfser Joch in S\u00fcdtirol (Italien) <a href=\"https:\/\/www.bild.de\/news\/ausland\/auf-gletscher-letztes-skigebiet-europas-schliesst-wegen-hitze-6a841dfdd54f65372fb0cafc\" class=\"text-link\" rel=\"nofollow noopener\" target=\"_blank\">Europas letztes gro\u00dfes Sommer-Skigebiet<\/a> den Betrieb ein.<\/p>\n","protected":false},"excerpt":{"rendered":"TTS-Player \u00fcberspringen\u21b5Artikel weiterlesen Braunwald (Schweiz) \u2013 W\u00e4hrend Tausende Deutsche gerade ihre Skireisen f\u00fcr die kommende Saison buchen, endet&hellip;\n","protected":false},"author":2,"featured_media":1270650,"comment_status":"","ping_status":"","sticky":false,"template":"","format":"standard","meta":{"footnotes":"","_share_on_mastodon":"0"},"categories":[3],"tags":[1721,67442,13,1551,952,14,15,1371,101607,12,16406,137711,1620,185455,142413,136729,79020,10,8,9,11,103,864,27356,55,104],"class_list":["post-1270649","post","type-post","status-publish","format-standard","has-post-thumbnail","category-welt","tag-finanzen","tag-globale-erwaermung","tag-headlines","tag-insolvenz","tag-klimawandel","tag-nachrichten","tag-news","tag-pleite","tag-roethemeier-thomas","tag-schlagzeilen","tag-schnee","tag-schneefall","tag-schulden","tag-seo-first","tag-skifahren","tag-skigebiet","tag-skiurlaub","tag-top-news","tag-top-meldungen","tag-topmeldungen","tag-topnews","tag-welt","tag-wintersport","tag-winterurlaub","tag-wirtschaft","tag-world"],"share_on_mastodon":{"url":"https:\/\/pubeurope.com\/@de\/117186962039104899","error":""},"_links":{"self":[{"href":"https:\/\/www.europesays.com\/de\/wp-json\/wp\/v2\/posts\/1270649","targetHints":{"allow":["GET"]}}],"collection":[{"href":"https:\/\/www.europesays.com\/de\/wp-json\/wp\/v2\/posts"}],"about":[{"href":"https:\/\/www.europesays.com\/de\/wp-json\/wp\/v2\/types\/post"}],"author":[{"embeddable":true,"href":"https:\/\/www.europesays.com\/de\/wp-json\/wp\/v2\/users\/2"}],"replies":[{"embeddable":true,"href":"https:\/\/www.europesays.com\/de\/wp-json\/wp\/v2\/comments?post=1270649"}],"version-history":[{"count":0,"href":"https:\/\/www.europesays.com\/de\/wp-json\/wp\/v2\/posts\/1270649\/revisions"}],"wp:featuredmedia":[{"embeddable":true,"href":"https:\/\/www.europesays.com\/de\/wp-json\/wp\/v2\/media\/1270650"}],"wp:attachment":[{"href":"https:\/\/www.europesays.com\/de\/wp-json\/wp\/v2\/media?parent=1270649"}],"wp:term":[{"taxonomy":"category","embeddable":true,"href":"https:\/\/www.europesays.com\/de\/wp-json\/wp\/v2\/categories?post=1270649"},{"taxonomy":"post_tag","embeddable":true,"href":"https:\/\/www.europesays.com\/de\/wp-json\/wp\/v2\/tags?post=1270649"}],"curies":[{"name":"wp","href":"https:\/\/api.w.org\/{rel}","templated":true}]}}