{"id":1270651,"date":"2026-08-30T23:04:21","date_gmt":"2026-08-30T23:04:21","guid":{"rendered":"https:\/\/www.europesays.com\/de\/1270651\/"},"modified":"2026-08-30T23:04:21","modified_gmt":"2026-08-30T23:04:21","slug":"vor-den-landtagswahlen-wir-muessen-aus-der-geschichte-lernen-volker-kauder-pocht-auf-brandmauer-zur-afd","status":"publish","type":"post","link":"https:\/\/www.europesays.com\/de\/1270651\/","title":{"rendered":"Vor den Landtagswahlen: \u201eWir m\u00fcssen aus der Geschichte lernen\u201c\u00a0\u2013 Volker Kauder pocht auf Brandmauer zur AfD"},"content":{"rendered":"<p class=\"is-first-paragraph\" data-external=\"Article.FirstParagraph\">Eine Woche vor der Landtagswahl in Sachsen-Anhalt warnt der langj\u00e4hrige Chef der Unionsfraktion im Bundestag, Volker Kauder, vor jeglicher Art von Zusammenarbeit mit der AfD. <\/p>\n<p>Kauder sagte Table.Briefings: \u201eWir m\u00fcssen aus der Geschichte lernen, uns nicht t\u00e4uschen zu lassen.\u201c Und weiter: \u201eIch bin entsetzt, wenn ich in Gespr\u00e4chen h\u00f6re: Ihr m\u00fcsst es halt mal probieren.\u201c Die Brandmauer m\u00fcsse halten. \u201eSonst ist die CDU erledigt.\u201c Kauder r\u00e4umte ein, dass eine Zusammenarbeit mit der Linken seine Partei auch zerrei\u00dfen k\u00f6nne. \u201eAber AfD auf keinen Fall. Das m\u00fcssen wir gelernt haben.\u201c<\/p>\n<p>Auch der langj\u00e4hrige Innenminister von Baden-W\u00fcrttemberg, Thomas Strobl, lehnte eine Kooperation strikt ab. Strobl, aktuell Landtagspr\u00e4sident in Stuttgart, sagte Table.Briefings: \u201eIch werde alles in meiner Macht Stehende tun, um das zu verhindern.\u201c <\/p>\n<p>Noch habe er die Hoffnung, dass das gelingen k\u00f6nne. Sollte der Fall aber eintreten, dann werde er seine Partei verlassen. \u201eDann ist das nicht mehr meine CDU\u201c, sagte Strobl.<\/p>\n","protected":false},"excerpt":{"rendered":"Eine Woche vor der Landtagswahl in Sachsen-Anhalt warnt der langj\u00e4hrige Chef der Unionsfraktion im Bundestag, Volker Kauder, vor&hellip;\n","protected":false},"author":2,"featured_media":1270652,"comment_status":"","ping_status":"","sticky":false,"template":"","format":"standard","meta":{"footnotes":"","_share_on_mastodon":"0"},"categories":[2],"tags":[186,29277,31,29,30,13,102130,99561,127599,14,15,110,12,82468,45,3247,10,8,9,11,23677],"class_list":["post-1270651","post","type-post","status-publish","format-standard","has-post-thumbnail","category-deutschland","tag-afd","tag-brandmauer","tag-cdu","tag-deutschland","tag-germany","tag-headlines","tag-kauder","tag-landtagswahl-sachsen-anhalt","tag-landtagswahlkaempfe-ks","tag-nachrichten","tag-news","tag-newsteam","tag-schlagzeilen","tag-strobl","tag-texttospeech","tag-thomas","tag-top-news","tag-top-meldungen","tag-topmeldungen","tag-topnews","tag-volker"],"share_on_mastodon":{"url":"https:\/\/pubeurope.com\/@de\/117186963897959140","error":""},"_links":{"self":[{"href":"https:\/\/www.europesays.com\/de\/wp-json\/wp\/v2\/posts\/1270651","targetHints":{"allow":["GET"]}}],"collection":[{"href":"https:\/\/www.europesays.com\/de\/wp-json\/wp\/v2\/posts"}],"about":[{"href":"https:\/\/www.europesays.com\/de\/wp-json\/wp\/v2\/types\/post"}],"author":[{"embeddable":true,"href":"https:\/\/www.europesays.com\/de\/wp-json\/wp\/v2\/users\/2"}],"replies":[{"embeddable":true,"href":"https:\/\/www.europesays.com\/de\/wp-json\/wp\/v2\/comments?post=1270651"}],"version-history":[{"count":0,"href":"https:\/\/www.europesays.com\/de\/wp-json\/wp\/v2\/posts\/1270651\/revisions"}],"wp:featuredmedia":[{"embeddable":true,"href":"https:\/\/www.europesays.com\/de\/wp-json\/wp\/v2\/media\/1270652"}],"wp:attachment":[{"href":"https:\/\/www.europesays.com\/de\/wp-json\/wp\/v2\/media?parent=1270651"}],"wp:term":[{"taxonomy":"category","embeddable":true,"href":"https:\/\/www.europesays.com\/de\/wp-json\/wp\/v2\/categories?post=1270651"},{"taxonomy":"post_tag","embeddable":true,"href":"https:\/\/www.europesays.com\/de\/wp-json\/wp\/v2\/tags?post=1270651"}],"curies":[{"name":"wp","href":"https:\/\/api.w.org\/{rel}","templated":true}]}}