{"id":1270653,"date":"2026-08-30T23:05:15","date_gmt":"2026-08-30T23:05:15","guid":{"rendered":"https:\/\/www.europesays.com\/de\/1270653\/"},"modified":"2026-08-30T23:05:15","modified_gmt":"2026-08-30T23:05:15","slug":"live-ticker-zu-schuessen-in-der-schweiz-terroranschlag-amoklauf-oder-milieu-abrechnung-motiv-der-schiesserei-bei-aarauer-rave-noch-unklar","status":"publish","type":"post","link":"https:\/\/www.europesays.com\/de\/1270653\/","title":{"rendered":"Live-Ticker zu Sch\u00fcssen in der Schweiz: Terroranschlag, Amoklauf oder Milieu-Abrechnung \u2013 Motiv der Schie\u00dferei bei \u201eAarauer Rave\u201d noch unklar"},"content":{"rendered":"<p>Was die Beh\u00f6rden wissen und was sie nicht wissen<\/p>\n<p>Nach der Pressekonferenz der Ermittlungsbeh\u00f6rden ergibt sich ein deutlich sch\u00e4rferes Bild der Lage. Am Tatort wurden <strong>H\u00fclsen unterschiedlicher Kaliber<\/strong> gefunden, die auf den Einsatz von mindestens zwei verschiedenen Waffen hindeuten. Zeugenaussagen sprechen zudem daf\u00fcr, dass <strong>zwei T\u00e4ter<\/strong> geschossen haben k\u00f6nnten. Gesichert ist das bislang nicht.<\/p>\n<p>Fest steht dagegen, dass an <strong>zwei verschiedenen Orten<\/strong> geschossen wurde. Die 22-j\u00e4hrige Italienerin wurde in der N\u00e4he der B\u00fchne get\u00f6tet. Zwischen den Opfern besteht nach bisherigen Erkenntnissen keine Verbindung, weshalb die Ermittler derzeit von <strong>Zufallsopfern <\/strong>ausgehen. Die T\u00e4ter fl\u00fcchteten mit Fahrzeugen.<\/p>\n<p>Beim m\u00f6glichen Motiv halten die Beh\u00f6rden drei Szenarien f\u00fcr gleicherma\u00dfen denkbar: einen <strong>Terroranschlag<\/strong>, einen <strong>Amoklauf <\/strong>oder eine <strong>Tat aus dem kriminellen Milieu<\/strong> z.B. eine <strong>pers\u00f6nliche Abrechnung<\/strong>. Keine dieser Hypothesen hat sich bislang erh\u00e4rtet.<\/p>\n<p>Besonders wichtig ist die <strong>neue Gefahreneinsch\u00e4tzung<\/strong>. Solange die T\u00e4ter nicht identifiziert und gefasst sind, geht die Polizei weiterhin von einem Risiko aus. \u201eSolange die T\u00e4terschaft nicht identifiziert ist, sind wir im Stadium der Gefahrenabwehr, es gibt also immer noch Risiken\u201c, stellte Polizeikommandant Leupold klar. <strong>130 zus\u00e4tzliche Polizisten<\/strong> sollen deshalb den \u00f6ffentlichen Raum sch\u00fctzen.\u00a0<\/p>\n","protected":false},"excerpt":{"rendered":"Was die Beh\u00f6rden wissen und was sie nicht wissen Nach der Pressekonferenz der Ermittlungsbeh\u00f6rden ergibt sich ein deutlich&hellip;\n","protected":false},"author":2,"featured_media":1270654,"comment_status":"","ping_status":"","sticky":false,"template":"","format":"standard","meta":{"footnotes":"","_share_on_mastodon":"0"},"categories":[5],"tags":[5561,13,14,15,121,262469,12,293,10,8,9,11],"class_list":["post-1270653","post","type-post","status-publish","format-standard","has-post-thumbnail","category-nachrichten","tag-festival","tag-headlines","tag-nachrichten","tag-news","tag-polizei","tag-rave-in-aarau","tag-schlagzeilen","tag-schweiz","tag-top-news","tag-top-meldungen","tag-topmeldungen","tag-topnews"],"share_on_mastodon":{"url":"https:\/\/pubeurope.com\/@de\/117186968604635794","error":""},"_links":{"self":[{"href":"https:\/\/www.europesays.com\/de\/wp-json\/wp\/v2\/posts\/1270653","targetHints":{"allow":["GET"]}}],"collection":[{"href":"https:\/\/www.europesays.com\/de\/wp-json\/wp\/v2\/posts"}],"about":[{"href":"https:\/\/www.europesays.com\/de\/wp-json\/wp\/v2\/types\/post"}],"author":[{"embeddable":true,"href":"https:\/\/www.europesays.com\/de\/wp-json\/wp\/v2\/users\/2"}],"replies":[{"embeddable":true,"href":"https:\/\/www.europesays.com\/de\/wp-json\/wp\/v2\/comments?post=1270653"}],"version-history":[{"count":0,"href":"https:\/\/www.europesays.com\/de\/wp-json\/wp\/v2\/posts\/1270653\/revisions"}],"wp:featuredmedia":[{"embeddable":true,"href":"https:\/\/www.europesays.com\/de\/wp-json\/wp\/v2\/media\/1270654"}],"wp:attachment":[{"href":"https:\/\/www.europesays.com\/de\/wp-json\/wp\/v2\/media?parent=1270653"}],"wp:term":[{"taxonomy":"category","embeddable":true,"href":"https:\/\/www.europesays.com\/de\/wp-json\/wp\/v2\/categories?post=1270653"},{"taxonomy":"post_tag","embeddable":true,"href":"https:\/\/www.europesays.com\/de\/wp-json\/wp\/v2\/tags?post=1270653"}],"curies":[{"name":"wp","href":"https:\/\/api.w.org\/{rel}","templated":true}]}}