{"id":1270685,"date":"2026-08-30T23:30:27","date_gmt":"2026-08-30T23:30:27","guid":{"rendered":"https:\/\/www.europesays.com\/de\/1270685\/"},"modified":"2026-08-30T23:30:27","modified_gmt":"2026-08-30T23:30:27","slug":"liveblog-so-verliert-der-wuppertaler-sv-in-buederich","status":"publish","type":"post","link":"https:\/\/www.europesays.com\/de\/1270685\/","title":{"rendered":"Liveblog: So verliert der Wuppertaler SV in B\u00fcderich"},"content":{"rendered":"<p>          Fu\u00dfball-Oberliga aktuell        Liveblog: So verliert der Wuppertaler SV in B\u00fcderich<\/p>\n<p class=\"text-50 desktop:text-70 park-container-small px-6 mb-10 desktop:mb-14\">B\u00fcderich\/Wuppertal \u00b7 <strong data-cy=\"intro\" data-readtime-content=\"\">Im zweiten Ausw\u00e4rtsspiel der Saison hoffte der WSV am Sonntag beim FC B\u00fcderich vergeblich auf die ersten Punkte. Hier k\u00f6nnen Sie mit uns die Partie nachverfolgen und erhalten Stimmen zum Spiel.<\/strong><\/p>\n<p>                        <a class=\"absolute bottom-0 inset-x-0 z-10 group\/link before:float-left after:clear-both flex justify-end items-end print:hidden\" href=\"https:\/\/www.europesays.com\/de\/wp-content\/uploads\/2026\/08\/w1600_h1200_x800_y600_Saric-38a584d50eccd202.jpg\" title=\"Vergr\u00f6\u00dferte Ansicht\" aria-describedby=\"park-figure-\" data-enlargable=\"image\"><\/p>\n<p>                            <\/a><\/p>\n<p>                <img class=\"inset-0 w-full h-full object-cover opacity-0 transition-opacity animated\" onload=\"this.style.opacity = '1';\" src=\"https:\/\/www.europesays.com\/de\/wp-content\/uploads\/2026\/08\/w1600_h1200_x800_y600_Saric-38a584d50eccd202.jpg\"   alt=\"Niedergeschlagen verlassen der in der ersten H\u00e4lbzeit verletzte Semir Saric und St\u00fcrmer Eren Albayrak nach der 0:1-Niederlage in B\u00fcderich den Platz.\" width=\"1600\" height=\"1200\" fetchpriority=\"high\" decoding=\"async\" data-park-image-img=\"\"\/><\/p>\n<p class=\"block font-sans text-30 text-black-almost dark:text-white-almost desktop:text-40 desktop:[.floated_&amp;]:text-30 mt-3 desktop:[.floated_&amp;]:mt-3 desktop:mt-4\" data-readtime-content=\"\">\n        Niedergeschlagen verlassen der in der ersten H\u00e4lbzeit verletzte Semir Saric und St\u00fcrmer Eren Albayrak nach der 0:1-Niederlage in B\u00fcderich den Platz.\n    <\/p>\n<p>    Foto: Marc Posthaus  <\/p>\n","protected":false},"excerpt":{"rendered":"Fu\u00dfball-Oberliga aktuell Liveblog: So verliert der Wuppertaler SV in B\u00fcderich B\u00fcderich\/Wuppertal \u00b7 Im zweiten Ausw\u00e4rtsspiel der Saison hoffte&hellip;\n","protected":false},"author":2,"featured_media":1270686,"comment_status":"","ping_status":"","sticky":false,"template":"","format":"standard","meta":{"footnotes":"","_share_on_mastodon":"0"},"categories":[1840],"tags":[7140,3364,29,30,1209,6227,4418],"class_list":["post-1270685","post","type-post","status-publish","format-standard","has-post-thumbnail","category-wuppertal","tag-buederich","tag-de","tag-deutschland","tag-germany","tag-nordrhein-westfalen","tag-wsv","tag-wuppertal"],"share_on_mastodon":{"url":"https:\/\/pubeurope.com\/@de\/117187068195950592","error":""},"_links":{"self":[{"href":"https:\/\/www.europesays.com\/de\/wp-json\/wp\/v2\/posts\/1270685","targetHints":{"allow":["GET"]}}],"collection":[{"href":"https:\/\/www.europesays.com\/de\/wp-json\/wp\/v2\/posts"}],"about":[{"href":"https:\/\/www.europesays.com\/de\/wp-json\/wp\/v2\/types\/post"}],"author":[{"embeddable":true,"href":"https:\/\/www.europesays.com\/de\/wp-json\/wp\/v2\/users\/2"}],"replies":[{"embeddable":true,"href":"https:\/\/www.europesays.com\/de\/wp-json\/wp\/v2\/comments?post=1270685"}],"version-history":[{"count":0,"href":"https:\/\/www.europesays.com\/de\/wp-json\/wp\/v2\/posts\/1270685\/revisions"}],"wp:featuredmedia":[{"embeddable":true,"href":"https:\/\/www.europesays.com\/de\/wp-json\/wp\/v2\/media\/1270686"}],"wp:attachment":[{"href":"https:\/\/www.europesays.com\/de\/wp-json\/wp\/v2\/media?parent=1270685"}],"wp:term":[{"taxonomy":"category","embeddable":true,"href":"https:\/\/www.europesays.com\/de\/wp-json\/wp\/v2\/categories?post=1270685"},{"taxonomy":"post_tag","embeddable":true,"href":"https:\/\/www.europesays.com\/de\/wp-json\/wp\/v2\/tags?post=1270685"}],"curies":[{"name":"wp","href":"https:\/\/api.w.org\/{rel}","templated":true}]}}