{"id":1270692,"date":"2026-08-30T23:38:19","date_gmt":"2026-08-30T23:38:19","guid":{"rendered":"https:\/\/www.europesays.com\/de\/1270692\/"},"modified":"2026-08-30T23:38:19","modified_gmt":"2026-08-30T23:38:19","slug":"die-unglaublichsten-verfassungsaenderungsvorschlaege-in-der-amerikanischen-geschichte","status":"publish","type":"post","link":"https:\/\/www.europesays.com\/de\/1270692\/","title":{"rendered":"Die unglaublichsten Verfassungs\u00e4nderungsvorschl\u00e4ge in der amerikanischen Geschichte."},"content":{"rendered":"<p>Laut dem National Constitution Center ist die US-Verfassung, die 1789 offiziell in Kraft trat, eines der \u00e4ltesten und einflussreichsten Rechtsdokumente <a class=\"data-link\" data-org-href=\"https:\/\/www.vietnam.vn\/de\/category\/the-gioi\" href=\"https:\/\/www.vietnam.vn\/de\/category\/the-gioi\" title=\"Welt\" target=\"_blank\" rel=\"nofollow noopener\">der Welt<\/a> .<\/p>\n<p> Seitdem haben US-amerikanische Gesetzgeber fast 12.000 Vorschl\u00e4ge zur Verfassungs\u00e4nderung eingebracht, doch nur 27 davon wurden angenommen. Unter den abgelehnten Vorschl\u00e4gen befanden sich einige unglaublich k\u00fchne Ideen, die Amerika, w\u00e4ren sie verabschiedet worden, grundlegend ver\u00e4ndert h\u00e4tten.<\/p>\n<p> Nachfolgend sind einige bemerkenswerte Vorschl\u00e4ge zur Verfassungs\u00e4nderung in der amerikanischen Geschichte aufgef\u00fchrt, von denen jedoch keiner jemals ratifiziert wurde.<\/p>\n<p> <strong>Das Amt des Pr\u00e4sidenten abschaffen.<\/strong><\/p>\n<p> Im Jahr 1860 schlug der Kongressabgeordnete John William Noell die Abschaffung des Pr\u00e4sidentenamtes und dessen Ersetzung durch einen dreik\u00f6pfigen Exekutivrat vor, dessen Mitglieder jeweils aus drei verschiedenen Bezirken des Landes stammen sollten. Jedes Mitglied sollte ein Vetorecht gegen die beiden anderen haben.<\/p>\n<p> Diese Idee wurde w\u00e4hrend des B\u00fcrgerkriegs auf Eis gelegt, aber 1878 wieder aufgegriffen. Damals schlug der Kongressabgeordnete Milton Isaiah Southard die Schaffung eines Exekutivrates vor, der aus drei Pr\u00e4sidenten bestehen sollte, die die westlichen, s\u00fcdlichen sowie \u00f6stlichen und zentralen Bezirke repr\u00e4sentierten. <\/p>\n<p>Das k\u00f6nnte Sie interessieren<\/p>\n<p><img style=\"cursor:pointer\" data-original=\"https:\/\/static-images.vnncdn.net\/vps_images_publish\/000001\/000003\/2026\/8\/30\/04wegman-superjumbo-2150.jpg?width=0&amp;s=OYk7TebJfuPY21Zj9bq23w\" class=\"lazy \"  alt=\"04Wegman superJumbo.jpg\" data-thumb-small-src=\"https:\/\/www.europesays.com\/de\/wp-content\/uploads\/2026\/08\/04wegman-superjumbo-2150.jpg\"\/> Eine gedruckte Ausgabe der US-Verfassung. Foto: NYT<\/p>\n<p> <strong>Die Amtszeitbegrenzung f\u00fcr den Pr\u00e4sidenten soll aufgehoben werden.<\/strong><\/p>\n<p> Seit 1951 legt der 22. Verfassungszusatz fest, dass ein Pr\u00e4sident maximal zwei Amtszeiten absolvieren darf. US-amerikanische Gesetzgeber haben jedoch wiederholt versucht, diese Regel aufzuheben, sodass ein Pr\u00e4sident im Falle seiner Wiederwahl unbegrenzt viele Amtszeiten bestreiten k\u00f6nnte.<\/p>\n<p> Laut den Bef\u00fcrwortern des 22. Verfassungszusatzes sind Amtszeitbegrenzungen \u201eein unerl\u00e4sslicher Mechanismus, um einen Personenkult und den Missbrauch der pr\u00e4sidialen Macht zu verhindern\u201c.<\/p>\n<p> <strong>Das Los soll den Pr\u00e4sidenten bestimmen.<\/strong><\/p>\n<p> Die Idee einer Pr\u00e4sidentschaftswahl entstand erstmals 1787, als der Abgeordnete James Wilson aus Pennsylvania vorschlug, nach dem Zufallsprinzip eine kleine Gruppe von Senatoren auszuw\u00e4hlen, die die Macht haben sollten, zu entscheiden, wer das Pr\u00e4sidentenamt bekleiden w\u00fcrde.<\/p>\n<p> Bereits 1808 hatte Senator James Hillhouse einen \u00e4hnlichen Plan initiiert. Er schlug vor, die Amtszeit der Senatoren von sechs auf drei Jahre zu verk\u00fcrzen und gleichzeitig die j\u00e4hrliche Neuwahl eines Drittels der Sitze zu regeln. Die ausscheidenden Senatoren sollten per Los entscheiden, wer Pr\u00e4sident wird \u2013 und zwar f\u00fcr ein Jahr.<\/p>\n<p>Das k\u00f6nnte Sie interessieren<\/p>\n<p> <strong>\u00c4ndere den Namen des Landes.<\/strong><\/p>\n<p> Im Jahr 1866 verk\u00fcrzte der Kongressabgeordnete George Washington Anderson den offiziellen Namen des Landes von \u201eUnited States of America\u201c auf \u201eAmerica\u201c. Anderson argumentierte, dass der aktuelle Name die Einheit und den Status, die Amerika in <a class=\"data-link\" data-org-href=\"https:\/\/www.vietnam.vn\/de\/tag\/my\" href=\"https:\/\/www.vietnam.vn\/de\/tag\/my\" title=\"USA\" target=\"_blank\" rel=\"nofollow noopener\">Zukunft<\/a> erreichen k\u00f6nnte, nicht vollst\u00e4ndig widerspiegele.<\/p>\n<p> Im Jahr 1893 schlug der Kongressabgeordnete Lucas Miller vor, die Vereinigten Staaten in \u201eVereinigte Staaten der Erde\u201c umzubenennen. Miller glaubte, die USA k\u00f6nnten so lange expandieren, bis jede Nation der Welt dem Staatenbund beigetreten w\u00e4re. Nat\u00fcrlich wurde keiner der beiden Vorschl\u00e4ge angenommen. <\/p>\n<p class=\"mb-0\"> Quelle: https:\/\/vietnamnet.vn\/nhung-de-xuat-sua-doi-hien-phap-kho-tin-trong-lich-su-nuoc-my-2550235.html<\/p>\n","protected":false},"excerpt":{"rendered":"Laut dem National Constitution Center ist die US-Verfassung, die 1789 offiziell in Kraft trat, eines der \u00e4ltesten und&hellip;\n","protected":false},"author":2,"featured_media":1270693,"comment_status":"","ping_status":"","sticky":false,"template":"","format":"standard","meta":{"footnotes":"","_share_on_mastodon":"0"},"categories":[3977],"tags":[331,332,3057,13,14,15,12,4017,4018,4016,64,4019,4020,12997],"class_list":["post-1270692","post","type-post","status-publish","format-standard","has-post-thumbnail","category-usa","tag-aktuelle-nachrichten","tag-aktuelle-news","tag-amerika","tag-headlines","tag-nachrichten","tag-news","tag-schlagzeilen","tag-united-states","tag-united-states-of-america","tag-us","tag-usa","tag-vereinigte-staaten","tag-vereinigte-staaten-von-amerika","tag-verfassung"],"share_on_mastodon":{"url":"https:\/\/pubeurope.com\/@de\/117187097810716819","error":""},"_links":{"self":[{"href":"https:\/\/www.europesays.com\/de\/wp-json\/wp\/v2\/posts\/1270692","targetHints":{"allow":["GET"]}}],"collection":[{"href":"https:\/\/www.europesays.com\/de\/wp-json\/wp\/v2\/posts"}],"about":[{"href":"https:\/\/www.europesays.com\/de\/wp-json\/wp\/v2\/types\/post"}],"author":[{"embeddable":true,"href":"https:\/\/www.europesays.com\/de\/wp-json\/wp\/v2\/users\/2"}],"replies":[{"embeddable":true,"href":"https:\/\/www.europesays.com\/de\/wp-json\/wp\/v2\/comments?post=1270692"}],"version-history":[{"count":0,"href":"https:\/\/www.europesays.com\/de\/wp-json\/wp\/v2\/posts\/1270692\/revisions"}],"wp:featuredmedia":[{"embeddable":true,"href":"https:\/\/www.europesays.com\/de\/wp-json\/wp\/v2\/media\/1270693"}],"wp:attachment":[{"href":"https:\/\/www.europesays.com\/de\/wp-json\/wp\/v2\/media?parent=1270692"}],"wp:term":[{"taxonomy":"category","embeddable":true,"href":"https:\/\/www.europesays.com\/de\/wp-json\/wp\/v2\/categories?post=1270692"},{"taxonomy":"post_tag","embeddable":true,"href":"https:\/\/www.europesays.com\/de\/wp-json\/wp\/v2\/tags?post=1270692"}],"curies":[{"name":"wp","href":"https:\/\/api.w.org\/{rel}","templated":true}]}}