{"id":1270696,"date":"2026-08-30T23:41:18","date_gmt":"2026-08-30T23:41:18","guid":{"rendered":"https:\/\/www.europesays.com\/de\/1270696\/"},"modified":"2026-08-30T23:41:18","modified_gmt":"2026-08-30T23:41:18","slug":"neue-partei-fuer-frankreich-wahl-ex-premier-edouard-philippe-will-macron-beerben","status":"publish","type":"post","link":"https:\/\/www.europesays.com\/de\/1270696\/","title":{"rendered":"Neue Partei f\u00fcr Frankreich-Wahl: Ex-Premier Edouard Philippe will Macron beerben"},"content":{"rendered":"<p>Neue Partei f\u00fcr Frankreich-WahlEx-Premier Edouard Philippe will Macron beerben<\/p>\n<p>31.08.2026, 01:16 Uhr <\/p>\n<p>Artikel anh\u00f6ren(02:55 min)<\/p>\n<p><img decoding=\"async\" class=\"Image_img__fQCi0 Image_Img_16_9__4BLfH widget-picture-inline_maximizable__t_E7h\" loading=\"eager\" fetchpriority=\"high\" src=\"https:\/\/www.europesays.com\/de\/wp-content\/uploads\/2026\/08\/AFP__20260824__C6DG99E__v2__MidRes__France2027PoliticsElectionOverseasReunion.webp\" alt=\"AFP__20260824__C6DG99E__v2__MidRes__France2027PoliticsElectionOverseasReunion\"\/>Statt Le Pen oder M\u00e9lenchon: Ex-Premier Philippe will Frankreichs Mitte erreichen. (Foto: AFP)<\/p>\n<p class=\"Typography_text-m__XI0da Typography_weight-bold__uT6mq storyline_lead_text_leadtext__q_wg8\">Im Kampf um die Macron-Nachfolge bringt sich der fr\u00fchere Premier Philippe in Stellung. Er will die konservativen Kr\u00e4fte der Mitte b\u00fcndeln, um den Franzosen bei der Pr\u00e4sidentschaftswahl ein Duell zwischen dem rechten und dem linken Rand zu ersparen. <\/p>\n<p class=\"Typography_text-default__P3otY Typography_weight-normal__pqUbH storyline_paragraph_p__qSR5N\">Knapp acht Monate vor der Pr\u00e4sidentschaftswahl in Frankreich will der Mitte-Rechts-Kandidat Edouard Philippe die konservativen Parteien in einem neuen Wahlb\u00fcndnis oder einer neuen Partei einen. Es gehe darum, &#8222;die neue Partei oder den neuen Parteienverbund zu schmieden, der es allen, die ihre Kr\u00e4fte\u00a0im Dienste\u00a0des Landes b\u00fcndeln wollen erm\u00f6glicht, gemeinsam zu regieren&#8220;, sagte der Vorsitzende der Partei Horizons\u00a0bei einer Veranstaltung im nordfranz\u00f6sischen Tourcoing.\u00a0<\/p>\n<p class=\"Typography_text-default__P3otY Typography_weight-normal__pqUbH storyline_paragraph_p__qSR5N\">Dazu geh\u00f6re, bei der voraussichtlich auf die Pr\u00e4sidentenwahl folgenden Parlamentswahl in jedem Wahlkreis einen gemeinsamen Kandidaten aufzustellen, sagte der 55-j\u00e4hrige Ex-Regierungschef. Die Mitte-Rechts-Kandidaten sollten &#8222;unter einem gemeinsamen Banner&#8220; antreten, um nach der n\u00e4chsten Parlamentswahl eine Mehrheit zu bilden.\u00a0<\/p>\n<p class=\"Typography_text-default__P3otY Typography_weight-normal__pqUbH storyline_paragraph_p__qSR5N\">Umfragen zufolge liegt die Rechtspopulistin Marine Le Pen mit Blick auf die Pr\u00e4sidentschaftswahl im kommenden Fr\u00fchjahr klar vorn. W\u00e4hrend Philippe der aussichtsreichste Kandidat der Konservativen ist, deuten aktuelle Umfragen darauf hin, dass es in der zweiten Runde zu einer Stichwahl zwischen Le Pen und dem Gr\u00fcnder der linkspopulistischen Partei La France Insoumise (LFI, Unbeugsames Frankreich), Jean-Luc M\u00e9lenchon, kommen k\u00f6nnte. Amtsinhaber Emmanuel Macron darf nach zwei Amtszeiten nicht direkt wieder antreten. Die Wahl findet am 18. April und 2. Mai statt.\u00a0<\/p>\n<p>B\u00fcndnis gegen Le Pen und M\u00e9lenchon<\/p>\n<p class=\"Typography_text-default__P3otY Typography_weight-normal__pqUbH storyline_paragraph_p__qSR5N\">Beobachter warnen, dass zu viele Kandidaten aus dem Mitte-, Mitte-Links-, und Mitte-Rechts-Lager dazu f\u00fchren k\u00f6nnte, dass sich die Stimmen der Konservativen zersplittern. Philippe forderte vor diesem Hintergrund eine &#8222;politische Angleichung&#8220;: &#8222;Wir m\u00fcssen eine Koalition aus all jenen bilden, die die Werte teilen, die uns grunds\u00e4tzlich wichtig sind&#8220;, sagte er.\u00a0<\/p>\n<p class=\"Typography_text-default__P3otY Typography_weight-normal__pqUbH storyline_paragraph_p__qSR5N\">Die Lager m\u00fcssten sich &#8222;zusammenschlie\u00dfen\u00a0um sicherzustellen, dass Frankreich weder in Richtung des sogenannten &#8217;neuen Frankreichs&#8216; der LFI noch in Richtung des nationalistischen, identit\u00e4tsbasierten Populismus von Frau Le Pen abdriftet&#8220;, betonte Philippe.\u00a0<\/p>\n<p class=\"Typography_text-default__P3otY Typography_weight-normal__pqUbH storyline_paragraph_p__qSR5N\">Justizminister G\u00e9rald Darmanin hatte vor zwei Wochen seine Unterst\u00fctzung f\u00fcr Philippe angek\u00fcndigt und seine eigenen Ambitionen auf das Pr\u00e4sidentenamt aufgegeben. Er erkl\u00e4rte nun, Philippe sei &#8222;der Einzige, der gewinnen kann&#8220; und auch der Einzige, &#8222;der eine parlamentarische Mehrheit in der Nationalversammlung erreichen kann&#8220;.\u00a0<\/p>\n<p class=\"Typography_text-s__wu_cm Typography_weight-normal__pqUbH Typography_color-darkgrey__sZEnP article-detail-footer_source__KslPc\">Quelle: ntv.de, mau\/AFP<\/p>\n","protected":false},"excerpt":{"rendered":"Neue Partei f\u00fcr Frankreich-WahlEx-Premier Edouard Philippe will Macron beerben 31.08.2026, 01:16 Uhr Artikel anh\u00f6ren(02:55 min) Statt Le Pen&hellip;\n","protected":false},"author":2,"featured_media":1270697,"comment_status":"","ping_status":"","sticky":false,"template":"","format":"standard","meta":{"footnotes":"","_share_on_mastodon":"0"},"categories":[3974],"tags":[331,332,1356,548,663,3934,3980,156,13,157,14,15,16,12,4672],"class_list":["post-1270696","post","type-post","status-publish","format-standard","has-post-thumbnail","category-frankreich","tag-aktuelle-nachrichten","tag-aktuelle-news","tag-emmanuel-macron","tag-eu","tag-europa","tag-europe","tag-france","tag-frankreich","tag-headlines","tag-marine-le-pen","tag-nachrichten","tag-news","tag-politik","tag-schlagzeilen","tag-wahlen"],"share_on_mastodon":{"url":"https:\/\/pubeurope.com\/@de\/117187111460337777","error":""},"_links":{"self":[{"href":"https:\/\/www.europesays.com\/de\/wp-json\/wp\/v2\/posts\/1270696","targetHints":{"allow":["GET"]}}],"collection":[{"href":"https:\/\/www.europesays.com\/de\/wp-json\/wp\/v2\/posts"}],"about":[{"href":"https:\/\/www.europesays.com\/de\/wp-json\/wp\/v2\/types\/post"}],"author":[{"embeddable":true,"href":"https:\/\/www.europesays.com\/de\/wp-json\/wp\/v2\/users\/2"}],"replies":[{"embeddable":true,"href":"https:\/\/www.europesays.com\/de\/wp-json\/wp\/v2\/comments?post=1270696"}],"version-history":[{"count":0,"href":"https:\/\/www.europesays.com\/de\/wp-json\/wp\/v2\/posts\/1270696\/revisions"}],"wp:featuredmedia":[{"embeddable":true,"href":"https:\/\/www.europesays.com\/de\/wp-json\/wp\/v2\/media\/1270697"}],"wp:attachment":[{"href":"https:\/\/www.europesays.com\/de\/wp-json\/wp\/v2\/media?parent=1270696"}],"wp:term":[{"taxonomy":"category","embeddable":true,"href":"https:\/\/www.europesays.com\/de\/wp-json\/wp\/v2\/categories?post=1270696"},{"taxonomy":"post_tag","embeddable":true,"href":"https:\/\/www.europesays.com\/de\/wp-json\/wp\/v2\/tags?post=1270696"}],"curies":[{"name":"wp","href":"https:\/\/api.w.org\/{rel}","templated":true}]}}