{"id":1270706,"date":"2026-08-30T23:48:25","date_gmt":"2026-08-30T23:48:25","guid":{"rendered":"https:\/\/www.europesays.com\/de\/1270706\/"},"modified":"2026-08-30T23:48:25","modified_gmt":"2026-08-30T23:48:25","slug":"baerbel-bas-kritik-an-spd-ministerin-wegen-buergergeld-skandals","status":"publish","type":"post","link":"https:\/\/www.europesays.com\/de\/1270706\/","title":{"rendered":"B\u00e4rbel Bas: Kritik an SPD-Ministerin wegen B\u00fcrgergeld-Skandals"},"content":{"rendered":"<p>100.000 F\u00e4lle in Deutschland <\/p>\n<p>Mit Haftbefehl gesuchte Personen erhalten offenbar weiter B\u00fcrgergeld<\/p>\n<p>Aktualisiert am 31.08.2026 &#8211; 01:22 UhrLesedauer: 2 Min.<\/p>\n<p><a href=\"#focus-0\" class=\"transition-colors block text-current relative\" data-sctrack=\"FocusGalleryImage.Reference\"><img fetchpriority=\"high\" data-testid=\"Opener.Image\"   loading=\"eager\" src=\"https:\/\/www.europesays.com\/de\/wp-content\/uploads\/2026\/08\/menschen-warten-vor-dem-jobcenter-symbolbild.jpg\" alt=\"Menschen warten vor dem Jobcenter (Symbolbild).\" title=\"Menschen warten vor dem Jobcenter (Symbolbild).\" width=\"7008\" height=\"3942\" class=\"bg-[url:var(--lqipURL)] bg-cover bg-center flex h-full w-full max-w-full\" style=\"--lqipURL:url('https:\/\/images.t-online.de\/2026\/08\/X3pAVEYldglL\/0x365:7008x3942\/fit-in\/150x0\/filters:blur(25)\/menschen-warten-vor-dem-jobcenter-symbolbild.jpg')\" decoding=\"async\"\/><img loading=\"lazy\" src=\"https:\/\/www.t-online.de\/s\/paper\/_next\/static\/media\/zoom-in.f7dae02f.svg\" alt=\"Vergr\u00f6\u00dfern des Bildes\" title=\"Vergr\u00f6\u00dfern des Bildes\" class=\"block h-[calc(var(--height)_\/_16_*_1rem)] w-[calc(var(--width)_\/_16_*_1rem)] max-w-none absolute right-8 bottom-8 rounded-4 bg-snow p-8\" style=\"--width:32;--height:32\" decoding=\"async\"\/><\/a><\/p>\n<p>Menschen warten vor dem Jobcenter (Symbolbild). (Quelle: IMAGO\/Michael Bihlmayer)<\/p>\n<p><img loading=\"lazy\" src=\"https:\/\/www.t-online.de\/s\/paper\/_next\/static\/media\/audio-volume.6689034c.svg\" alt=\"\" title=\"\" class=\"block h-[calc(var(--height)_\/_16_*_1rem)] w-[calc(var(--width)_\/_16_*_1rem)] max-w-none group-hover:brightness-0 group-hover:invert\" style=\"--width:16;--height:16\" decoding=\"async\"\/>Vorlesen<\/p>\n<p>Aktuelle Zeit:0:00Gesamtdauer:0:00<\/p>\n<p>1x<img loading=\"lazy\" src=\"https:\/\/www.t-online.de\/s\/paper\/_next\/static\/media\/font-sizes.32942e33.svg\" alt=\"\" title=\"\" class=\"block h-[calc(var(--height)_\/_16_*_1rem)] w-[calc(var(--width)_\/_16_*_1rem)] max-w-none group-hover:hidden group-aria-expanded:hidden\" style=\"--width:16;--height:16\" decoding=\"async\"\/><img loading=\"lazy\" src=\"https:\/\/www.t-online.de\/s\/paper\/_next\/static\/media\/font-sizes-dark-mode.e382645c.svg\" alt=\"\" title=\"\" class=\"block h-[calc(var(--height)_\/_16_*_1rem)] w-[calc(var(--width)_\/_16_*_1rem)] max-w-none hidden group-hover:block group-aria-expanded:block\" style=\"--width:16;--height:16\" decoding=\"async\"\/><img loading=\"lazy\" src=\"https:\/\/www.t-online.de\/s\/paper\/_next\/static\/media\/sharing-menu-icon.1eb71368.svg\" alt=\"\" title=\"\" class=\"block h-[calc(var(--height)_\/_16_*_1rem)] w-[calc(var(--width)_\/_16_*_1rem)] max-w-none group-hover:brightness-0 group-hover:invert\" style=\"--width:16;--height:16\" decoding=\"async\"\/>Artikel teilen<\/p>\n<p class=\"font-bold text-18 leading-17 user-text-lg:text-22 user-text-xl:text-24\">Wie kann es sein, dass mit Haftbefehl gesuchte Personen weiter Solzialleistungen beziehen? Das fragt sich nun auch ein CDU-Politiker. Er \u00fcbt heftige Kritik an B\u00e4rbel Bas.<\/p>\n<p class=\"text-18 leading-17 user-text-lg:text-22 user-text-xl:text-24\">Unionsfraktionsvize G\u00fcnter Krings (CDU) hat Bundesarbeitsministerin B\u00e4rbel Bas (SPD) vorgeworfen, den vereinbarten Aktionsplan gegen Sozialleistungsmissbrauch noch immer nicht vorgelegt zu haben. Nach wie vor w\u00fcrden deshalb per Haftbefehl gesuchte Menschen in Deutschland Grundsicherung kassieren, sagte Krings der in <a href=\"https:\/\/duesseldorf.t-online.de\/region\/duesseldorf\/\" class=\"transition-colors cursor-pointer no-underline md:hover:text-magenta md:focus:text-magenta border-b border-solid border-current text-salemsfur md:hover:border-magenta\" data-tracking=\"{&quot;action&quot;:&quot;click&quot;,&quot;category&quot;:&quot;intextLink&quot;,&quot;label&quot;:&quot;https:\/\/duesseldorf.t-online.de\/region\/duesseldorf\/&quot;}\" data-sctrack=\"BodyAnchor\" rel=\"nofollow noopener\" target=\"_blank\">D\u00fcsseldorf<\/a> erscheinenden &#8222;Rheinischen Post&#8220; von Montag. &#8222;Der Rest der Welt d\u00fcrfte nur noch den Kopf \u00fcber uns sch\u00fctteln.&#8220;<\/p>\n<p class=\"text-18 leading-17 user-text-lg:text-22 user-text-xl:text-24\">Krings sagte, er sei &#8222;entsetzt&#8220;, weil das Arbeitsministerium von Bas offenbar keine Eile habe, diesen Zustand abzuschaffen. Bundesweit liegen dem Bericht zufolge Haftbefehle f\u00fcr mehr als 100.000 Menschen vor. Wie viele von ihnen die Grundsicherung, das bisherige B\u00fcrgergeld, beziehen, ist unbekannt.<\/p>\n<p><a href=\"#focus-1\" class=\"transition-colors block text-current relative\" data-sctrack=\"FocusGalleryImage.Reference\"><img   loading=\"lazy\" src=\"https:\/\/www.europesays.com\/de\/wp-content\/uploads\/2026\/08\/der-cdu-abgeordnete-guenter-krings-im-bundestag-archivbild.jpg\" alt=\"Der CDU-Abgeordnete G\u00fcnter Krings im Bundestag (Archivbild).\" title=\"Der CDU-Abgeordnete G\u00fcnter Krings im Bundestag (Archivbild).\" width=\"4257\" height=\"2395\" class=\"h-full w-full max-w-full rounded-8\" decoding=\"async\"\/><img loading=\"lazy\" src=\"https:\/\/www.t-online.de\/s\/paper\/_next\/static\/media\/zoom-in.f7dae02f.svg\" alt=\"Vergr\u00f6\u00dfern des Bildes\" title=\"Vergr\u00f6\u00dfern des Bildes\" class=\"block h-[calc(var(--height)_\/_16_*_1rem)] w-[calc(var(--width)_\/_16_*_1rem)] max-w-none absolute right-8 bottom-8 rounded-4 bg-snow p-8\" style=\"--width:32;--height:32\" decoding=\"async\"\/>Der CDU-Abgeordnete G\u00fcnter Krings im Bundestag (Archivbild). (Quelle: IMAGO\/dts Nachrichtenagentur)<\/a><\/p>\n<p class=\"text-18 leading-17 user-text-lg:text-22 user-text-xl:text-24\">Union und <a href=\"https:\/\/www.t-online.de\/themen\/spd\/\" class=\"transition-colors cursor-pointer no-underline md:hover:text-magenta md:focus:text-magenta border-b border-solid border-current text-salemsfur md:hover:border-magenta\" data-tracking=\"{&quot;action&quot;:&quot;click&quot;,&quot;category&quot;:&quot;intextLink&quot;,&quot;label&quot;:&quot;\/themen\/spd\/&quot;}\" data-sctrack=\"BodyAnchor\" rel=\"nofollow noopener\" target=\"_blank\">SPD<\/a> hatten vor zwei Monaten beschlossen, das zu beenden. &#8222;Im Juli sollte Frau Bas dazu einen Plan vorlegen. Nichts davon ist passiert&#8220;, kritisierte Krings. Das Arbeitsministerium d\u00fcrfe sich nicht hinter Datenschutz verstecken: &#8222;Wer per Haftbefehl gesucht wird und sich vor dem Staat versteckt, darf keinen Cent mehr vom Staat erhalten&#8220;.<\/p>\n<p>Umsetzung wird &#8222;bis Ende 2026 angestrebt&#8220;<\/p>\n<p class=\"text-18 leading-17 user-text-lg:text-22 user-text-xl:text-24\">Die f\u00fcr die Auszahlung der Grundsicherung zust\u00e4ndigen Jobcenter verf\u00fcgen oft nicht \u00fcber die Information, dass f\u00fcr einen Antragsteller ein Haftbefehl vorliegt. Deshalb sollen die Beh\u00f6rden solche Daten untereinander austauschen k\u00f6nnen. Zu kl\u00e4ren, wie der Datenschutz dennoch gewahrt bleiben kann, ist Aufgabe der <a href=\"https:\/\/www.t-online.de\/themen\/bundesregierung\/\" class=\"transition-colors cursor-pointer no-underline md:hover:text-magenta md:focus:text-magenta border-b border-solid border-current text-salemsfur md:hover:border-magenta\" data-tracking=\"{&quot;action&quot;:&quot;click&quot;,&quot;category&quot;:&quot;intextLink&quot;,&quot;label&quot;:&quot;\/themen\/bundesregierung\/&quot;}\" data-sctrack=\"BodyAnchor\" rel=\"nofollow noopener\" target=\"_blank\">Bundesregierung<\/a>.<\/p>\n<p class=\"text-18 leading-17 user-text-lg:text-22 user-text-xl:text-24\">Das Arbeitsministerium teilte der &#8222;Rheinischen Post&#8220; mit, es werde gemeinsam mit dem Bundesinnenministerium an dem Aktionsplan gearbeitet, es k\u00f6nne aber noch kein Kabinettstermin genannt werden. Die Umsetzung der neuen Gesetzgebung &#8222;wird weiterhin bis Ende 2026 angestrebt&#8220;, sagte ein Sprecher des Arbeitsministeriums.<\/p>\n","protected":false},"excerpt":{"rendered":"100.000 F\u00e4lle in Deutschland Mit Haftbefehl gesuchte Personen erhalten offenbar weiter B\u00fcrgergeld Aktualisiert am 31.08.2026 &#8211; 01:22 UhrLesedauer:&hellip;\n","protected":false},"author":2,"featured_media":1270707,"comment_status":"","ping_status":"","sticky":false,"template":"","format":"standard","meta":{"footnotes":"","_share_on_mastodon":"0"},"categories":[2],"tags":[1217,331,3924,332,3922,18280,145003,32036,384,31,3364,29,3405,30,43188,503,13,14,3923,15,3921,14798,12,262471,184],"class_list":["post-1270706","post","type-post","status-publish","format-standard","has-post-thumbnail","category-deutschland","tag-1217","tag-aktuelle-nachrichten","tag-aktuelle-nachrichten-aus-deutschland","tag-aktuelle-news","tag-aktuelle-news-aus-deutschland","tag-arbeitsamt","tag-arbeitsministerium","tag-baerbel-bas","tag-buergergeld","tag-cdu","tag-de","tag-deutschland","tag-duesseldorf","tag-germany","tag-guenter-krings","tag-haftbefehl","tag-headlines","tag-nachrichten","tag-nachrichten-aus-deutschland","tag-news","tag-news-aus-deutschland","tag-rheinische-post","tag-schlagzeilen","tag-solzialleistung","tag-spd"],"share_on_mastodon":{"url":"","error":""},"_links":{"self":[{"href":"https:\/\/www.europesays.com\/de\/wp-json\/wp\/v2\/posts\/1270706","targetHints":{"allow":["GET"]}}],"collection":[{"href":"https:\/\/www.europesays.com\/de\/wp-json\/wp\/v2\/posts"}],"about":[{"href":"https:\/\/www.europesays.com\/de\/wp-json\/wp\/v2\/types\/post"}],"author":[{"embeddable":true,"href":"https:\/\/www.europesays.com\/de\/wp-json\/wp\/v2\/users\/2"}],"replies":[{"embeddable":true,"href":"https:\/\/www.europesays.com\/de\/wp-json\/wp\/v2\/comments?post=1270706"}],"version-history":[{"count":0,"href":"https:\/\/www.europesays.com\/de\/wp-json\/wp\/v2\/posts\/1270706\/revisions"}],"wp:featuredmedia":[{"embeddable":true,"href":"https:\/\/www.europesays.com\/de\/wp-json\/wp\/v2\/media\/1270707"}],"wp:attachment":[{"href":"https:\/\/www.europesays.com\/de\/wp-json\/wp\/v2\/media?parent=1270706"}],"wp:term":[{"taxonomy":"category","embeddable":true,"href":"https:\/\/www.europesays.com\/de\/wp-json\/wp\/v2\/categories?post=1270706"},{"taxonomy":"post_tag","embeddable":true,"href":"https:\/\/www.europesays.com\/de\/wp-json\/wp\/v2\/tags?post=1270706"}],"curies":[{"name":"wp","href":"https:\/\/api.w.org\/{rel}","templated":true}]}}