{"id":1270723,"date":"2026-08-30T23:58:36","date_gmt":"2026-08-30T23:58:36","guid":{"rendered":"https:\/\/www.europesays.com\/de\/1270723\/"},"modified":"2026-08-30T23:58:36","modified_gmt":"2026-08-30T23:58:36","slug":"wie-aus-dem-alaunplatz-der-a-park-wurde","status":"publish","type":"post","link":"https:\/\/www.europesays.com\/de\/1270723\/","title":{"rendered":"Wie aus dem Alaunplatz der A-Park wurde"},"content":{"rendered":"<p>Wie hei\u00dft es denn nun, das St\u00fcckchen Gr\u00fcn zwischen Bischofsweg und Tannenstra\u00dfe \u2013 Alaunplatz, Alaunpark, A-Park oder, wie mir neulich eine vorbeischwebende Tr\u00e4umerin mit Batik-T\u00fcchern zuraunte, der \u201eLauni\u201c? Ich bleibe, wenn auch nicht bei aller Konsequenz, lieber bei Alaunplatz. So steht es schlie\u00dflich auf dem Stadtplan \u2013 und ein bisschen Ordnung muss selbst in der Neustadt sein.<br \/>\n<img fetchpriority=\"high\" decoding=\"async\" src=\"https:\/\/www.europesays.com\/de\/wp-content\/uploads\/2026\/08\/2026-08-28-AlaunparkPlatz.jpg\" alt=\"Alaunparkplatz? Zu Markttagen ist auch Platz-Parken angesagt. Foto: Archiv Anton Launer\" width=\"2400\" height=\"1350\" class=\"size-full wp-image-241128\"  \/>Alaunparkplatz? Zu Markttagen ist auch Platz-Parken angesagt. Foto: Archiv Anton Launer\n<\/p>\n<p>Von Soldaten zu Pionieren<\/p>\n<p>Der Alaunplatz geh\u00f6rt zur Neustadt wie die Dampfer zur Elbe \u2013 und ist dabei \u00e4lter als die meisten H\u00e4user im Viertel. Zu Kaisers Zeiten nahmen hier Soldaten Aufstellung, sp\u00e4ter Pioniere und FDJler. Weshalb das Gr\u00fcn von 1952 bis zum Ende der DDR den etwas sperrigen Namen \u201ePlatz der Th\u00e4lmannpioniere\u201c trug.\n<\/p>\n<p>Seit 1990 hei\u00dft er wieder Alaunplatz. Den Namen hat er von einer Alaunflusssiederei, die einst, vor noch viel l\u00e4ngerer Zeit, in der Heide stand. Mit dem dort gewonnenen Alaun f\u00e4rbte man Textilien. Von der Siederei aus dem 18. Jahrhundert ist l\u00e4ngst nichts mehr zu sehen, der Name aber hat sich erstaunlich hartn\u00e4ckig gehalten.<br \/>\n<img loading=\"lazy\" decoding=\"async\" src=\"https:\/\/www.europesays.com\/de\/wp-content\/uploads\/2026\/08\/2026-08-28-AlaunparkWinter.jpg\" alt=\"Auch im Winter sch\u00f6n - der Alaunplatz - Foto: Anton Launer\" width=\"2400\" height=\"1350\" class=\"size-full wp-image-241130\"  \/>Auch im Winter sch\u00f6n \u2013 der Alaunplatz \u2013 Foto: Anton Launer\n<\/p>\n<p>Vom Exerzierplatz zum Park<\/p>\n<p>In den 50er-Jahren wurde der Platz begr\u00fcnt, weshalb er inzwischen von den meisten Besuchern schlicht Alaunpark genannt wird. Klingt ja auch ein bisschen freundlicher als Exerzierplatz. Die Kurzform \u201eA-Park\u201c ist vor allem in der Punkszene gebr\u00e4uchlich, die sich hier gern mit Bierkisten, Selbstgedrehten und Ghetto-Blastern versammelt. Wobei die Ger\u00e4te inzwischen vermutlich h\u00e4ufiger Bluetooth-Boxen hei\u00dfen.<\/p>\n<p>Aber auch den \u201enormalen\u201c Neust\u00e4dter zieht es ins Gr\u00fcne. Aller Hundeschei\u00dfe zum Trotz ist der Platz ab 15 Grad Au\u00dfentemperatur zuverl\u00e4ssig gut besucht. Dann werden Decken ausgebreitet, B\u00e4lle getreten, Kinderwagen geschoben und Getr\u00e4nke mit mehr oder weniger Umdrehungen ge\u00f6ffnet.<br \/>\n<img loading=\"lazy\" decoding=\"async\" src=\"https:\/\/www.europesays.com\/de\/wp-content\/uploads\/2026\/08\/2026-08-28-Alaunplatz.jpg\" alt=\"Der Park mit Namen &quot;Alaunplatz&quot; - Foto: Archiv Anton Launer\" width=\"2400\" height=\"1350\" class=\"size-full wp-image-241131\"  \/>Der Park mit Namen \u201eAlaunplatz\u201c \u2013 Foto: Archiv Anton Launer\n<\/p>\n<p>Zwischendrin finden Zirkusfestivals, Fu\u00dfballturniere, Kubb-Meisterschaften, Skisprung-Wettbewerbe (als es noch Schnee gab) und Slackline-Contests statt. Manchmal alles gef\u00fchlt gleichzeitig. Kurz: Auf dem Alaunplatz ist eigentlich immer was los \u2013 und wenn nichts los ist, sitzt wenigstens jemand da und wartet darauf.<br \/>\n<img loading=\"lazy\" decoding=\"async\" src=\"https:\/\/www.europesays.com\/de\/wp-content\/uploads\/2026\/08\/2026-08-28-AlaunparkZelt.jpg\" alt=\"Immer im Juni mit Zirkuszelt - Foto: Anton Launer\" width=\"2400\" height=\"1350\" class=\"size-full wp-image-241129\"  \/>Immer im Juni mit Zirkuszelt \u2013 Foto: Anton Launer\n<\/p>\n<p>Der Alaunplatz<\/p>\n<p>Stra\u00dfen im Stadtbezirksamtsbereich Neustadt<\/p>\n<p><img loading=\"lazy\" decoding=\"async\" src=\"https:\/\/www.europesays.com\/de\/wp-content\/uploads\/2026\/08\/2025-12-20-1992-PlatzderThaelmann-Pioniere.jpg\" alt=\"Zu DDR-Zeiten hie\u00df der Platz &quot;Platz der Th\u00e4lmannpioniere&quot; - Foto: Archiv Lothar Lange\" width=\"1334\" height=\"750\" class=\"size-full wp-image-234216\"  \/>Zu DDR-Zeiten hie\u00df der Platz \u201ePlatz der Th\u00e4lmannpioniere\u201c \u2013 Foto: Archiv Lothar Lange<\/p>\n","protected":false},"excerpt":{"rendered":"Wie hei\u00dft es denn nun, das St\u00fcckchen Gr\u00fcn zwischen Bischofsweg und Tannenstra\u00dfe \u2013 Alaunplatz, Alaunpark, A-Park oder, wie&hellip;\n","protected":false},"author":2,"featured_media":1270724,"comment_status":"","ping_status":"","sticky":false,"template":"","format":"standard","meta":{"footnotes":"","_share_on_mastodon":"0"},"categories":[1835],"tags":[262472,168702,31097,3364,29,2386,30,262473,4229,859],"class_list":["post-1270723","post","type-post","status-publish","format-standard","has-post-thumbnail","category-dresden","tag-a-park","tag-alaunpark","tag-alaunplatz","tag-de","tag-deutschland","tag-dresden","tag-germany","tag-launi","tag-neustadt","tag-sachsen"],"share_on_mastodon":{"url":"https:\/\/pubeurope.com\/@de\/117187179552709724","error":""},"_links":{"self":[{"href":"https:\/\/www.europesays.com\/de\/wp-json\/wp\/v2\/posts\/1270723","targetHints":{"allow":["GET"]}}],"collection":[{"href":"https:\/\/www.europesays.com\/de\/wp-json\/wp\/v2\/posts"}],"about":[{"href":"https:\/\/www.europesays.com\/de\/wp-json\/wp\/v2\/types\/post"}],"author":[{"embeddable":true,"href":"https:\/\/www.europesays.com\/de\/wp-json\/wp\/v2\/users\/2"}],"replies":[{"embeddable":true,"href":"https:\/\/www.europesays.com\/de\/wp-json\/wp\/v2\/comments?post=1270723"}],"version-history":[{"count":0,"href":"https:\/\/www.europesays.com\/de\/wp-json\/wp\/v2\/posts\/1270723\/revisions"}],"wp:featuredmedia":[{"embeddable":true,"href":"https:\/\/www.europesays.com\/de\/wp-json\/wp\/v2\/media\/1270724"}],"wp:attachment":[{"href":"https:\/\/www.europesays.com\/de\/wp-json\/wp\/v2\/media?parent=1270723"}],"wp:term":[{"taxonomy":"category","embeddable":true,"href":"https:\/\/www.europesays.com\/de\/wp-json\/wp\/v2\/categories?post=1270723"},{"taxonomy":"post_tag","embeddable":true,"href":"https:\/\/www.europesays.com\/de\/wp-json\/wp\/v2\/tags?post=1270723"}],"curies":[{"name":"wp","href":"https:\/\/api.w.org\/{rel}","templated":true}]}}