{"id":1270725,"date":"2026-08-30T23:59:21","date_gmt":"2026-08-30T23:59:21","guid":{"rendered":"https:\/\/www.europesays.com\/de\/1270725\/"},"modified":"2026-08-30T23:59:21","modified_gmt":"2026-08-30T23:59:21","slug":"sieben-tore-nach-der-pause-heidenheimer-feuerwerk-gegen-dresden","status":"publish","type":"post","link":"https:\/\/www.europesays.com\/de\/1270725\/","title":{"rendered":"Sieben Tore nach der Pause: Heidenheimer Feuerwerk gegen Dresden"},"content":{"rendered":"<p>            <img loading=\"lazy\" decoding=\"async\" class=\"ts-image\" src=\"https:\/\/www.europesays.com\/de\/wp-content\/uploads\/2026\/08\/heidenheim-jubel-spielbericht-100.jpg\" alt=\"Torjubel von Heidenheims Jan Sch\u00f6ppner\" title=\"Torjubel von Heidenheims Jan Sch\u00f6ppner | IMAGO\/Jan Huebner\"\/><\/p>\n<p class=\"metatextline\">Stand: 31.08.2026 \u2022 00:00 Uhr<\/p>\n<p class=\"article-head__shorttext\">\n        <strong>Eine torreiche zweite H\u00e4lfte sorgte f\u00fcr den 1. FC Heidenheim nach der Pokalschmach von Jeddeloh f\u00fcr einen 5:3 (0:1)-Heimsieg am Samstagmittag gegen Dynamo Dresden . Am 3. Spieltag der 2. Fu\u00dfball-Bundesliga fielen sieben Tore nach der Pause, auch weil Dresden sich selbst schw\u00e4chte und Heidenheim offensiv alles gelang.<\/strong>\n    <\/p>\n<p class=\"textabsatz m-ten m-offset-one l-eight l-offset-two columns twelve\">Nach dem 0:1-Halbzeitr\u00fcckstand brannten die Heidenheimer das sprichw\u00f6rtliche Feuerwerk ab. Vincent Vermeij traf zwar zur F\u00fchrung f\u00fcr die G\u00e4ste (30. Minute), doch mit dem Wiederanpfiff \u00fcbernahm der FCH das Geschehen. Jan Sch\u00f6ppner er\u00f6ffnete den Torreigen in der 67. Minute, Robert Wagner sorgte f\u00fcr die erneute G\u00e4stef\u00fchrung (73.), ehe ab der 77. Minute Treffer fast im Minutentakt fielen. &#8222;Da haben wir gespielt, wie wir uns das vorstellen&#8220;, lobte Frank Schmidt sein Team.<\/p>\n<ul class=\"buttongroup buttongroup--copytext\">\n<li class=\"buttongroup__item\">\n<p>    <a class=\"btn btn--text btn--standard-secondary btn--fullwidth\" href=\"https:\/\/www.sportschau.de\/live-und-ergebnisse\/fussball\/deutschland-2-bundesliga\/ma12193939\/1-fc-heidenheim-1846_dynamo-dresden\/liveticker\" rel=\"nofollow noopener\" target=\"_blank\"><br \/>\n        Live-Ticker zum Nachlesen<\/p>\n<p>  Pfeil rechts<\/p>\n<p>    <\/a>\n<\/li>\n<li class=\"buttongroup__item\">\n<p>    <a class=\"btn btn--text btn--standard-secondary btn--fullwidth\" href=\"https:\/\/www.sportschau.de\/live-und-ergebnisse\/fussball\/deutschland-2-bundesliga\/se122075\/2026-2027\/ro321383\/spieltag\/md3\/spiele-und-ergebnisse\" rel=\"nofollow noopener\" target=\"_blank\"><br \/>\n        3. Spieltag<\/p>\n<p>  Pfeil rechts<\/p>\n<p>    <\/a>\n<\/li>\n<\/ul>\n<p class=\"textabsatz m-ten m-offset-one l-eight l-offset-two columns twelve\">Friedrich M\u00fcller (77. ET), Oualid Mhamdi (87.), Julian Niehues (89.) und Maximilian Breunig (91.) sorgten mit ihren Toren f\u00fcr den 5:3-Sieg. Jonas Sterners Tor (97.) zum 3:5 war nur noch Ergebniskosmetik. Dresden-Trainer Thomas Stamm zeigte sich am Sportschau-Mikrofon entt\u00e4uscht: &#8222;Weil wir \u00fcber weite Strecken die bessere Mannschaft waren. Der Kipppunkt war dann einfach die Rote Karte&#8220;. Das 2:2 kam einfach zu schnell, meinte zudem Dresdens Wagner: &#8222;Dann noch das Eigentor, das passiert einmal in 100 Spielen&#8220;.<\/p>\n<p class=\"textabsatz m-ten m-offset-one l-eight l-offset-two columns twelve\">In den ersten f\u00fcnfzehn Minuten bekamen die Zuschauer in der Voith-Arena alles andere als einen Leckerbissen zu sehen. Dynamo hatte die Partie zwar im Griff, torgef\u00e4hrliche Szenen waren aber Mangelware. In der 17. Minute hatte Niklas Hauptmann die bis dato beste Chance, als der Kapit\u00e4n den Ball an der Strafraumkante bekam, seinen Abschluss aber knapp verzog.<\/p>\n<p>    Dynamo Dresden mit spielbestimmender Anfangsphase<\/p>\n<p class=\"textabsatz m-ten m-offset-one l-eight l-offset-two columns twelve\">Wie so oft wurde es dann nach einer Standardsituation gef\u00e4hrlich. Jonas Sterners Ecke landete passgenau bei Vermeij, der zuvor seinem Gegenspieler Patrick Mainka entwischt war und problemlos zur 1:0-F\u00fchrung eink\u00f6pfen konnte (30.). Keine gl\u00fcckliche Aktion von Schlussmann Thomas D\u00e4hne, der vor dem Spiel f\u00fcr den etatm\u00e4\u00dfigen Torh\u00fcter Frank Feller in die Startelf ger\u00fcckt war.<\/p>\n<p class=\"absatzbild__info__text\">\n                        Viel los im Strafraum der Hausherren: Dynamo Dresden trifft zum vor\u00fcbergehenden 1:0.\n                    <\/p>\n<p class=\"textabsatz m-ten m-offset-one l-eight l-offset-two columns twelve\">Nur drei Minuten sp\u00e4ter konnte sich der 32-J\u00e4hrige dann aber auszeichnen. Hauptmann erk\u00e4mpfte sich den Ball und bediente den starken Kaan Inanoglu, dessen Flugkopfball D\u00e4hne ohne Probleme zur Ecke lenkte (33.). Wer dachte, dass das Spiel nun vollends in Dresdner Richtung kippen w\u00fcrde, hatte sich get\u00e4uscht. Aus dem Nichts stand Luca Kerber nach tollem Steckpass von Mikkel Kaufmann frei vor Dynamo-Keeper Tim Schreiber. Der 24-J\u00e4hrige bekam den Ball aber nicht \u00fcber die Linie (35.).<\/p>\n<p>    FCH kriegt Dresdens Inanoglu nicht in den Griff<\/p>\n<p class=\"textabsatz m-ten m-offset-one l-eight l-offset-two columns twelve\">Pl\u00f6tzlich nahm das Spiel Fahrt auf, weil auch die Hausherren mitspielten. Die beste Chance vor der H\u00e4lfte erarbeiteten sich aber die G\u00e4ste. Wieder involviert: Aktivposten Inanoglu. Jonas F\u00f6hrenbach lie\u00df sich den Ball auf der rechten Seite zu leicht von Inanoglu abluchsen, der US-Amerikaner konnte ungehindert in den Strafraum ziehen und hatte dann noch das Auge f\u00fcr Hauptmann in seinem R\u00fccken. In dessen Schuss warfen sich aber gleich mehrere FCH-Spieler, sodass D\u00e4hne nicht eingreifen musste.<\/p>\n<p class=\"textabsatz m-ten m-offset-one l-eight l-offset-two columns twelve\">Ohne personelle Wechsel startete die zweite H\u00e4lfte, diesmal mit einer deutlich engagierter Schmidt-Elf. Marcel Costly fackelte nach einer Ablage von F\u00f6hrenbach nicht lange und zwang Schreiber mit seinem Fernschuss zu einer fr\u00fchen Parade. Nur Sekunden sp\u00e4ter war er erneut zur Stelle, diesmal gegen Budu Zivzivadze.<\/p>\n<p>    Sch\u00f6ppner belohnt Heidenheimer Bem\u00fchungen<\/p>\n<p class=\"textabsatz m-ten m-offset-one l-eight l-offset-two columns twelve\">Pl\u00f6tzlich war nichts mehr zu sehen von der starken ersten H\u00e4lfte der G\u00e4ste. Heidenheim war nah dran am Ausgleich, sp\u00e4testens als Costly in der 60. Minute nur die Latte traf, h\u00e4tten die Hausherren diesen verdient gehabt. Der Treffer fiel schlie\u00dflich sieben Minuten sp\u00e4ter, ebenfalls nach einer Standardsituation.<\/p>\n<p class=\"absatzbild__info__text\">\n                        Oualid Mhamdi feiert sich nach dem 3:2-F\u00fchrungstreffer f\u00fcr Heidenheim\n                    <\/p>\n<p class=\"textabsatz m-ten m-offset-one l-eight l-offset-two columns twelve\">Heidenheim setzte nach, brachte nach der Ecke den zweiten Ball in den Strafraum, wo Sch\u00f6ppner aus vier Metern ins Tor k\u00f6pfen konnte (67.). Dynamo schaffte es kaum mehr, f\u00fcr Entlastung zu sorgen, auch die starke Offensivreihe verblasste nach der Pause v\u00f6llig. Daf\u00fcr drehte Costly weiter auf und lie\u00df sich in der 69. Minute nur mit einem Foul stoppen. Zum Unmut der Dresdner, denn Thomas Keller sah dadurch seine zweite Gelbe Karte &#8211; Unterzahl f\u00fcr die SG.<\/p>\n<p>    Turbulente Schlussphase in Heidenheim<\/p>\n<p class=\"textabsatz m-ten m-offset-one l-eight l-offset-two columns twelve\">Statt sich hinten einzuigeln, suchten die G\u00e4ste den Weg nach vorne. Ben Bobzien wuselte sich durch den gegnerischen Strafraum, wollte eigentlich den Strafsto\u00df, doch stattdessen landete der Ball \u00fcber mehrere Wege beim aufger\u00fcckten Robert Wagner. Der Mittelfeldakteur nutzte die Unsortiertheit der Heidenheimer zur 2:1-F\u00fchrung (73.).<\/p>\n<p class=\"textabsatz m-ten m-offset-one l-eight l-offset-two columns twelve\">Die hielt aber ebenfalls nur kurz, weil M\u00fcller eine Rettungsaktion v\u00f6llig misslang. Michael Heule schlug einen langen Ball nach vorne, M\u00fcller wollte ihn kl\u00e4ren, doch \u00fcberlupfte seinen vor dem Tor stehenden Schlussmann musterg\u00fcltig (77.). Danach dr\u00e4ngte der FCH auf den Siegtreffer, der in der 87. Minute tats\u00e4chlich fallen sollte. Mhamdi besorgte den 3:2-F\u00fchrungstreffer, ehe Niehues (89.) und Breuning (91.) Treffer vier und f\u00fcnf markierten. Sterners Tor (97.) zum 3:5 hatte keinen Einfluss mehr.<\/p>\n<p>    Heidenheim in F\u00fcrth, Dresden gegen Bochum<\/p>\n<p class=\"textabsatz m-ten m-offset-one l-eight l-offset-two columns twelve\">Heidenheim ist am Sonntagmittag bei Greuther F\u00fcrth zu Gast (13.30 Uhr). Dresden empf\u00e4ngt am Samstagabend den VfL Bochum (20.30 Uhr).<\/p>\n<ul class=\"buttongroup buttongroup--copytext\">\n<li class=\"buttongroup__item\">\n<p>    <a class=\"btn btn--text btn--standard-secondary btn--fullwidth\" href=\"https:\/\/calovo.de\/f\/sportschau\/1-fc-heidenheim-1846\" rel=\"nofollow noopener\" target=\"_blank\"><br \/>\n        1. FC Heidenheim f\u00fcr Ihren Kalender<\/p>\n<p>  Pfeil rechts<\/p>\n<p>    <\/a>\n<\/li>\n<li class=\"buttongroup__item\">\n<p>    <a class=\"btn btn--text btn--standard-secondary btn--fullwidth\" href=\"https:\/\/calovo.de\/f\/sportschau\/sg-dynamo-dresden\" rel=\"nofollow noopener\" target=\"_blank\"><br \/>\n        Dynamo Dresden f\u00fcr Ihren Kalender<\/p>\n<p>  Pfeil rechts<\/p>\n<p>    <\/a>\n<\/li>\n<\/ul>\n","protected":false},"excerpt":{"rendered":"Stand: 31.08.2026 \u2022 00:00 Uhr Eine torreiche zweite H\u00e4lfte sorgte f\u00fcr den 1. FC Heidenheim nach der Pokalschmach&hellip;\n","protected":false},"author":2,"featured_media":1270726,"comment_status":"","ping_status":"","sticky":false,"template":"","format":"standard","meta":{"footnotes":"","_share_on_mastodon":"0"},"categories":[1835],"tags":[829,621,3364,29,2386,3766,347,30,859],"class_list":["post-1270725","post","type-post","status-publish","format-standard","has-post-thumbnail","category-dresden","tag-1-fc-heidenheim-1846","tag-2-bundesliga","tag-de","tag-deutschland","tag-dresden","tag-dynamo-dresden","tag-fussball","tag-germany","tag-sachsen"],"share_on_mastodon":{"url":"https:\/\/pubeurope.com\/@de\/117187180475420929","error":""},"_links":{"self":[{"href":"https:\/\/www.europesays.com\/de\/wp-json\/wp\/v2\/posts\/1270725","targetHints":{"allow":["GET"]}}],"collection":[{"href":"https:\/\/www.europesays.com\/de\/wp-json\/wp\/v2\/posts"}],"about":[{"href":"https:\/\/www.europesays.com\/de\/wp-json\/wp\/v2\/types\/post"}],"author":[{"embeddable":true,"href":"https:\/\/www.europesays.com\/de\/wp-json\/wp\/v2\/users\/2"}],"replies":[{"embeddable":true,"href":"https:\/\/www.europesays.com\/de\/wp-json\/wp\/v2\/comments?post=1270725"}],"version-history":[{"count":0,"href":"https:\/\/www.europesays.com\/de\/wp-json\/wp\/v2\/posts\/1270725\/revisions"}],"wp:featuredmedia":[{"embeddable":true,"href":"https:\/\/www.europesays.com\/de\/wp-json\/wp\/v2\/media\/1270726"}],"wp:attachment":[{"href":"https:\/\/www.europesays.com\/de\/wp-json\/wp\/v2\/media?parent=1270725"}],"wp:term":[{"taxonomy":"category","embeddable":true,"href":"https:\/\/www.europesays.com\/de\/wp-json\/wp\/v2\/categories?post=1270725"},{"taxonomy":"post_tag","embeddable":true,"href":"https:\/\/www.europesays.com\/de\/wp-json\/wp\/v2\/tags?post=1270725"}],"curies":[{"name":"wp","href":"https:\/\/api.w.org\/{rel}","templated":true}]}}