{"id":1270744,"date":"2026-08-31T00:10:39","date_gmt":"2026-08-31T00:10:39","guid":{"rendered":"https:\/\/www.europesays.com\/de\/1270744\/"},"modified":"2026-08-31T00:10:39","modified_gmt":"2026-08-31T00:10:39","slug":"deutsche-bahn-zugstrecke-koeln-duesseldorf-fuer-monate-eingeschraenkt","status":"publish","type":"post","link":"https:\/\/www.europesays.com\/de\/1270744\/","title":{"rendered":"Deutsche Bahn: Zugstrecke K\u00f6ln-D\u00fcsseldorf f\u00fcr Monate eingeschr\u00e4nkt"},"content":{"rendered":"<p>Besch\u00e4digte Bahnbr\u00fccke <\/p>\n<p>Z\u00fcge zwischen K\u00f6ln und D\u00fcsseldorf fahren monatelang eingeschr\u00e4nkt<\/p>\n<p>30.08.2026 &#8211; 15:16 UhrLesedauer: 2 Min.<\/p>\n<p><a href=\"#focus-0\" class=\"transition-colors block text-current relative\" data-sctrack=\"FocusGalleryImage.Reference\"><img fetchpriority=\"high\" data-testid=\"Opener.Image\"   loading=\"eager\" src=\"https:\/\/www.europesays.com\/de\/wp-content\/uploads\/2026\/08\/ein-regionalzug-und-eine-s-bahn-am-koelner-hauptbahnhof-symbolbild-durch-eine-beschaedigte-bruecke-b.jpeg\" alt=\"Ein Regionalzug und eine S-Bahn am K\u00f6lner Hauptbahnhof (Symbolbild): Durch eine besch\u00e4digte Br\u00fccke bei Leverkusen kommt es zwischen K\u00f6ln und Leverkusen zu Einschr\u00e4nkungen.\" title=\"Ein Regionalzug und eine S-Bahn am K\u00f6lner Hauptbahnhof (Symbolbild): Durch eine besch\u00e4digte Br\u00fccke bei Leverkusen kommt es zwischen K\u00f6ln und Leverkusen zu Einschr\u00e4nkungen.\" width=\"6951\" height=\"3910\" class=\"bg-[url:var(--lqipURL)] bg-cover bg-center flex h-full w-full max-w-full\" style=\"--lqipURL:url('https:\/\/images.t-online.de\/2026\/08\/2pH4PF-YJU9H\/325x1469:6951x3910\/fit-in\/150x0\/filters:blur(25)\/ein-regionalzug-und-eine-s-bahn-am-koelner-hauptbahnhof-symbolbild-durch-eine-beschaedigte-bruecke-bei-leverkusen-kommt-es-zwischen-koeln-und-leverkusen-zu-einschraenkungen.jpg')\" decoding=\"async\"\/><img loading=\"lazy\" src=\"https:\/\/koeln.t-online.de\/s\/paper\/_next\/static\/media\/zoom-in.f7dae02f.svg\" alt=\"Vergr\u00f6\u00dfern des Bildes\" title=\"Vergr\u00f6\u00dfern des Bildes\" class=\"block h-[calc(var(--height)_\/_16_*_1rem)] w-[calc(var(--width)_\/_16_*_1rem)] max-w-none absolute right-8 bottom-8 rounded-4 bg-snow p-8\" style=\"--width:32;--height:32\" decoding=\"async\"\/><\/a><\/p>\n<p>Ein Regionalzug und eine S-Bahn am K\u00f6lner Hauptbahnhof (Symbolbild): Wegen einer besch\u00e4digten Br\u00fccke bei Leverkusen kommt es zu Einschr\u00e4nkungen. (Quelle: IMAGO\/Jochen Tack\/imago)<\/p>\n<p><img loading=\"lazy\" src=\"https:\/\/koeln.t-online.de\/s\/paper\/_next\/static\/media\/audio-volume.6689034c.svg\" alt=\"\" title=\"\" class=\"block h-[calc(var(--height)_\/_16_*_1rem)] w-[calc(var(--width)_\/_16_*_1rem)] max-w-none group-hover:brightness-0 group-hover:invert\" style=\"--width:16;--height:16\" decoding=\"async\"\/>Vorlesen<\/p>\n<p>Aktuelle Zeit:0:00Gesamtdauer:0:00<\/p>\n<p>1x<img loading=\"lazy\" src=\"https:\/\/koeln.t-online.de\/s\/paper\/_next\/static\/media\/font-sizes.32942e33.svg\" alt=\"\" title=\"\" class=\"block h-[calc(var(--height)_\/_16_*_1rem)] w-[calc(var(--width)_\/_16_*_1rem)] max-w-none group-hover:hidden group-aria-expanded:hidden\" style=\"--width:16;--height:16\" decoding=\"async\"\/><img loading=\"lazy\" src=\"https:\/\/koeln.t-online.de\/s\/paper\/_next\/static\/media\/font-sizes-dark-mode.e382645c.svg\" alt=\"\" title=\"\" class=\"block h-[calc(var(--height)_\/_16_*_1rem)] w-[calc(var(--width)_\/_16_*_1rem)] max-w-none hidden group-hover:block group-aria-expanded:block\" style=\"--width:16;--height:16\" decoding=\"async\"\/><img loading=\"lazy\" src=\"https:\/\/koeln.t-online.de\/s\/paper\/_next\/static\/media\/sharing-menu-icon.1eb71368.svg\" alt=\"\" title=\"\" class=\"block h-[calc(var(--height)_\/_16_*_1rem)] w-[calc(var(--width)_\/_16_*_1rem)] max-w-none group-hover:brightness-0 group-hover:invert\" style=\"--width:16;--height:16\" decoding=\"async\"\/>Artikel teilen<\/p>\n<p class=\"font-bold text-18 leading-17 user-text-lg:text-22 user-text-xl:text-24\">Die Vollsperrung auf der Bahnstrecke zwischen K\u00f6ln und D\u00fcsseldorf soll im September enden. Im Anschluss drohen weitere Einschr\u00e4nkungen und Versp\u00e4tungen.<\/p>\n<p class=\"text-18 leading-17 user-text-lg:text-22 user-text-xl:text-24\">Zwar wird das Lager der Br\u00fccke instand gesetzt, eine umfassende Sanierung ist allerdings unausweichlich. Eine Bahnsprecherin sagte der K\u00f6lner Redaktion von t-online: &#8222;Nach Abschluss der Arbeiten kann die Br\u00fccke wieder zweigleisig von Z\u00fcgen befahren werden. Die Z\u00fcge werden im Bereich der Br\u00fccke jedoch langsamer unterwegs sein.&#8220; Die Fahrpl\u00e4ne m\u00fcssen durch die verminderte Geschwindigkeit angepasst werden.<\/p>\n<p>Deutsche Bahn: Zugverkehr zwischen K\u00f6ln und D\u00fcsseldorf f\u00fcr Monate eingeschr\u00e4nkt<\/p>\n<p class=\"text-18 leading-17 user-text-lg:text-22 user-text-xl:text-24\">Im betroffenen Streckenabschnitt fahren <a href=\"https:\/\/koeln.t-online.de\/region\/koeln\/id_101407208\/deutsche-bahn-zugstrecke-in-koeln-gesperrt-komplettausfaelle-drohen.html\" class=\"transition-colors cursor-pointer no-underline md:hover:text-magenta md:focus:text-magenta border-b border-solid border-current text-salemsfur md:hover:border-magenta\" data-tracking=\"{&quot;action&quot;:&quot;click&quot;,&quot;category&quot;:&quot;intextLink&quot;,&quot;label&quot;:&quot;\/region\/koeln\/id_101407208\/deutsche-bahn-zugstrecke-in-koeln-gesperrt-komplettausfaelle-drohen.html&quot;}\" data-sctrack=\"BodyAnchor\" rel=\"nofollow noopener\" target=\"_blank\">zahlreiche Linien der Deutschen Bahn und von Zugbetreiber National Express<\/a>, die t\u00e4glich von Tausenden Pendlern genutzt werden. Bis die Wupperbr\u00fccke wieder ohne Einschr\u00e4nkungen befahren werden kann, wird es noch etwas dauern. Eine umfassende Sanierung ist f\u00fcr die 2030er-Jahre geplant. &#8222;Ein genauer Zeitpunkt wird aktuell erarbeitet&#8220;, hei\u00dft es bei der Deutschen Bahn auf Anfrage weiter.<\/p>\n<p>Vollsperrung K\u00f6ln-D\u00fcsseldorf: Bahnverkehr in NRW noch f\u00fcr Tage beeintr\u00e4chtigt<\/p>\n","protected":false},"excerpt":{"rendered":"Besch\u00e4digte Bahnbr\u00fccke Z\u00fcge zwischen K\u00f6ln und D\u00fcsseldorf fahren monatelang eingeschr\u00e4nkt 30.08.2026 &#8211; 15:16 UhrLesedauer: 2 Min. Ein Regionalzug&hellip;\n","protected":false},"author":2,"featured_media":1270745,"comment_status":"","ping_status":"","sticky":false,"template":"","format":"standard","meta":{"footnotes":"","_share_on_mastodon":"0"},"categories":[1831],"tags":[90938,48320,2226,3364,2030,29,3405,2785,30,1420,18266,2375,1209,4125,3043],"class_list":["post-1270744","post","type-post","status-publish","format-standard","has-post-thumbnail","category-duesseldorf","tag-90938","tag-bahnbruecke","tag-bahnstrecke","tag-de","tag-deutsche-bahn","tag-deutschland","tag-duesseldorf","tag-einschraenkung","tag-germany","tag-koeln","tag-koeln-hauptbahnhof","tag-leverkusen","tag-nordrhein-westfalen","tag-pendler","tag-vollsperrung"],"share_on_mastodon":{"url":"https:\/\/pubeurope.com\/@de\/117187224779228146","error":""},"_links":{"self":[{"href":"https:\/\/www.europesays.com\/de\/wp-json\/wp\/v2\/posts\/1270744","targetHints":{"allow":["GET"]}}],"collection":[{"href":"https:\/\/www.europesays.com\/de\/wp-json\/wp\/v2\/posts"}],"about":[{"href":"https:\/\/www.europesays.com\/de\/wp-json\/wp\/v2\/types\/post"}],"author":[{"embeddable":true,"href":"https:\/\/www.europesays.com\/de\/wp-json\/wp\/v2\/users\/2"}],"replies":[{"embeddable":true,"href":"https:\/\/www.europesays.com\/de\/wp-json\/wp\/v2\/comments?post=1270744"}],"version-history":[{"count":0,"href":"https:\/\/www.europesays.com\/de\/wp-json\/wp\/v2\/posts\/1270744\/revisions"}],"wp:featuredmedia":[{"embeddable":true,"href":"https:\/\/www.europesays.com\/de\/wp-json\/wp\/v2\/media\/1270745"}],"wp:attachment":[{"href":"https:\/\/www.europesays.com\/de\/wp-json\/wp\/v2\/media?parent=1270744"}],"wp:term":[{"taxonomy":"category","embeddable":true,"href":"https:\/\/www.europesays.com\/de\/wp-json\/wp\/v2\/categories?post=1270744"},{"taxonomy":"post_tag","embeddable":true,"href":"https:\/\/www.europesays.com\/de\/wp-json\/wp\/v2\/tags?post=1270744"}],"curies":[{"name":"wp","href":"https:\/\/api.w.org\/{rel}","templated":true}]}}