{"id":1270760,"date":"2026-08-31T00:19:34","date_gmt":"2026-08-31T00:19:34","guid":{"rendered":"https:\/\/www.europesays.com\/de\/1270760\/"},"modified":"2026-08-31T00:19:34","modified_gmt":"2026-08-31T00:19:34","slug":"fc-liverpool-will-angeblich-neuen-torwart-verpflichten-mischt-auch-bayern-muenchen-mit","status":"publish","type":"post","link":"https:\/\/www.europesays.com\/de\/1270760\/","title":{"rendered":"FC Liverpool will angeblich neuen Torwart verpflichten &#8211; mischt auch Bayern M\u00fcnchen mit?"},"content":{"rendered":"<p data-testid=\"article-teaser\">Die Reds planen offenbar, sich mit einem aufstrebenden Keeper zu verst\u00e4rken.<\/p>\n<p>Der FC Liverpool zeigt angeblich konkretes Interesse am Belgiens U19-Nationaltorh\u00fcter Lucca Brughmans von KRC Genk.<\/p>\n<p><img loading=\"lazy\" decoding=\"async\" src=\"https:\/\/www.europesays.com\/de\/wp-content\/uploads\/2026\/08\/40de710fd6b3462bad8a496ec7da7955.gif\" width=\"1\" height=\"1\" alt=\"\" data-fco-pixel-tracker-url=\"https:\/\/www.europesays.com\/de\/wp-content\/uploads\/2026\/08\/40de710fd6b3462bad8a496ec7da7955.gif\" data-fco-pixel-tracker-type=\"vg-wort\"\/><\/p>\n<p>Dies berichtet der belgische Transferexperte <a href=\"https:\/\/x.com\/sachatavolieri\/status\/2094080749926326770\" rel=\"nofollow\" target=\"_blank\" data-affiliate-type=\"NONE\">Sacha Tavolieri<\/a>. Demnach liefen aktuell die Gespr\u00e4che wegen eines Wechsels. Weiter hei\u00dft es, in Liverpool sei man vom Potenzial des 18 Jahre alten Schlussmanns \u00fcberzeugt und wolle diesen als Ersatz f\u00fcr die aktuelle Nummer zwei Giorgio Mamardashvili an die Anfield Road lotsen.<\/p>\n<p>Laut Tavolieri sind die Reds allerdings nicht der einzige Verein, der ein Auge auf Brughmans geworfen hat. Er schreibt, dass der Teenager auch beim deutschen Rekordmeister FC Bayern &#8222;auf dem Radar&#8220; sei. Wie konkret ein m\u00f6gliches Interesse des FCB am Landsmann von Cheftrainer Vincent Kompany (40) ist, wird nicht weiter ausgef\u00fchrt.<\/p>\n<p>Brughmans gilt in Belgien als gro\u00dfes Talent zwischen den Pfosten und durchlief seit der U15 alle Junioren-Auswahlmannschaften. In der U19, f\u00fcr die er bislang zwei Eins\u00e4tze absolviert hat, tr\u00e4gt der Zwei-Meter-Mann auch die Kapit\u00e4nsbinde.<\/p>\n<p>In der Jugend spielte Brughmans unter anderem f\u00fcr Royal Antwerpen und PSV. Von Eindhoven ging es 2022 abl\u00f6sefrei nach Genk, wo er in der vergangenen Spielzeit in den Profikader aufstieg und erste Eins\u00e4tze sammelte. Mittlerweile bringt er es auf 15 Partien f\u00fcr Genks Profis. In dieser Saison l\u00e4uft es noch nicht rund, in vier Ligaspielen kassierte Brughmans bereits acht Gegentore, Genk belegt aktuell den siebten Tabellenplatz.<\/p>\n<p>Brughmans steht bei seinem aktuellen Klub nach einer vorzeitigen Vertragsverl\u00e4ngerung vor wenigen Wochen noch bis 2030 unter Vertrag.<\/p>\n<p><img class=\"fco-image__image\" alt=\"SOCCER JPL D4 GENK VS BEVEREN\"   loading=\"lazy\" decoding=\"async\" fetchpriority=\"auto\" width=\"4197\" height=\"2926\" src=\"https:\/\/www.europesays.com\/de\/wp-content\/uploads\/2026\/08\/GettyImages-2291904636.jpg\" style=\"aspect-ratio:4197 \/ 2926;width:100%;height:100%\"\/>Getty ImagesFC Liverpool: Vertrag von Alisson l\u00e4uft aus<\/p>\n<p>In Liverpool gilt Mamardashvili (25) <a href=\"https:\/\/www.spox.com\/fussball\/listen\/giorgi-mamardashvili-wechselt-offenbar-zum-fc-liverpool\/6817380\" rel=\"nofollow noopener\" target=\"_blank\" data-affiliate-type=\"NONE\">seit seinem Transfer vom FC Valencia 2024 samt anschlie\u00dfender einj\u00e4hriger Leihe zur\u00fcck zu Ex-Klub FC Valencia<\/a> als Kronprinz von Stammkeeper Alisson (33). W\u00e4hrend der georgische Nationalspieler noch bis 2031 an den 20-maligen Meister gebunden ist, l\u00e4uft Alissons Kontrakt nach dieser Saison aus.<\/p>\n<p>Beim FC Bayern endet ebenfalls der Kontrakt der langj\u00e4hrigen Nummer eins im kommenden Sommer. <a href=\"https:\/\/www.spox.com\/fussball\/news\/glaube-ich-schon-manuel-neuer-vom-fc-bayern-muenchen-deutet-karriereende-an\/blt9d1500283b9f7c50\" rel=\"nofollow noopener\" target=\"_blank\" data-affiliate-type=\"NONE\">Manuel Neuer (40) k\u00f6nnte entsprechend seine letzte Spielzeit f\u00fcr die Roten absolvieren<\/a>. Sp\u00e4testens seit dem Verkauf von Alexander N\u00fcbel (29) an Besiktas vor einigen Wochen gilt Jonas Urbig (23) als Nachfolger Neuers, wenn dieser M\u00fcnchen irgendwann verl\u00e4sst. Der Vertrag des ehemaligen K\u00f6lners an der S\u00e4bener Stra\u00dfe l\u00e4uft bis 2029.<\/p>\n","protected":false},"excerpt":{"rendered":"Die Reds planen offenbar, sich mit einem aufstrebenden Keeper zu verst\u00e4rken. Der FC Liverpool zeigt angeblich konkretes Interesse&hellip;\n","protected":false},"author":2,"featured_media":1270761,"comment_status":"","ping_status":"","sticky":false,"template":"","format":"standard","meta":{"footnotes":"","_share_on_mastodon":"0"},"categories":[1827],"tags":[772,923,58212,78338,299,29,78340,228999,30,49496,262474,23456,1268,957,1288],"class_list":["post-1270760","post","type-post","status-publish","format-standard","has-post-thumbnail","category-muenchen","tag-bayern","tag-bayern-muenchen","tag-bayern-munich","tag-belgien-jupiler-league","tag-bundesliga","tag-deutschland","tag-first-division-a","tag-genk","tag-germany","tag-krc-genk","tag-l-brughmans","tag-liverpool","tag-muenchen","tag-premier-league","tag-transfers"],"share_on_mastodon":{"url":"https:\/\/pubeurope.com\/@de\/117187259858818753","error":""},"_links":{"self":[{"href":"https:\/\/www.europesays.com\/de\/wp-json\/wp\/v2\/posts\/1270760","targetHints":{"allow":["GET"]}}],"collection":[{"href":"https:\/\/www.europesays.com\/de\/wp-json\/wp\/v2\/posts"}],"about":[{"href":"https:\/\/www.europesays.com\/de\/wp-json\/wp\/v2\/types\/post"}],"author":[{"embeddable":true,"href":"https:\/\/www.europesays.com\/de\/wp-json\/wp\/v2\/users\/2"}],"replies":[{"embeddable":true,"href":"https:\/\/www.europesays.com\/de\/wp-json\/wp\/v2\/comments?post=1270760"}],"version-history":[{"count":0,"href":"https:\/\/www.europesays.com\/de\/wp-json\/wp\/v2\/posts\/1270760\/revisions"}],"wp:featuredmedia":[{"embeddable":true,"href":"https:\/\/www.europesays.com\/de\/wp-json\/wp\/v2\/media\/1270761"}],"wp:attachment":[{"href":"https:\/\/www.europesays.com\/de\/wp-json\/wp\/v2\/media?parent=1270760"}],"wp:term":[{"taxonomy":"category","embeddable":true,"href":"https:\/\/www.europesays.com\/de\/wp-json\/wp\/v2\/categories?post=1270760"},{"taxonomy":"post_tag","embeddable":true,"href":"https:\/\/www.europesays.com\/de\/wp-json\/wp\/v2\/tags?post=1270760"}],"curies":[{"name":"wp","href":"https:\/\/api.w.org\/{rel}","templated":true}]}}