{"id":1270764,"date":"2026-08-31T00:22:39","date_gmt":"2026-08-31T00:22:39","guid":{"rendered":"https:\/\/www.europesays.com\/de\/1270764\/"},"modified":"2026-08-31T00:22:39","modified_gmt":"2026-08-31T00:22:39","slug":"torsten-jansen-wuetet-hc-hamburg-verliert-auftakt-in-die-handball-bundesliga-in-balingen","status":"publish","type":"post","link":"https:\/\/www.europesays.com\/de\/1270764\/","title":{"rendered":"Torsten Jansen w\u00fctet: HC Hamburg verliert Auftakt in die Handball-Bundesliga in Balingen"},"content":{"rendered":"<p>        <img decoding=\"async\" src=\"https:\/\/www.europesays.com\/de\/wp-content\/uploads\/2026\/08\/hsv-1878.webp\" alt=\"Balingens Georg Pohle beim Wurf\" title=\"Balingens Georg Pohle beim Wurf | picture alliance\/Eibner-Pressefoto | Andreas Ulmer\" class=\"responsive\"\/><\/p>\n<p>AUDIO: HC Hamburg verpatzt Bundesliga-Auftakt in Balingen (1 Min)<\/p>\n<p class=\"topline\">Erstes Spiel mit neuem Namen<\/p>\n<p>\n                Stand: 30.08.2026 20:08 Uhr<\/p>\n<p class=\"preface\">Erstes Ligaspiel unter neuem Namen, erste Pleite. Der HC Hamburg ist nach einem weitgehend indisponierten Auftritt mit einem 26:30 (17:17) bei Aufsteiger HBW Balingen-Weilstetten in die neue Saison in der Handball-Bundesliga gestartet.  <\/p>\n<p class=\"textauthor\">von Tobias Knaack<\/p>\n<p class=\"\">Nur neun Treffer gelangen dem HCH in einer ganz schwachen zweiten H\u00e4lfte. Mehr als zehn Minuten blieben sie zwischendurch ohne eigenes Tor. Die f\u00fcnftbeste Offensive der Vorsaison zeigte zu wenig, um die kompakte Deckung der vom ehemaligen Hamburger Matthias Flohr trainierten Gastgeber auseinanderzuspielen und einen, geschweige denn zwei Punkte mit in die Hansestadt zu nehmen.<\/p>\n<p class=\"\">Besser willl die Mansnchaft von Trainer Torsten Jansen es beim Heimspiel am Mittwoch gegen Stuttgart machen (19 Uhr, im <a href=\"https:\/\/www.ndr.de\/sport\/live\" title=\"Frauen-Bundesliga mit Leverkusen - Wolfsburg im Liveticker\" rel=\"nofollow noopener\" target=\"_blank\">NDR Livecenter<\/a>).<\/p>\n<p>        <img decoding=\"async\" src=\"https:\/\/www.europesays.com\/de\/wp-content\/uploads\/2026\/03\/handball2560.webp.webp\" alt=\"Ein Handball liegt im Tornetz.\" title=\"Ein Handball liegt im Tornetz. | picture-alliance, Frank Hoermann \/ Sven Simon\" class=\"responsive\" loading=\"lazy\"\/><\/p>\n<p>Ergebnisse, Tabellenst\u00e4nde und die Spieltage im \u00dcberblick.<\/p>\n<p>    Andersen trifft zum Ausgleich mit der Pausensirene<\/p>\n<p class=\"\">Schon Durchgang eins hatte angedeutet, dass der Auftakt in die Saison schiefgehen k\u00f6nnte. Frederik Bo Andersen erzielte mit der letzten Aktion des ersten Abschnitts den Ausgleich zum 17:17. Damit brachte der d\u00e4nische Rechtsau\u00dfen sein Team immerhin mit einem Remis in die Pause &#8211; und sorgte f\u00fcr ein halbwegs vers\u00f6hnliches Ende der ersten 30 Minuten aus Sicht der Hamburger.<\/p>\n<p class=\"\">Denn bereits dort hatten sie nach einer ausgeglichenen Anfangsphase zwischenzeitlich schon mit vier Treffern hinten gelegen (5:9, 11.). Weil sie sich zu viele technische Fehler leisteten, aber auch weil ihre Deckung nicht auf der H\u00f6he war. Da sich Torh\u00fcter Robin Haug bis zur Pause aber auf f\u00fcnf Paraden steigerte und vorne Nicolaj J\u00f6rgensen in Schwung kam, k\u00e4mpften sich die Hanseaten wieder ran, ehe Andersen mit der Schlusssirene zum 17:17-Pausenstand ausglich.<\/p>\n<p>        <img decoding=\"async\" src=\"https:\/\/www.europesays.com\/de\/wp-content\/uploads\/2026\/08\/rejek-100.webp\" alt=\"Markus Rejek\" title=\"Markus Rejek | IMAGO\/Horst Galuschka\" class=\"responsive\" loading=\"lazy\"\/><\/p>\n<p>Vor dem Saisonstart in der HBL<\/p>\n<p>Der HC Hamburg startet am Sonntag in die neue Saison der Handball-Bundesliga. Der neue Gesch\u00e4ftsf\u00fchrer Markus Rejek im NDR Interview \u00fcber die Ziele und Finanzen des Clubs.<\/p>\n<p>    HCH indisponiert, Jansen w\u00fctet<\/p>\n<p class=\"\">Konstanz bekam das Jansen-Team aber auch zu Beginn der zweiten H\u00e4lfte nicht in sein Spiel. Einem 3:0-Lauf der Gastgeber lie\u00df der HCH zwar zun\u00e4chst eine eigene 3:0-Serie folgen, nur um danach allerdings wieder mit drei Treffern in R\u00fcckstand zu geraten (21:24, 43.). W\u00e4hrend einer Auszeit tobte Jansen im Kreis des Teams und feuerte anschlie\u00dfend eine Flasche auf den Hallenboden.<\/p>\n<p class=\"\">Und da sich der Trainer auch in der Folge nicht beruhigte und weiter rumpolterte, kassierte er eine Zeitstrafe &#8211; und machte damit einen numerischen Vorteil seiner Mannschaft zunichte. Sascha Pfattheicher erzielte per Siebenmeter das 25:21 f\u00fcr die Gastgeber (48.), ehe Martin Hovde nach mehr als zehn Minuten mal wieder einen Hamburger Treffer verbuchte (49.).<\/p>\n<p>                    <a href=\"https:\/\/www.europesays.com\/de\/wp-content\/uploads\/2026\/08\/hsv-1880.webp\" class=\"zoomimage\" title=\"Bild vergr\u00f6\u00dfern\"><\/p>\n<p>        <img decoding=\"async\" src=\"https:\/\/www.europesays.com\/de\/wp-content\/uploads\/2026\/08\/hsv-1880.webp\" alt=\"Balingens Sascha Pfattheicher beim Wurf\" title=\"Balingens Sascha Pfattheicher erzielte wie Hamburgs Nicolaj J\u00f6rgensen sieben Treffer. | Imago Images\/Eibner-Pressefoto Andreas Ulmer\" class=\"responsive\" loading=\"lazy\"\/><\/p>\n<p>                    <\/a><\/p>\n<p>                    Balingens Sascha Pfattheicher erzielte wie Hamburgs Nicolaj J\u00f6rgensen sieben Treffer.<\/p>\n<p class=\"\">Elf Minuten blieben noch, um erneut drei Tore aufzuholen und die Auftakt-Niederlage abzuwenden. Jansen lie\u00df im Angriff mit sieben gegen sechs spielen, der zur Pause eingewechselte Torh\u00fcter Daniel Rebmann aber vernagelte das Balinger Tor mit neun Paraden weitgehend. Und so machte Pfattheicher nach einer weiteren Rebmann-Rettung mit einem Treffer ins verwaiste Hamburger Geh\u00e4use zwei Minuten vor dem Ende den Deckel drauf (29:24).<\/p>\n<p>    Im Pokal zu Aufsteiger Balingen-Weilstetten<\/p>\n<p class=\"\">Im Pokal muss der HCH zu Zweitligist HC Elbflorenz reisen. Das ergab die Auslosung der zweiten Runde am Sonntag. In Dresden waren die Hanseaten in der vergangenen Saison in der zweiten Runde nach zwei Verl\u00e4ngerungen mit 46:47 gescheitert. Die Partien werden von 22. bis 24. September ausgetragen.<\/p>\n<p>Ende<\/p>\n<p>\n                    30.08.2026<br \/>\n                    18:00 Uhr\n                <\/p>\n<p>                            <img decoding=\"async\" alt=\"\" aria-hidden=\"true\" class=\"steno-team-emblem\" src=\"https:\/\/images.ndr.de\/image\/0a80450a-4699-45e8-b4e0-acdf2c242a68\/AAABnn3Aavw\/AAABnR8VW9w\/original\/wappen434.svg\"\/><\/p>\n<p>                            <img decoding=\"async\" alt=\"\" aria-hidden=\"true\" class=\"steno-team-emblem\" src=\"https:\/\/images.ndr.de\/image\/61ab01f4-2fcc-47e5-aa14-5c057d5efab0\/AAABn9xhUjg\/AAABnR8VW9w\/original\/wappen-648.svg\"\/><\/p>\n<p>                        Tore<\/p>\n<ul class=\"steno-facts-list\" aria-label=\"Liste der im Spiel erzielten Treffer\">\n<li><strong>0:1<\/strong> N. Jorgensen (1.)<\/li>\n<li><strong>1:1<\/strong> S. Pfattheicher (2.)<\/li>\n<li><strong>2:1<\/strong> M. Raguse (4.)<\/li>\n<li><strong>2:2<\/strong> O. Norlyk (5.)<\/li>\n<li><strong>2:3<\/strong> M. Sauter (7.)<\/li>\n<li><strong>3:3<\/strong> M. Grupe (7.)<\/li>\n<li><strong>4:3<\/strong> M. Locher (8.)<\/li>\n<li><strong>4:4<\/strong> E. Kofler (8.)<\/li>\n<li><strong>5:4<\/strong> S. Bauer (9.)<\/li>\n<li><strong>6:4<\/strong> E. F\u00fcgel (9.)<\/li>\n<li><strong>7:4<\/strong> C. Leimeter (10.)<\/li>\n<li><strong>8:4<\/strong> G. P\u00f6hle (11.)<\/li>\n<li><strong>8:5<\/strong> M. Sauter (11.)<\/li>\n<li><strong>9:5<\/strong> E. F\u00fcgel (11.)<\/li>\n<li><strong>9:6<\/strong> M. Sauter (12.)<\/li>\n<li><strong>10:6<\/strong> Y. Dayan (12.)<\/li>\n<li><strong>10:7<\/strong> N. Jorgensen (13.)<\/li>\n<li><strong>11:7<\/strong> S. Pfattheicher (14.)<\/li>\n<li><strong>11:8<\/strong> O. Norlyk (15.)<\/li>\n<li><strong>11:9<\/strong> O. Norlyk (16.)<\/li>\n<li><strong>12:9<\/strong> M. Raguse (17.)<\/li>\n<li><strong>13:9<\/strong> T. Heinzelmann (18.)<\/li>\n<li><strong>13:10<\/strong> N. Jorgensen (20.)<\/li>\n<li><strong>13:11<\/strong> M. Sauter (21.)<\/li>\n<li><strong>14:11<\/strong> G. P\u00f6hle (22.)<\/li>\n<li><strong>14:12<\/strong> T. Gadza (22.)<\/li>\n<li><strong>15:12<\/strong> G. P\u00f6hle (23.)<\/li>\n<li><strong>15:13<\/strong> N. Jorgensen (24.)<\/li>\n<li><strong>15:14<\/strong> J. Schmidt (24.)<\/li>\n<li><strong>16:14<\/strong> Y. Dayan (25.)<\/li>\n<li><strong>16:15<\/strong> K. Geenen (26.)<\/li>\n<li><strong>17:15<\/strong> M. Grupe (29.)<\/li>\n<li><strong>17:16<\/strong> N. Jorgensen (30.)<\/li>\n<li><strong>17:17<\/strong> F. Andersen (30.)<\/li>\n<li><strong>18:17<\/strong> S. Pfattheicher (31.)<\/li>\n<li><strong>19:17<\/strong> M. Raguse (32.)<\/li>\n<li><strong>20:17<\/strong> S. Bauer (33.)<\/li>\n<li><strong>20:18<\/strong> F. Andersen (34.)<\/li>\n<li><strong>20:19<\/strong> J. Schmidt (35.)<\/li>\n<li><strong>20:20<\/strong> J. Schmidt (36.)<\/li>\n<li><strong>21:20<\/strong> S. Bauer (37.)<\/li>\n<li><strong>22:20<\/strong> C. Leimeter (38.)<\/li>\n<li><strong>22:21<\/strong> N. Jorgensen (39.)<\/li>\n<li><strong>23:21<\/strong> Y. Dayan (40.)<\/li>\n<li><strong>24:21<\/strong> S. Pfattheicher (42.)<\/li>\n<li><strong>25:21<\/strong> S. Pfattheicher (48.)<\/li>\n<li><strong>25:22<\/strong> M. Hovde (49.)<\/li>\n<li><strong>26:22<\/strong> C. Leimeter (51.)<\/li>\n<li><strong>27:22<\/strong> M. Locher (53.)<\/li>\n<li><strong>27:23<\/strong> N. Jorgensen (53.)<\/li>\n<li><strong>28:23<\/strong> M. Locher (57.)<\/li>\n<li><strong>28:24<\/strong> F. Andersen (57.)<\/li>\n<li><strong>29:24<\/strong> S. Pfattheicher (58.)<\/li>\n<li><strong>29:25<\/strong> M. Sauter (59.)<\/li>\n<li><strong>29:26<\/strong> M. Hovde (59.)<\/li>\n<li><strong>30:26<\/strong> S. Pfattheicher (60.)<\/li>\n<\/ul>\n<p>                <a class=\"button tiny-inverse-fixed steno-link\" href=\"https:\/\/www.ndr.de\/sport\/ergebnisse\/spielstatistik-4026.html\" rel=\"nofollow noopener\" target=\"_blank\">Weitere Daten zum Spiel<\/a><\/p>\n<p>Handball, 1. Bundesliga (M)<\/p>\n<p>                <a class=\"button tiny-inverse-fixed steno-link\" href=\"https:\/\/www.ndr.de\/sport\/ergebnisse\/Ergebnisse-Tabelle-Spielplan-Handball-Bundesliga-2026-2027,handballmaenner-182.html\" rel=\"nofollow noopener\" target=\"_blank\">Ergebnisse und Tabelle<\/a><\/p>\n<p>        <img decoding=\"async\" src=\"https:\/\/www.europesays.com\/de\/wp-content\/uploads\/2026\/08\/hannoverburgdorf-206.webp\" alt=\"Hannovers Leif Tissier im Kampf um den Ball\" title=\"Hannovers Leif Tissier im Kampf um den Ball | Imago Images\/Jan Guenther\" class=\"responsive\" loading=\"lazy\"\/><\/p>\n<p>Bundesliga-Auftakt<\/p>\n<p>Die &#8222;Recken&#8220; liegen gegen die Rhein-Neckar L\u00f6wen bereits mit f\u00fcnf Toren zur\u00fcck, erk\u00e4mpfen sich auch wegen einer starken Schlussphase des R\u00fcckraumspielers aber zwei Punkte zum Auftakt.<\/p>\n<p>        Schlagw\u00f6rter zu diesem Artikel<\/p>\n<p>            <a href=\"https:\/\/www.ndr.de\/ratgeber\/reise\/hamburg\" rel=\"nofollow noopener\" target=\"_blank\">Hamburg<\/a><\/p>\n","protected":false},"excerpt":{"rendered":"AUDIO: HC Hamburg verpatzt Bundesliga-Auftakt in Balingen (1 Min) Erstes Spiel mit neuem Namen Stand: 30.08.2026 20:08 Uhr&hellip;\n","protected":false},"author":2,"featured_media":1270765,"comment_status":"","ping_status":"","sticky":false,"template":"","format":"standard","meta":{"footnotes":"","_share_on_mastodon":"0"},"categories":[1826],"tags":[29,30,692,1391,5009,262513,7492],"class_list":["post-1270764","post","type-post","status-publish","format-standard","has-post-thumbnail","category-hamburg","tag-deutschland","tag-germany","tag-hamburg","tag-handball","tag-hbl","tag-hc-hamburg","tag-hsv-hamburg"],"share_on_mastodon":{"url":"https:\/\/pubeurope.com\/@de\/117187271651040413","error":""},"_links":{"self":[{"href":"https:\/\/www.europesays.com\/de\/wp-json\/wp\/v2\/posts\/1270764","targetHints":{"allow":["GET"]}}],"collection":[{"href":"https:\/\/www.europesays.com\/de\/wp-json\/wp\/v2\/posts"}],"about":[{"href":"https:\/\/www.europesays.com\/de\/wp-json\/wp\/v2\/types\/post"}],"author":[{"embeddable":true,"href":"https:\/\/www.europesays.com\/de\/wp-json\/wp\/v2\/users\/2"}],"replies":[{"embeddable":true,"href":"https:\/\/www.europesays.com\/de\/wp-json\/wp\/v2\/comments?post=1270764"}],"version-history":[{"count":0,"href":"https:\/\/www.europesays.com\/de\/wp-json\/wp\/v2\/posts\/1270764\/revisions"}],"wp:featuredmedia":[{"embeddable":true,"href":"https:\/\/www.europesays.com\/de\/wp-json\/wp\/v2\/media\/1270765"}],"wp:attachment":[{"href":"https:\/\/www.europesays.com\/de\/wp-json\/wp\/v2\/media?parent=1270764"}],"wp:term":[{"taxonomy":"category","embeddable":true,"href":"https:\/\/www.europesays.com\/de\/wp-json\/wp\/v2\/categories?post=1270764"},{"taxonomy":"post_tag","embeddable":true,"href":"https:\/\/www.europesays.com\/de\/wp-json\/wp\/v2\/tags?post=1270764"}],"curies":[{"name":"wp","href":"https:\/\/api.w.org\/{rel}","templated":true}]}}