{"id":1270774,"date":"2026-08-31T00:29:33","date_gmt":"2026-08-31T00:29:33","guid":{"rendered":"https:\/\/www.europesays.com\/de\/1270774\/"},"modified":"2026-08-31T00:29:33","modified_gmt":"2026-08-31T00:29:33","slug":"berlin-linken-spitzenkandidatin-eralp-kritisiert-rapper-auftritt-im-neukoellner-wahlkampf","status":"publish","type":"post","link":"https:\/\/www.europesays.com\/de\/1270774\/","title":{"rendered":"Berlin: Linken-Spitzenkandidatin Eralp kritisiert Rapper-Auftritt im Neuk\u00f6llner Wahlkampf"},"content":{"rendered":"<p>            <img loading=\"lazy\" decoding=\"async\" class=\"ts-image\" src=\"https:\/\/www.europesays.com\/de\/wp-content\/uploads\/2026\/08\/rbb-615522208-100.jpg\" alt=\"Elif Eralp, Spitzenkandidatinnen f\u00fcr Die Linke (Quelle: picture alliance\/dts Nachrichtenagentur)\" title=\"615522208 | picture alliance\/dts Nachrichtenagentur\"\/><\/p>\n<p class=\"metatextline\">Stand: 30.08.2026 \u2022 17:52 Uhr<\/p>\n<p class=\"article-head__shorttext\">\n        <strong>Ein S\u00e4nger soll bei Wahlkampf-Veranstaltung der Neuk\u00f6llner Linken zur Gewalt gegen Israel aufgerufen haben. Linken-Spitzenkandidatin Elif Eralp kritisiert den Auftritt.<\/strong>\n    <\/p>\n<p class=\"textabsatz m-ten m-offset-one l-eight l-offset-two columns twelve\">Die Spitzenkandidatin der Berliner Linken Elif Eralp hat den Auftritt eines Rappers mit Gewaltaufrufen bei einer Wahlkampfveranstaltung des Neuk\u00f6llner Bezirksverbandes ihrer Partei deutlich kritisiert. &#8222;Wie meine Parteivorsitzende Kerstin Wolter verurteile ich den Auftritt in Neuk\u00f6lln aufs Sch\u00e4rfste. Aufrufe zur Gewalt und zur T\u00f6tung von Menschen sind absolut inakzeptabel&#8220;, teilte Eralp mit. &#8222;Ich bin entsetzt, die Verantwortlichen h\u00e4tten sofort intervenieren m\u00fcssen.&#8220; Die Veranstaltung am Samstagabend auf dem Herrfurthplatz hie\u00df &#8222;W\u00fctend auf den Kapitalismus&#8220;. Angek\u00fcndigt waren Kandidaten der Linken f\u00fcr die Berliner Abgeordnetenhauswahl und die BVV-Wahlen am 20. September &#8211; sowie der Rapper Dahabflex und andere K\u00fcnstler. Nach einem Bericht des <a href=\"https:\/\/www.tagesspiegel.de\/berlin\/yalla-yalla-intifada-offener-judenhass-im-wahlkampf-der-neukollner-linken--grune-zweifeln-an-regierungsfahigkeit-15997499.html\" title=\"&quot;Tagesspiegels&quot;\" class=\"textlink--extern js-link-dialog\" rel=\"noopener noreferrer nofollow\" target=\"_blank\" data-type=\"external\">&#8222;Tagesspiegels&#8220;<\/a> soll Dahabflex ein Lied gegen den Krieg Israels in Gaza mit Zeilen wie &#8222;Yalla Yalla Intifada Westbank, Pal\u00e4stina, Gaza&#8220; sowie &#8222;Death to the IDF&#8220; (Tod der israelischen Armee) gesungen haben. Viele Zuschauer tanzten und klatschten, die anwesenden Politiker reagierten demnach nicht.<\/p>\n<p>    Eralp: &#8222;Ich stehe klar f\u00fcr den Schutz von j\u00fcdischem Leben&#8220;<\/p>\n<p class=\"textabsatz m-ten m-offset-one l-eight l-offset-two columns twelve\">Eralp erkl\u00e4rte weiter: &#8222;Der Bezirksverband Neuk\u00f6lln hat den S\u00e4nger eingeladen, ich erwarte, dass dort aufgekl\u00e4rt wird, wie es zu so einer Grenz\u00fcberschreitung kommen konnte und dass es Konsequenzen gibt. Ich stehe klar f\u00fcr den Schutz von j\u00fcdischem Leben und gegen jede Form von Antisemitismus.&#8220; Hermann Nehls, CO-Vorsitzender der Linken Neuk\u00f6lln, erkl\u00e4rte, der Rapper sei wegen seiner Position gegen Krieg und Genozid eingeladen worden. Der betreffende Song sei allerdings nicht abgesprochen gewesen. Aufrufe zur Gewalt gegen Personen seien nicht in Ordnung.<\/p>\n<p class=\"textabsatz m-ten m-offset-one l-eight l-offset-two columns twelve\">Sendung: rbb|24, 30.08.2026, 17:17 Uhr Audio: rbb|24, 30.08.2026, Pauline Pieper<\/p>\n<p>                                        <a class=\"backlink__link\" href=\"https:\/\/www.rbb24.de\/politik\/berlin-wahl-2026\/beitraege\/berlin-elif-eralp-wahlkampf-rapper-linke-israel-rapper.html\" rel=\"nofollow noopener\" target=\"_blank\"><\/p>\n<p>                                                <img decoding=\"async\" src=\"https:\/\/images.tagesschau.de\/image\/898f19c3-6760-4be2-a33f-1fa765216ec2\/AAABlap_olM\/AAABnR8VW9w\/original\/lra-rbb-logo-100.svg\" alt=\"Rundfunk Berlin-Brandenburg\"\/><\/p>\n<p>                                        <\/a><\/p>\n","protected":false},"excerpt":{"rendered":"Stand: 30.08.2026 \u2022 17:52 Uhr Ein S\u00e4nger soll bei Wahlkampf-Veranstaltung der Neuk\u00f6llner Linken zur Gewalt gegen Israel aufgerufen&hellip;\n","protected":false},"author":2,"featured_media":1270775,"comment_status":"","ping_status":"","sticky":false,"template":"","format":"standard","meta":{"footnotes":"","_share_on_mastodon":"0"},"categories":[1825],"tags":[296,29,30,2239],"class_list":["post-1270774","post","type-post","status-publish","format-standard","has-post-thumbnail","category-berlin","tag-berlin","tag-deutschland","tag-germany","tag-rbb"],"share_on_mastodon":{"url":"https:\/\/pubeurope.com\/@de\/117187298316710793","error":""},"_links":{"self":[{"href":"https:\/\/www.europesays.com\/de\/wp-json\/wp\/v2\/posts\/1270774","targetHints":{"allow":["GET"]}}],"collection":[{"href":"https:\/\/www.europesays.com\/de\/wp-json\/wp\/v2\/posts"}],"about":[{"href":"https:\/\/www.europesays.com\/de\/wp-json\/wp\/v2\/types\/post"}],"author":[{"embeddable":true,"href":"https:\/\/www.europesays.com\/de\/wp-json\/wp\/v2\/users\/2"}],"replies":[{"embeddable":true,"href":"https:\/\/www.europesays.com\/de\/wp-json\/wp\/v2\/comments?post=1270774"}],"version-history":[{"count":0,"href":"https:\/\/www.europesays.com\/de\/wp-json\/wp\/v2\/posts\/1270774\/revisions"}],"wp:featuredmedia":[{"embeddable":true,"href":"https:\/\/www.europesays.com\/de\/wp-json\/wp\/v2\/media\/1270775"}],"wp:attachment":[{"href":"https:\/\/www.europesays.com\/de\/wp-json\/wp\/v2\/media?parent=1270774"}],"wp:term":[{"taxonomy":"category","embeddable":true,"href":"https:\/\/www.europesays.com\/de\/wp-json\/wp\/v2\/categories?post=1270774"},{"taxonomy":"post_tag","embeddable":true,"href":"https:\/\/www.europesays.com\/de\/wp-json\/wp\/v2\/tags?post=1270774"}],"curies":[{"name":"wp","href":"https:\/\/api.w.org\/{rel}","templated":true}]}}