{"id":1270787,"date":"2026-08-31T00:38:20","date_gmt":"2026-08-31T00:38:20","guid":{"rendered":"https:\/\/www.europesays.com\/de\/1270787\/"},"modified":"2026-08-31T00:38:20","modified_gmt":"2026-08-31T00:38:20","slug":"augsburgs-kade-zaubert-sich-gegen-schalke-auf-klopps-zettel","status":"publish","type":"post","link":"https:\/\/www.europesays.com\/de\/1270787\/","title":{"rendered":"Augsburgs Kade zaubert sich gegen Schalke auf Klopps Zettel"},"content":{"rendered":"<p>            <img loading=\"lazy\" decoding=\"async\" class=\"ts-image\" src=\"https:\/\/www.europesays.com\/de\/wp-content\/uploads\/2026\/08\/kade-jubel-104.jpg\" alt=\"Jubel Freude nach Treffer zum 2:0 durch Anton Kade\" title=\"Jubel Freude nach Treffer zum 2:0 durch Anton Kade | IMAGO\/Lucca Fundel\"\/><\/p>\n<p class=\"metatextline\">Stand: 31.08.2026 \u2022 00:00 Uhr<\/p>\n<p class=\"article-head__shorttext\">\n        <strong>Unter den Augen von J\u00fcrgen Klopp hat der FC Schalke 04 in der Fu\u00dfball-Bundesliga einen Fehlstart beim FC Augsburg hingelegt. Erfreulich f\u00fcr den Bundestrainer: Mit Anton Kade \u00fcberragte beim 3:0 (1:0) ein potenzieller neuer Nationalspieler, der 22-J\u00e4hrige bereitete erst stark f\u00fcr Michael Gregoritsch vor (18. Minute), dann sorgte er selbst f\u00fcr die Entscheidung (79.), den Endstand besorgte Rodrigo Ribeiro (90.+2).<\/strong>\n    <\/p>\n<p>                                    <a class=\"authorline__link\" href=\"https:\/\/www.sportschau.de\/sendung\/reporter\/sebastian-hochrainer,autor-sebastian-hochrainer-100.html\" rel=\"nofollow noopener\" target=\"_blank\"><br \/>\n                                        <img decoding=\"async\" class=\"authorline__img\" alt=\"Sebastian Hochrainer\" src=\"https:\/\/www.europesays.com\/de\/wp-content\/uploads\/2026\/03\/sebastian-hochrainer-100.jpg\"\/><br \/>\n                                    <\/a><\/p>\n<p class=\"textabsatz m-ten m-offset-one l-eight l-offset-two columns twelve\">F\u00fcr Klopp war es der zweite Besuch eines Bundesligaspiels als Bundestrainer nach dem Auftakt zwischen Bayern M\u00fcnchen und dem VfB Stuttgart (5:1). W\u00e4hrend er dort die offensichtlichen Kandidaten unter die Lupe genommen hatte, waren es in Augsburg die nicht ganz so offensichtlichen Spieler, die er am 17. September in seinen <a href=\"https:\/\/www.sportschau.de\/fussball\/nationalmannschaft\/termin-fuer-klopps-erste-kaderbekanntgabe-steht-fest,termin-klopps-kaderbekanntgabe-100.html\" title=\"DFB-Team in der Nations League: Termin f\u00fcr Klopps erste Kaderbekanntgabe steht fest\" rel=\"nofollow noopener\" target=\"_blank\">ersten Nationalmannschaftskader<\/a> nominieren k\u00f6nnte.<\/p>\n<ul class=\"buttongroup buttongroup--copytext\">\n<li class=\"buttongroup__item\">\n<p>    <a class=\"btn btn--text btn--standard-secondary btn--fullwidth\" href=\"https:\/\/www.sportschau.de\/live-und-ergebnisse\/fussball\/deutschland-bundesliga\/ma12193657\/fc-augsburg_fc-schalke-04\/liveticker\" rel=\"nofollow noopener\" target=\"_blank\"><br \/>\n        Live-Ticker zum Nachlesen<\/p>\n<p>  Pfeil rechts<\/p>\n<p>    <\/a>\n<\/li>\n<li class=\"buttongroup__item\">\n<p>    <a class=\"btn btn--text btn--standard-secondary btn--fullwidth\" href=\"https:\/\/www.sportschau.de\/live-und-ergebnisse\/fussball\/deutschland-bundesliga\/se121877\/2026-2027\/ro320912\/spieltag\/md1\/spiele-und-ergebnisse\" rel=\"nofollow noopener\" target=\"_blank\"><br \/>\n        1. Spieltag<\/p>\n<p>  Pfeil rechts<\/p>\n<p>    <\/a>\n<\/li>\n<\/ul>\n<p class=\"textabsatz m-ten m-offset-one l-eight l-offset-two columns twelve\">&#8222;Man sieht, dass es mir liegt, dass wir schnell in die Tiefe spielen. Ich hatte viele Chancen, mit meiner Schnelligkeit h\u00e4tte ich noch einiges mehr machen k\u00f6nnen. Ich hatte noch kein Kontakt zum Bundestrainer, ich wei\u00df aber, dass er hier war und ich gut gespielt habe. Mal gucken, was kommt&#8220;, sagte Kade. F\u00fcr Klopp hat sich auf Schalker Seite nur Loris Karius anbieten k\u00f6nnen, bei den Gastgebern war es neben dem \u00fcberragenden Kade mit Finn Dahmen ein weiterer Torh\u00fcter.<\/p>\n<p class=\"absatzbild__info__text\">\n                        Bundestrainer J\u00fcrgen Klopp und sein Berater Marc Kosicke\n                    <\/p>\n<p>    Augsburgs Fellhauer mit unerkl\u00e4rlichem Luftloch statt dem 1:0<\/p>\n<p class=\"textabsatz m-ten m-offset-one l-eight l-offset-two columns twelve\">In den ersten Minuten wurde es sofort vor beiden Toren turbulent &#8211; und kurios. Denn es ist kaum erkl\u00e4rbar, wie es Robin Fellhauer geschafft hat, nicht f\u00fcr das ganz fr\u00fche 1:0 f\u00fcr Augsburg zu sorgen. Mit wenigen Kontakten hatten sich seine Kollegen \u00fcber das ganze Feld kombiniert, dann flankte Kade perfekt auf ihn, doch der Offensivspieler bekam seine F\u00fc\u00dfe nicht sortiert und trat drei Meter vor dem leeren Tor am Ball vorbei (2.).<\/p>\n<p class=\"textabsatz m-ten m-offset-one l-eight l-offset-two columns twelve\">Doch auch Schalke vergab in der Anfangsphase zwei Hochkar\u00e4ter. Moussa Sylla lief nach einem langen Ball frei aufs gegnerische Tor zu, Augsburgs Torh\u00fcter Dahmen konnte ihn aber etwas abdr\u00e4ngen und verschaffte so Chrislain Matsima die n\u00f6tige Zeit, damit er den Schuss von Sylla kurz vor der Linie noch weggr\u00e4tschen konnte (6.). Nach der anschlie\u00dfenden Ecke kam Ron Schallenberg zum Kopfball, diesmal rettete Dahmen selbst mit einer herausragenden Parade (7.).<\/p>\n<p>    Kade serviert Gregoritsch die F\u00fchrung f\u00fcr den FCA<\/p>\n<p class=\"textabsatz m-ten m-offset-one l-eight l-offset-two columns twelve\">Dessen Gegen\u00fcber leitete dann das 1:0 unfreiwillig ein. Ein Abwurf von Karius geriet zu lang, so wurde aus Schalkes Konter ein sofortiger Gegenangriff, den Kade mit einem starken Solo und einer weiteren perfekten Flanke fortf\u00fchrte und Gregoritsch aus \u00e4hnlich kurzer Distanz wie Fellhauer vollendete (18.). Da zeigte sich eben, dass der eine Vollblutst\u00fcrmer ist und der andere Mittelfeldspieler.<\/p>\n<p class=\"textabsatz m-ten m-offset-one l-eight l-offset-two columns twelve\">Bei der Augsburger F\u00fchrung hatte Karius ungl\u00fccklich agiert, danach hielt er sein Team allerdings im Spiel. Immer wieder sorgten tiefe P\u00e4sse auf Kade f\u00fcr Schalker Notsituationen, sowohl in der 20. als auch in 29. Minute konnte der Torh\u00fcter diese aber gerade noch bereinigen in Eins-gegen-eins-Situationen. Gleichzeitig kam von der Offensive des Aufsteigers nicht mehr viel, Adil Aouchiche vergab die aussichtsreichste Situation, als er aus 18 Metern am Tor vorbeizielte (41.).<\/p>\n<p class=\"absatzbild__info__text\">\n                         Loris Karius  h\u00e4lt den Schuss von Anton Kade\n                    <\/p>\n<p>    Schalkes Karius h\u00e4lt alles, Schallenberg sieht Rot<\/p>\n<p class=\"textabsatz m-ten m-offset-one l-eight l-offset-two columns twelve\">Nach der Pause hing das Schalker Schicksal wieder an den H\u00e4nden von Karius. Erst parierte der 33-J\u00e4hrige einen Fernschuss von Fabian Rieder (46.) und wenige Sekunden sp\u00e4ter auch die Kopfb\u00e4lle von Kade sowie Marius Wolf (beide 47.) stark. Karius pr\u00e4sentierte sich in Klopp-Form &#8211; nur eben seine Vorderleute nicht.<\/p>\n<p class=\"textabsatz m-ten m-offset-one l-eight l-offset-two columns twelve\">Und davon gab es ab der 62. Minute einen weniger. Nach einem Steilpass lief Gregoritsch Richtung Schalker Tor und wurde von Schallenberg von hinten umgegr\u00e4tscht, Schiedsrichter Sascha Stegemann zeigte dem defensiven Mittelfeldmann die Rote Karte. Gregoritsch verpasste wenig sp\u00e4ter, daraus Ertrag zu ziehen, aus f\u00fcnf Metern vergab er die n\u00e4chste Gro\u00dfchance, als er genau auf Karius k\u00f6pfte (70.).<\/p>\n<p>    Kade kr\u00f6nt seine starke Leistung<\/p>\n<p class=\"textabsatz m-ten m-offset-one l-eight l-offset-two columns twelve\">Das holte dann aber der Mann des Tages nach. Im zweiten Durchgang war Kade zun\u00e4chst nicht aufgefallen, doch in der 79. Minute hatte er doch noch seinen gro\u00dfen Moment, der die letzten Zweifel am Augsburger Sieg beseitigte. Nach einem Fehlpass von Maximilian W\u00f6ber schaltete Rieder blitzartig und bediente den f\u00fcr Schalke zu schnellen Augsburger, der Karius mit einem Flachschuss an den Innenpfosten bezwingen konnte (79.). Kurz vor Schluss knallte Ribeiro dem starken Schalke-Torh\u00fcter noch das 0:3 ins kurze Eck (90.+2).<\/p>\n<p class=\"textabsatz m-ten m-offset-one l-eight l-offset-two columns twelve\">Klopp wird aber vor allem die Leistung von Kade genau registriert haben, er ist sp\u00e4testens jetzt einer der Spieler, die sich zu Recht Hoffnungen auf eine DFB-Premiere bei der bald folgenden Nominierung machen d\u00fcrften. Bei Schalkes missgl\u00fcckter Bundesliga-R\u00fcckkehr hat sich nur Karius (neun Paraden) aufdr\u00e4ngen k\u00f6nnen, viel wichtiger ist aber, dass der Aufsteiger irgendwie am kommenden Samstag gegen den FC Bayern (18.30 Uhr) den Fehlstart verhindert. Augsburg will dagegen bei Eintracht Frankfurt (Sonntag, 17.30 Uhr) auf der Erfolgsspur bleiben.<\/p>\n<ul class=\"buttongroup buttongroup--copytext\">\n<li class=\"buttongroup__item\">\n<p>    <a class=\"btn btn--text btn--standard-secondary btn--fullwidth\" href=\"https:\/\/calovo.de\/f\/sportschau\/fc-augsburg\" rel=\"nofollow noopener\" target=\"_blank\"><br \/>\n        FC Augsburg f\u00fcr Ihren Kalender<\/p>\n<p>  Pfeil rechts<\/p>\n<p>    <\/a>\n<\/li>\n<li class=\"buttongroup__item\">\n<p>    <a class=\"btn btn--text btn--standard-secondary btn--fullwidth\" href=\"https:\/\/calovo.de\/f\/sportschau\/fc-schalke-04\" rel=\"nofollow noopener\" target=\"_blank\"><br \/>\n        Schalke 04 f\u00fcr Ihren Kalender<\/p>\n<p>  Pfeil rechts<\/p>\n<p>    <\/a>\n<\/li>\n<\/ul>\n","protected":false},"excerpt":{"rendered":"Stand: 31.08.2026 \u2022 00:00 Uhr Unter den Augen von J\u00fcrgen Klopp hat der FC Schalke 04 in der&hellip;\n","protected":false},"author":2,"featured_media":1270788,"comment_status":"","ping_status":"","sticky":false,"template":"","format":"standard","meta":{"footnotes":"","_share_on_mastodon":"0"},"categories":[136],"tags":[299,29,483,3158,347,30,265],"class_list":["post-1270787","post","type-post","status-publish","format-standard","has-post-thumbnail","category-sport","tag-bundesliga","tag-deutschland","tag-fc-augsburg","tag-fc-schalke-04","tag-fussball","tag-germany","tag-sport"],"share_on_mastodon":{"url":"https:\/\/pubeurope.com\/@de\/117187336694914321","error":""},"_links":{"self":[{"href":"https:\/\/www.europesays.com\/de\/wp-json\/wp\/v2\/posts\/1270787","targetHints":{"allow":["GET"]}}],"collection":[{"href":"https:\/\/www.europesays.com\/de\/wp-json\/wp\/v2\/posts"}],"about":[{"href":"https:\/\/www.europesays.com\/de\/wp-json\/wp\/v2\/types\/post"}],"author":[{"embeddable":true,"href":"https:\/\/www.europesays.com\/de\/wp-json\/wp\/v2\/users\/2"}],"replies":[{"embeddable":true,"href":"https:\/\/www.europesays.com\/de\/wp-json\/wp\/v2\/comments?post=1270787"}],"version-history":[{"count":0,"href":"https:\/\/www.europesays.com\/de\/wp-json\/wp\/v2\/posts\/1270787\/revisions"}],"wp:featuredmedia":[{"embeddable":true,"href":"https:\/\/www.europesays.com\/de\/wp-json\/wp\/v2\/media\/1270788"}],"wp:attachment":[{"href":"https:\/\/www.europesays.com\/de\/wp-json\/wp\/v2\/media?parent=1270787"}],"wp:term":[{"taxonomy":"category","embeddable":true,"href":"https:\/\/www.europesays.com\/de\/wp-json\/wp\/v2\/categories?post=1270787"},{"taxonomy":"post_tag","embeddable":true,"href":"https:\/\/www.europesays.com\/de\/wp-json\/wp\/v2\/tags?post=1270787"}],"curies":[{"name":"wp","href":"https:\/\/api.w.org\/{rel}","templated":true}]}}