{"id":1270797,"date":"2026-08-31T00:43:18","date_gmt":"2026-08-31T00:43:18","guid":{"rendered":"https:\/\/www.europesays.com\/de\/1270797\/"},"modified":"2026-08-31T00:43:18","modified_gmt":"2026-08-31T00:43:18","slug":"wahlkampf-in-sachsen-anhalt-sie-versteht-wie-man-aus-nazis-gute-buerger-macht-lobt-oezdemir-die-spitzen-gruene-welt","status":"publish","type":"post","link":"https:\/\/www.europesays.com\/de\/1270797\/","title":{"rendered":"Wahlkampf in Sachsen-Anhalt: Sie \u201eversteht, wie man aus Nazis gute B\u00fcrger macht\u201c, lobt \u00d6zdemir die Spitzen-Gr\u00fcne &#8211; WELT"},"content":{"rendered":"<ol>\n<li><a href=\"https:\/\/news.google.com\/rss\/articles\/CBMikgJBVV95cUxQOHkyeE5PMWdZUmItdWxWV0lMdHhraWFkR1JqZ3o3dG1SVHdvUWtRVzQ5cFlyWWN0aEdxaDI0ZVBRR01sbFEyblRZRWhDOU5OdldtRmc1eHdGSm1sTTZJZ2hJcE1iWUtZNU9za3o3RzhmTVhGOWtVeTFCZkpNcklqUkFNZU0wbVVTWkpxQ1FyUHV2X2h6SlJLRmRaNjB2RHZOZUlMbVluTU5xbG9lcl9tWmtKWG1QUUY3RlVmT0l0aWQ5NnotbEpjZzlzZklzdmwtTWdWd05vRXpud0VUcnpwbktLVEFYMGpCUlM0ak1ra2tHTkQ2U1dDWlZpcU9PWENmSE1LZDdzZjVBNllSQjNad3ZB?oc=5\" target=\"_blank\" rel=\"nofollow noopener\">Wahlkampf in Sachsen-Anhalt: Sie \u201eversteht, wie man aus Nazis gute B\u00fcrger macht\u201c, lobt \u00d6zdemir die Spitzen-Gr\u00fcne<\/a>&nbsp;&nbsp;WELT<\/li>\n<li><a href=\"https:\/\/news.google.com\/rss\/articles\/CBMi1AFBVV95cUxQaVhzVXdjQ1VOOWFLbHdtYktRMVJ6ZzhDa3NBOHNGUzJVdXZ2WENwVDJlOWxZTnVQVXk0bEtoUDV4NHNRT3hWMTIxTjhsbHhWakNPSXdQbndScVZHOEQ2azVZNk10c01FREYtSUtyNFI1Ulpvc2duTHpULS1wVUFndHAxTkpWcVNJNFA2Q2oydnVZa1JvRG5FZ1Bpd0c1VnQyN3dUYWpWa3pDWWlBcnItSUxnbmhiQk91cThGSTZ0TWNrdXJTdjVPNm93QUFoNFdiUEFHMQ?oc=5\" target=\"_blank\" rel=\"nofollow noopener\">Mann von Top-Gr\u00fcner war Neonazi: \u201eEs war eine Lebenswelt\u201d<\/a>&nbsp;&nbsp;FOCUS online<\/li>\n<li><a href=\"https:\/\/news.google.com\/rss\/articles\/CBMiwgFBVV95cUxPb1ZRSW9LbXJvZXVGbEwzUTE4cHZCVGhiRDlZdVBtVFVjeEdqQXVVamcwTzZjanFrdEdJT21xSW9mc2Y2MTNMVDRCZVllbzBHTU0zUUd6QjlqSmh5akZJN0tlLS1wV1FtVEJYeUF2LW9SVWx3U3lhRnJyeEszRm1GRmVlNkwzSzRULTBQM2RXOE9RRklCRGhTbDBQcnNjT1hKcjJvdGtlemxEbUc3dnhhZ01mZE1jLVM4U2NKcUFKU3FwZw?oc=5\" target=\"_blank\" rel=\"nofollow noopener\">Eintrag ins Goldene Buch der Stadt: Wernigerode ehrt Cem \u00d6zdemir: So gef\u00e4llt es dem Gr\u00fcnen-Politiker im Harz<\/a>&nbsp;&nbsp;Volksstimme<\/li>\n<li><a href=\"https:\/\/news.google.com\/rss\/articles\/CBMiygFBVV95cUxQMnFCNlphTkRFUWwtcFBrTHRHV3NQZTBwelBWcGdQRjFjVmZnN2JHV1JwUmc4VW5SM09FNlVqY01TTENHbHFub1AxOXFrOWtYejlDTHBRZWFobEpycGtCaFE3Zlg1cnNEY3d1b292THFHQm5FWEdPSjZrY2RWaTlnVXRWcFFEampvTWVIVm9QYV9ONmtzRmo5S29tRjNxbVFWcVQ5X29odWhPUUloeW5DSXA4OTgxYkNDdGxLSXJNVExYMEh4T09ZU3h3?oc=5\" target=\"_blank\" rel=\"nofollow noopener\">Es geht um ihren Ehemann: Neonazi-\u00c4rger f\u00fcr Gr\u00fcnen-Spitzenkandidatin<\/a>&nbsp;&nbsp;BILD<\/li>\n<li><a href=\"https:\/\/news.google.com\/rss\/articles\/CBMijwJBVV95cUxOREhSNWtxNGNSRGg5cnM1YlFRT3NJbjlPSXF2LXc1MGZCdmF2V3FKTUpPMndodDVnRzRubmVYUmtlcE1QRG5neHRocDIyVjJaZmNnVEViVHJ0VkVTeGpXOEgyeGtpSm1PSDBNMDVzYl9ETzhnTHpfaGJFZmp5cVoyWmFkM2MtaFNnWDBNWEVNVXRrTmtkYkRobWVJU29aajhqUFZXc3ZkYjhVYTJfbzQ5eXJLQTNGWjNOMW5FUlRGbmRVcjhKcjY5Q0xOaU5GRnR4NGF3emFINUs1OUJ2NDlIaXV4RXhfWTBMV0lUd3pVLVVNNG80R1BUYWVYOE1MX3Q1X3JNZ1p5MlhhWEp1UHdn?oc=5\" target=\"_blank\" rel=\"nofollow noopener\">\u201eStimmt, dass er mit Steffen H. befreundet war\u201c \u2013 Wie die Gr\u00fcnen mit einem Neonazi-Vorwurf umgehen<\/a>&nbsp;&nbsp;WELT<\/li>\n<\/ol>\n","protected":false},"excerpt":{"rendered":"Wahlkampf in Sachsen-Anhalt: Sie \u201eversteht, wie man aus Nazis gute B\u00fcrger macht\u201c, lobt \u00d6zdemir die Spitzen-Gr\u00fcne&nbsp;&nbsp;WELT Mann von&hellip;\n","protected":false},"author":2,"featured_media":1270798,"comment_status":"","ping_status":"","sticky":false,"template":"","format":"standard","meta":{"footnotes":"","_share_on_mastodon":"0"},"categories":[2],"tags":[262518,21,93222,29,30,8520,13,99561,14,262519,15,49975,4739,12,45,10,8,9,11,27391],"class_list":["post-1270797","post","type-post","status-publish","format-standard","has-post-thumbnail","category-deutschland","tag-brocken-berg","tag-buendnis-90-die-gruenen","tag-cem","tag-deutschland","tag-germany","tag-habeck","tag-headlines","tag-landtagswahl-sachsen-anhalt","tag-nachrichten","tag-neonazismus-ks","tag-news","tag-oezdemir","tag-robert","tag-schlagzeilen","tag-texttospeech","tag-top-news","tag-top-meldungen","tag-topmeldungen","tag-topnews","tag-wernigerode"],"share_on_mastodon":{"url":"https:\/\/pubeurope.com\/@de\/117187355343538401","error":""},"_links":{"self":[{"href":"https:\/\/www.europesays.com\/de\/wp-json\/wp\/v2\/posts\/1270797","targetHints":{"allow":["GET"]}}],"collection":[{"href":"https:\/\/www.europesays.com\/de\/wp-json\/wp\/v2\/posts"}],"about":[{"href":"https:\/\/www.europesays.com\/de\/wp-json\/wp\/v2\/types\/post"}],"author":[{"embeddable":true,"href":"https:\/\/www.europesays.com\/de\/wp-json\/wp\/v2\/users\/2"}],"replies":[{"embeddable":true,"href":"https:\/\/www.europesays.com\/de\/wp-json\/wp\/v2\/comments?post=1270797"}],"version-history":[{"count":0,"href":"https:\/\/www.europesays.com\/de\/wp-json\/wp\/v2\/posts\/1270797\/revisions"}],"wp:featuredmedia":[{"embeddable":true,"href":"https:\/\/www.europesays.com\/de\/wp-json\/wp\/v2\/media\/1270798"}],"wp:attachment":[{"href":"https:\/\/www.europesays.com\/de\/wp-json\/wp\/v2\/media?parent=1270797"}],"wp:term":[{"taxonomy":"category","embeddable":true,"href":"https:\/\/www.europesays.com\/de\/wp-json\/wp\/v2\/categories?post=1270797"},{"taxonomy":"post_tag","embeddable":true,"href":"https:\/\/www.europesays.com\/de\/wp-json\/wp\/v2\/tags?post=1270797"}],"curies":[{"name":"wp","href":"https:\/\/api.w.org\/{rel}","templated":true}]}}