{"id":1270827,"date":"2026-08-31T01:04:16","date_gmt":"2026-08-31T01:04:16","guid":{"rendered":"https:\/\/www.europesays.com\/de\/1270827\/"},"modified":"2026-08-31T01:04:16","modified_gmt":"2026-08-31T01:04:16","slug":"aarau-nach-schuessen-deutsche-unter-verletzten-des-schweizer-raves","status":"publish","type":"post","link":"https:\/\/www.europesays.com\/de\/1270827\/","title":{"rendered":"Aarau | Nach Sch\u00fcssen: Deutsche unter Verletzten des Schweizer Raves"},"content":{"rendered":"<p>Aarau (dpa) &#8211; Unter den durch Sch\u00fcsse bei einem Technofestival in der Schweiz verletzten Opfern ist auch eine deutsche Frau. Das teilte die Aargauer Kantonspolizei nach Angaben der Nachrichtenagentur Keystone-SDA am sp\u00e4ten Abend mit. Bei den anderen vier Verletzten handele es sich um Schweizer M\u00e4nner. Die leicht bis schwer verletzten Opfer seien in Krankenh\u00e4user gebracht worden. Sie seien 24 bis 31 Jahre alt. Durch die Sch\u00fcsse war am fr\u00fchen Sonntagmorgen eine 22-j\u00e4hrige Italienerin get\u00f6tet worden.\u00a0<\/p>\n<p>Ein oder mehrere T\u00e4ter hatten den Angaben zufolge zahlreiche Sch\u00fcsse aus mindestens zwei Waffen abgegeben. Die Polizei teilte am Abend weiter mit, nach dem oder den T\u00e4tern werde nach wie vor intensiv gefahndet. Das Motiv f\u00fcr die Tat sei noch unklar. Die Polizei geht davon aus, dass es sich entweder um einen Terrorakt, einen Amoklauf oder eine Abrechnung im kriminellen Milieu handelt. An den Ermittlungen sind Schweizer Beh\u00f6rden sowie Ermittler aus dem nahen Ausland beteiligt.\u00a0<\/p>\n<p>Die Besucherinnen und Besucher des Raves waren gerade dabei, nach Hause zu gehen, als die Sch\u00fcsse fielen. Zu diesem Zeitpunkt waren laut Polizei noch weit mehr als 100 Menschen auf dem Gel\u00e4nde. Das italienische Todesopfer wohnte in der Region. Aarau liegt im Kanton Aargau etwa 40 Kilometer westlich von Z\u00fcrich.<\/p>\n","protected":false},"excerpt":{"rendered":"Aarau (dpa) &#8211; Unter den durch Sch\u00fcsse bei einem Technofestival in der Schweiz verletzten Opfern ist auch eine&hellip;\n","protected":false},"author":2,"featured_media":1270828,"comment_status":"","ping_status":"","sticky":false,"template":"","format":"standard","meta":{"footnotes":"","_share_on_mastodon":"0"},"categories":[1841],"tags":[1605,3364,29,30,355,1584,1209,4338,293],"class_list":["post-1270827","post","type-post","status-publish","format-standard","has-post-thumbnail","category-bielefeld","tag-bielefeld","tag-de","tag-deutschland","tag-germany","tag-italien","tag-kriminalitaet","tag-nordrhein-westfalen","tag-notfall","tag-schweiz"],"share_on_mastodon":{"url":"https:\/\/pubeurope.com\/@de\/117187435821682532","error":""},"_links":{"self":[{"href":"https:\/\/www.europesays.com\/de\/wp-json\/wp\/v2\/posts\/1270827","targetHints":{"allow":["GET"]}}],"collection":[{"href":"https:\/\/www.europesays.com\/de\/wp-json\/wp\/v2\/posts"}],"about":[{"href":"https:\/\/www.europesays.com\/de\/wp-json\/wp\/v2\/types\/post"}],"author":[{"embeddable":true,"href":"https:\/\/www.europesays.com\/de\/wp-json\/wp\/v2\/users\/2"}],"replies":[{"embeddable":true,"href":"https:\/\/www.europesays.com\/de\/wp-json\/wp\/v2\/comments?post=1270827"}],"version-history":[{"count":0,"href":"https:\/\/www.europesays.com\/de\/wp-json\/wp\/v2\/posts\/1270827\/revisions"}],"wp:featuredmedia":[{"embeddable":true,"href":"https:\/\/www.europesays.com\/de\/wp-json\/wp\/v2\/media\/1270828"}],"wp:attachment":[{"href":"https:\/\/www.europesays.com\/de\/wp-json\/wp\/v2\/media?parent=1270827"}],"wp:term":[{"taxonomy":"category","embeddable":true,"href":"https:\/\/www.europesays.com\/de\/wp-json\/wp\/v2\/categories?post=1270827"},{"taxonomy":"post_tag","embeddable":true,"href":"https:\/\/www.europesays.com\/de\/wp-json\/wp\/v2\/tags?post=1270827"}],"curies":[{"name":"wp","href":"https:\/\/api.w.org\/{rel}","templated":true}]}}