{"id":1270829,"date":"2026-08-31T01:05:16","date_gmt":"2026-08-31T01:05:16","guid":{"rendered":"https:\/\/www.europesays.com\/de\/1270829\/"},"modified":"2026-08-31T01:05:16","modified_gmt":"2026-08-31T01:05:16","slug":"bewerbungen-fuer-die-auszeichnung-women-and-work-2027-jetzt-moeglich-blickfeld","status":"publish","type":"post","link":"https:\/\/www.europesays.com\/de\/1270829\/","title":{"rendered":"Bewerbungen f\u00fcr die Auszeichnung \u201eWomen and Work 2027\u201c jetzt m\u00f6glich &#8211; blickfeld"},"content":{"rendered":"<p class=\"wp-block-paragraph\">\u201eWir suchen auch in diesem Jahr wieder <strong>Frauen<\/strong>, die den <strong>Mut<\/strong> hatten und haben, <strong>gegen Widerst\u00e4nde<\/strong> zu k\u00e4mpfen, sich zu behaupten oder <strong>mutig in die erste Reihe<\/strong> gehen\u201c, sagt <strong>Oberb\u00fcrgermeisterin Miriam Scherff<\/strong>. \u201eDamit m\u00f6chten wir ein Zeichen setzen und weitere <strong>Frauen ermutigen<\/strong>, den Schritt in die <strong>Selbstst\u00e4ndigkeit <\/strong>zu wagen, ein <strong>Unternehmen <\/strong>zu \u00fcbernehmen oder ganz <strong>neue Wege<\/strong> zu beschreiten.\u201c<\/p>\n<p>Bewerbungen bis zum 21. November 2026<\/p>\n<p class=\"wp-block-paragraph\">Der <strong>Teilnahmebogen <\/strong>kann ab sofort und <strong>bis zum 21. November 2026<\/strong> online unter <a href=\"http:\/\/www.bergisch-competentia.de\" target=\"_blank\" rel=\"noreferrer noopener nofollow\">www.bergisch-competentia.de<\/a> ausgef\u00fcllt werden. Er richtet sich an <strong>Frauen aus Wuppertal, Solingen und Remscheid<\/strong>. Auch <strong>Nominierungen<\/strong> sind per E-Mail an <a href=\"mailto:competentia@stadt.wuppertal.de\" target=\"_blank\" rel=\"noreferrer noopener\">competentia (at) stadt.wuppertal.de<\/a> m\u00f6glich.<\/p>\n<p class=\"wp-block-paragraph\">Die Preise werden in <strong>drei Kategorien<\/strong> vergeben:<\/p>\n<ul class=\"wp-block-list\">\n<li><strong>Kategorie 1:<\/strong> Vorbildhafte Unternehmerin<\/li>\n<li><strong>Kategorie 2:<\/strong> Kreative L\u00f6sung zur eigenen Existenzsicherung<\/li>\n<li><strong>Kategorie 3:<\/strong> Leitung eines nachhaltigen Projekts f\u00fcr Frauen<\/li>\n<\/ul>\n<p>Unterst\u00fctze die CampusZeitung blickfeld<\/p>\n<p><strong>Schon ein kleiner Beitrag hilft uns, unseren Job noch besser zu machen!<\/strong> So kannst du uns unterst\u00fctzen:<\/p>\n<p>Abo per <a class=\"gofollow\" data-track=\"MTIsMCwxMA==\" href=\"https:\/\/steadyhq.com\/de\/blickfeld-wuppertal\" rel=\"noopener noreferrer nofollow\" target=\"_blank\">Steady<\/a>, <a class=\"gofollow\" data-track=\"MTIsMCwxMA==\" href=\"https:\/\/www.paypal.me\/blickfeldwtal\" rel=\"noopener noreferrer nofollow\" target=\"_blank\">Einmalzahlung<\/a> oder <a class=\"gofollow\" data-track=\"MTIsMCwxMA==\" href=\"https:\/\/www.blickfeld-wuppertal.de\/anzeigen-abo\/werbeanzeige-schalten\" rel=\"noopener noreferrer nofollow\" target=\"_blank\">Anzeige<\/a><\/p>\n<p>Damit wir unser Engagement ausbauen k\u00f6nnen, ist eure Unterst\u00fctzung gefragt &#8211; f\u00fcr mehr Recherchen und Berichte.<\/p>\n<p><strong>Ihr k\u00f6nnt uns mit einem monatlichen oder einmaligen Beitrag unterst\u00fctzen oder eine Anzeige schalten.<\/strong><\/p>\n<p><a class=\"gofollow\" data-track=\"MTIsMCwxMA==\" href=\"https:\/\/steadyhq.com\/de\/blickfeld-wuppertal\" rel=\"noopener noreferrer nofollow\" target=\"_blank\">Abo per Steady<\/a> | <a class=\"gofollow\" data-track=\"MTIsMCwxMA==\" href=\"https:\/\/www.paypal.me\/blickfeldwtal\" rel=\"noopener noreferrer nofollow\" target=\"_blank\">Einmalzahlung mit PayPal<\/a> | <a class=\"gofollow\" data-track=\"MTIsMCwxMA==\" href=\"https:\/\/www.blickfeld-wuppertal.de\/anzeigen-abo\/werbeanzeige-schalten\" rel=\"noopener noreferrer nofollow\" target=\"_blank\">Anzeige schalten<\/a><\/p>\n<p>Zur CampusZeitung blickfeld:<\/p>\n<p>Seit 2011 versorgen wir als <a class=\"gofollow\" data-track=\"MTIsMCwxMA==\" href=\"https:\/\/www.blickfeld-wuppertal.de\/ueber-uns\" rel=\"noopener noreferrer nofollow\" target=\"_blank\">unabh\u00e4ngiges Medium an der Bergischen Universit\u00e4t Wuppertal<\/a> die Studierenden, Mitarbeiter\/-innen und alle Interessierten aus dem Bergischen St\u00e4dtedreieck und dar\u00fcber hinaus mit Nachrichten vom Campus und aus dem Tal. Unsere <strong>Unabh\u00e4ngigkeit<\/strong> ist unsere st\u00e4rkste Eigenschaft. Wir sind weder eine Zeitung des Allgemeinen Studierendenausschusses (AStA) noch eine Publikation unter der Schirmherrschaft der Universit\u00e4t. Damit sind wir keinen fremden Interessen verpflichtet, k\u00f6nnen frei Themen w\u00e4hlen und dabei auch unbequem werden. <a class=\"gofollow\" data-track=\"MTIsMCwxMA==\" href=\"https:\/\/www.blickfeld-wuppertal.de\/ueber-uns\" rel=\"noopener noreferrer nofollow\" target=\"_blank\">Mehr \u00fcber uns &#8230;<\/a><\/p>\n<p>Verleihung turnusm\u00e4\u00dfig in Solingen<\/p>\n<p class=\"wp-block-paragraph\">Die <strong>Preis\u00fcbergabe <\/strong>\u00fcbernehmen die <strong>Oberb\u00fcrgermeister:innen der drei Bergischen St\u00e4dte<\/strong> im Rahmen eines festlichen Empfangs, der gemeinsam mit dem <strong>Kompetenzzentrum Frau und Beruf Bergisches St\u00e4dtedreieck<\/strong> ausgerichtet wird. Er findet im <strong>Fr\u00fchjahr 2027 in Solingen<\/strong> statt. In der <strong>Jury<\/strong>, die die Gewinnerinnen ausw\u00e4hlt, sitzen Vertreter:innen aus Wirtschaft, Verb\u00e4nden und Verwaltung.<\/p>\n<p class=\"wp-block-paragraph\">Seit 2015 gibt es den <strong>Wettbewerb \u201eFrau mit Profil<strong>\u201c<\/strong><\/strong>. In diesen zw\u00f6lf Jahren wurde der Preis an ganz unterschiedliche Pers\u00f6nlichkeiten verliehen. Mit der Verleihung des Preises m\u00f6chte Frauen und Beruf die <strong>Kraft der Ver\u00e4nderung<\/strong> sichtbar machen und mutige Frauen w\u00fcrdigen.<\/p>\n<p><strong>\u201e<\/strong>Dinge anders machen<strong>\u201c<\/strong><\/p>\n<p class=\"wp-block-paragraph\">\u201eGesucht werden Frauen, die <strong>Dinge anders machen<\/strong> und beispielsweise ein Unternehmen in einer schwierigen Phase neu ausgerichtet haben\u201c, so die Verantwortlichen, die weiter ausf\u00fchren: \u201eFrauen, die trotz <strong>Widerst\u00e4nden <\/strong>eine <strong>F\u00fchrungsposition <\/strong>\u00fcbernommen haben oder eine <strong>Krise als Wendepunkt<\/strong> genutzt haben. Frauen, die eine <strong>m\u00e4nnerdominierte Branche<\/strong> erobert haben oder bewusst <strong>neue Wege<\/strong> gegangen sind, statt bestehende Strukturen einfach fortzuf\u00fchren.\u201c<\/p>\n<p class=\"wp-block-paragraph\">\u201eUnser Ziel ist es, <strong>Frauen sichtbar<\/strong> zu machen, die beruflich Verantwortung \u00fcbernehmen \u2013 die mit Mut vorangehen, ver\u00e4ndern, bewegen. Mit dieser Auszeichnung wollen wir erneut <strong>couragierte Rollenvorbilder<\/strong> ins Rampenlicht r\u00fccken, um damit andere Frauen zu inspirieren, eigene F\u00fchrungswege zu gehen\u201c, erkl\u00e4rt <strong>Roswitha Bocklage<\/strong>, Leiterin der Stabsstelle Gleichstellung und Antidiskriminierung. \u00bb<a href=\"https:\/\/www.blickfeld-wuppertal.de\/ueber-uns\/blickfeld-redaktion\" rel=\"nofollow noopener\" target=\"_blank\">red<\/a>\u00ab<\/p>\n","protected":false},"excerpt":{"rendered":"\u201eWir suchen auch in diesem Jahr wieder Frauen, die den Mut hatten und haben, gegen Widerst\u00e4nde zu k\u00e4mpfen,&hellip;\n","protected":false},"author":2,"featured_media":62816,"comment_status":"","ping_status":"","sticky":false,"template":"","format":"standard","meta":{"footnotes":"","_share_on_mastodon":"0"},"categories":[1840],"tags":[3364,29,30,4025,113841,1209,21537,7223,4412,4418],"class_list":["post-1270829","post","type-post","status-publish","format-standard","has-post-thumbnail","category-wuppertal","tag-de","tag-deutschland","tag-germany","tag-gleichstellung","tag-miriam-scherff","tag-nordrhein-westfalen","tag-remscheid","tag-solingen","tag-wettbewerb","tag-wuppertal"],"share_on_mastodon":{"url":"https:\/\/pubeurope.com\/@de\/117187439958418825","error":""},"_links":{"self":[{"href":"https:\/\/www.europesays.com\/de\/wp-json\/wp\/v2\/posts\/1270829","targetHints":{"allow":["GET"]}}],"collection":[{"href":"https:\/\/www.europesays.com\/de\/wp-json\/wp\/v2\/posts"}],"about":[{"href":"https:\/\/www.europesays.com\/de\/wp-json\/wp\/v2\/types\/post"}],"author":[{"embeddable":true,"href":"https:\/\/www.europesays.com\/de\/wp-json\/wp\/v2\/users\/2"}],"replies":[{"embeddable":true,"href":"https:\/\/www.europesays.com\/de\/wp-json\/wp\/v2\/comments?post=1270829"}],"version-history":[{"count":0,"href":"https:\/\/www.europesays.com\/de\/wp-json\/wp\/v2\/posts\/1270829\/revisions"}],"wp:featuredmedia":[{"embeddable":true,"href":"https:\/\/www.europesays.com\/de\/wp-json\/wp\/v2\/media\/62816"}],"wp:attachment":[{"href":"https:\/\/www.europesays.com\/de\/wp-json\/wp\/v2\/media?parent=1270829"}],"wp:term":[{"taxonomy":"category","embeddable":true,"href":"https:\/\/www.europesays.com\/de\/wp-json\/wp\/v2\/categories?post=1270829"},{"taxonomy":"post_tag","embeddable":true,"href":"https:\/\/www.europesays.com\/de\/wp-json\/wp\/v2\/tags?post=1270829"}],"curies":[{"name":"wp","href":"https:\/\/api.w.org\/{rel}","templated":true}]}}