{"id":1270836,"date":"2026-08-31T01:11:21","date_gmt":"2026-08-31T01:11:21","guid":{"rendered":"https:\/\/www.europesays.com\/de\/1270836\/"},"modified":"2026-08-31T01:11:21","modified_gmt":"2026-08-31T01:11:21","slug":"expertin-bei-caren-miosga-das-kann-putin-besonders-gut","status":"publish","type":"post","link":"https:\/\/www.europesays.com\/de\/1270836\/","title":{"rendered":"Expertin bei &#8222;Caren Miosga&#8220;: Das kann Putin besonders gut"},"content":{"rendered":"<p class=\"text-18 leading-17 user-text-lg:text-22 user-text-xl:text-24\">Dass man in Moskau mittlerweile verst\u00e4rkt auf Explosionen und physische Gewalt setze, zeige, so Notte, dass es nun darum gehe, die milit\u00e4rische Unterst\u00fctzung direkt zu sabotieren. Speziell die wachsende Verflechtung zwischen der deutschen und der ukrainischen R\u00fcstungsindustrie werde in Russland mit Sorge verfolgt und als Legitimierung f\u00fcr solche Attacken angesehen.<\/p>\n<p>Erst &#8222;nukleares S\u00e4belrasseln&#8220;, dann hybrider Krieg<\/p>\n<p class=\"text-18 leading-17 user-text-lg:text-22 user-text-xl:text-24\">Die Direktorin des Eurasien-Programms am James Martin Center for Nonproliferation Studies CNS, einer US-amerikanischen Nichtregierungsorganisation, deutete die aktuelle hybride Kriegsf\u00fchrung aber auch als Ausdruck des Scheiterns einer fr\u00fcheren russischen Strategie. In den ersten beiden Kriegsjahren habe man sich noch auf &#8222;nukleares S\u00e4belrasseln&#8220; verlegt, um dann festzustellen, dass diese bedrohliche Rhetorik irgendwann nicht mehr ernst genug genommen worden sei.<\/p>\n<p class=\"text-18 leading-17 user-text-lg:text-22 user-text-xl:text-24\">Seitdem bleibe der Russischen F\u00f6deration eigentlich nur das Operieren im hybriden Raum, konstatierte Notte und f\u00fcgte hinzu: &#8222;Das ist auch einfach das, was Russland gut kann.&#8220; Zum einen seien die russischen Geheimdienste darin geschult, zum anderen k\u00f6nnten sie sich der vollen Gunst und Wertsch\u00e4tzung des Ex-KGB-Manns Putin sicher sein.<\/p>\n<p><a href=\"#focus-1\" class=\"transition-colors block text-current relative\" data-sctrack=\"FocusGalleryImage.Reference\"><img   loading=\"lazy\" src=\"https:\/\/www.europesays.com\/de\/wp-content\/uploads\/2026\/08\/august-30-2026-moscow-russia-russia-s-president-vladimir-putin-delivers-a-video-address-to-congratul.jpeg\" alt=\"imago images 0865255242\" title=\"imago images 0865255242\" width=\"5545\" height=\"3119\" class=\"h-full w-full max-w-full rounded-8\" decoding=\"async\"\/><img loading=\"lazy\" src=\"https:\/\/www.t-online.de\/s\/paper\/_next\/static\/media\/zoom-in.f7dae02f.svg\" alt=\"Vergr\u00f6\u00dfern des Bildes\" title=\"Vergr\u00f6\u00dfern des Bildes\" class=\"block h-[calc(var(--height)_\/_16_*_1rem)] w-[calc(var(--width)_\/_16_*_1rem)] max-w-none absolute right-8 bottom-8 rounded-4 bg-snow p-8\" style=\"--width:32;--height:32\" decoding=\"async\"\/>Wladimir Putin: Plant er weitere Angriffe auf europ\u00e4ische Infrastruktur? (Quelle: IMAGO\/Mikhail Metzel\/imago)<\/a><\/p>\n<p class=\"text-18 leading-17 user-text-lg:text-22 user-text-xl:text-24\">Vor diesem Hintergrund mahnte Notte dringend an, sich auf weitere \u00c4nderungen in der Vorgehensweise Russlands vorzubereiten und potenzielle vulnerable Ziele zu sch\u00fctzen. &#8222;Der Instrumentenkasten der hybriden Kriegsf\u00fchrung ist unersch\u00f6pflich&#8220;, res\u00fcmierte die Politikwissenschaftlerin.<\/p>\n<p class=\"text-18 leading-17 user-text-lg:text-22 user-text-xl:text-24\">Etwas schwerer als seine beiden Mitdiskutanten tat sich Wolfgang Schmidt mit einer klaren Schuldzuweisung in Richtung Moskau. Gerade f\u00fcr die Politik sei es immens wichtig, das Ende der Ermittlungen abzuwarten und sich komplett sicher sein zu k\u00f6nnen, sagte der ehemalige Kanzleramtschef des Kabinetts von <a href=\"https:\/\/www.t-online.de\/themen\/olaf-scholz\/\" class=\"transition-colors cursor-pointer no-underline md:hover:text-magenta md:focus:text-magenta border-b border-solid border-current text-salemsfur md:hover:border-magenta\" data-tracking=\"{&quot;action&quot;:&quot;click&quot;,&quot;category&quot;:&quot;intextLink&quot;,&quot;label&quot;:&quot;\/themen\/olaf-scholz\/&quot;}\" data-sctrack=\"BodyAnchor\" rel=\"nofollow noopener\" target=\"_blank\">Olaf Scholz<\/a>.<\/p>\n<p>Ex-Kanzleramtschef erinnert an Nordstream-Sprengung<\/p>\n<p class=\"text-18 leading-17 user-text-lg:text-22 user-text-xl:text-24\">Seine Warnung vor einer voreiligen \u00f6ffentlichen Festlegung fiel dementsprechend klar aus. &#8222;Das geht total nach hinten los&#8220;, so Schmidt. In diesem Kontext erinnerte der SPD-Politiker an die Sprengung der Nord Stream 2-Pipeline im September 2022. Schmidt war als Kanzleramtschef zu diesem Zeitpunkt auch Beauftragter f\u00fcr die Nachrichtendienste.<\/p>\n<p class=\"text-18 leading-17 user-text-lg:text-22 user-text-xl:text-24\">Er habe damals instinktiv gedacht: &#8222;Das werden die Russen gewesen sein.&#8220; \u00d6ffentlich ge\u00e4u\u00dfert habe er es aber zum Gl\u00fcck nicht, sagte Schmidt. Nach heutigem Ermittlungsstand geht die Bundesanwaltschaft davon aus, dass die T\u00e4ter ukrainische Taucher waren, die im Auftrag staatlicher ukrainischer Stellen agierten.<\/p>\n<p>Loading&#8230;<\/p>\n<p>Loading&#8230;<\/p>\n<p>Loading&#8230;<\/p>\n","protected":false},"excerpt":{"rendered":"Dass man in Moskau mittlerweile verst\u00e4rkt auf Explosionen und physische Gewalt setze, zeige, so Notte, dass es nun&hellip;\n","protected":false},"author":2,"featured_media":1270837,"comment_status":"","ping_status":"","sticky":false,"template":"","format":"standard","meta":{"footnotes":"","_share_on_mastodon":"0"},"categories":[4013],"tags":[9010,1217,9239,326,331,332,3110,22534,29,1478,663,775,188533,13,5020,71,308,14,15,49188,4043,4044,850,307,12,184,317,306,153003],"class_list":["post-1270836","post","type-post","status-publish","format-standard","has-post-thumbnail","category-russland","tag-caren-miosga","tag-1217","tag-9239","tag-326","tag-aktuelle-nachrichten","tag-aktuelle-news","tag-attacke","tag-bundesverteidigungsministerium","tag-deutschland","tag-drohne","tag-europa","tag-friedrich-merz","tag-hanna-notte","tag-headlines","tag-kreml","tag-leipzig","tag-moskau","tag-nachrichten","tag-news","tag-nico-lange","tag-russia","tag-russian-federation","tag-russische-foederation","tag-russland","tag-schlagzeilen","tag-spd","tag-ukraine","tag-wladimir-putin","tag-wolfgang-schmidt"],"share_on_mastodon":{"url":"https:\/\/pubeurope.com\/@de\/117187465352255122","error":""},"_links":{"self":[{"href":"https:\/\/www.europesays.com\/de\/wp-json\/wp\/v2\/posts\/1270836","targetHints":{"allow":["GET"]}}],"collection":[{"href":"https:\/\/www.europesays.com\/de\/wp-json\/wp\/v2\/posts"}],"about":[{"href":"https:\/\/www.europesays.com\/de\/wp-json\/wp\/v2\/types\/post"}],"author":[{"embeddable":true,"href":"https:\/\/www.europesays.com\/de\/wp-json\/wp\/v2\/users\/2"}],"replies":[{"embeddable":true,"href":"https:\/\/www.europesays.com\/de\/wp-json\/wp\/v2\/comments?post=1270836"}],"version-history":[{"count":0,"href":"https:\/\/www.europesays.com\/de\/wp-json\/wp\/v2\/posts\/1270836\/revisions"}],"wp:featuredmedia":[{"embeddable":true,"href":"https:\/\/www.europesays.com\/de\/wp-json\/wp\/v2\/media\/1270837"}],"wp:attachment":[{"href":"https:\/\/www.europesays.com\/de\/wp-json\/wp\/v2\/media?parent=1270836"}],"wp:term":[{"taxonomy":"category","embeddable":true,"href":"https:\/\/www.europesays.com\/de\/wp-json\/wp\/v2\/categories?post=1270836"},{"taxonomy":"post_tag","embeddable":true,"href":"https:\/\/www.europesays.com\/de\/wp-json\/wp\/v2\/tags?post=1270836"}],"curies":[{"name":"wp","href":"https:\/\/api.w.org\/{rel}","templated":true}]}}