{"id":1270851,"date":"2026-08-31T01:20:16","date_gmt":"2026-08-31T01:20:16","guid":{"rendered":"https:\/\/www.europesays.com\/de\/1270851\/"},"modified":"2026-08-31T01:20:16","modified_gmt":"2026-08-31T01:20:16","slug":"leistungs-missbrauch-rest-der-welt-duerfte-kopf-schuetteln-per-haftbefehl-gesuchte-kassieren-weiter-grundsicherung","status":"publish","type":"post","link":"https:\/\/www.europesays.com\/de\/1270851\/","title":{"rendered":"Leistungs-Missbrauch: \u201eRest der Welt d\u00fcrfte Kopf sch\u00fctteln\u201c \u2013 Per Haftbefehl Gesuchte kassieren weiter Grundsicherung"},"content":{"rendered":"<p>Nach wie vor kassieren laut dem Unionsfraktionsvize per Haftbefehl gesuchte Menschen in Deutschland Grundsicherung. G\u00fcnther Krings zeigt sich \u201eentsetzt\u201c, weil das Arbeitsministerium von B\u00e4rbel Bas offenbar keine Eile habe, diesen Zustand abzuschaffen.<\/p>\n<p class=\"c-inline-alert__description\">Klicken Sie hier, um sich Artikel von WELT in der Google-Suche bevorzugt anzeigen zu lassen.<\/p>\n<p class=\"is-first-paragraph\" data-external=\"Article.FirstParagraph\">Unionsfraktionsvize G\u00fcnter Krings (CDU) hat Bundesarbeitsministerin B\u00e4rbel Bas (SPD) vorgeworfen, den vereinbarten Aktionsplan gegen Sozialleistungsmissbrauch noch immer nicht vorgelegt zu haben. Nach wie vor w\u00fcrden deshalb per Haftbefehl gesuchte Menschen in Deutschland Grundsicherung kassieren, sagte Krings der in D\u00fcsseldorf erscheinenden \u201e<a class=\"is-link c-block-items__link is-external c-link--rich-text-renderer\" href=\"https:\/\/rp-online.de\/politik\/deutschland\/per-haftbefehl-gesuchte-beziehen-weiter-grundsicherung-druck-auf-bas-waechst_aid-153878815\" target=\"_blank\" title=\"Link wird in einem neuen Tab ge\u00f6ffnet\" rel=\"nofollow noopener\" data-internal-tracking-enabled=\"true\" data-internal-tracking=\"{&quot;action&quot;:&quot;click&quot;,&quot;label&quot;:&quot;link&quot;,&quot;name&quot;:&quot;Inline Element&quot;,&quot;data&quot;:{&quot;source&quot;:&quot;&quot;,&quot;target&quot;:&quot;https:\/\/rp-online.de\/politik\/deutschland\/per-haftbefehl-gesuchte-beziehen-weiter-grundsicherung-druck-auf-bas-waechst_aid-153878815&quot;,&quot;trackingName&quot;:&quot;&quot;,&quot;trackingLabel&quot;:&quot;&quot;}}\">Rheinischen Post<\/a>\u201c von Montag. \u201eDer Rest der Welt d\u00fcrfte nur noch den Kopf \u00fcber uns sch\u00fctteln.\u201c<\/p>\n<p>Krings sagte, er sei \u201eentsetzt\u201c, weil das Arbeitsministerium von Bas offenbar keine Eile habe, diesen Zustand abzuschaffen. Bundesweit liegen dem Bericht zufolge Haftbefehle f\u00fcr mehr als 100.000 Menschen vor. Wie viele von ihnen die Grundsicherung, das bisherige B\u00fcrgergeld, beziehen, ist unbekannt.<\/p>\n<p>Union und SPD hatten vor zwei Monaten beschlossen, das zu beenden. \u201eIm Juli sollte <a class=\"is-link c-block-items__link c-link--rich-text-renderer\" href=\"https:\/\/www.welt.de\/politik\/deutschland\/article6a9215f1d88567044d848adb\/baerbel-bas-rueckt-von-krankschreibung-ab-tag-1-ab-sollten-uns-fragen-ob-das-sinnvoll-ist.html\" data-internal-tracking-enabled=\"true\" data-internal-tracking=\"{&quot;action&quot;:&quot;click&quot;,&quot;label&quot;:&quot;link&quot;,&quot;name&quot;:&quot;Inline Element&quot;,&quot;data&quot;:{&quot;source&quot;:&quot;&quot;,&quot;target&quot;:&quot;https:\/\/www.welt.de\/politik\/deutschland\/article6a9215f1d88567044d848adb\/baerbel-bas-rueckt-von-krankschreibung-ab-tag-1-ab-sollten-uns-fragen-ob-das-sinnvoll-ist.html&quot;,&quot;trackingName&quot;:&quot;&quot;,&quot;trackingLabel&quot;:&quot;&quot;}}\" rel=\"nofollow noopener\" target=\"_blank\">Frau Bas<\/a> dazu einen Plan vorlegen. Nichts davon ist passiert\u201c, kritisierte Krings. Das Arbeitsministerium d\u00fcrfe sich nicht hinter Datenschutz verstecken: \u201eWer per Haftbefehl gesucht wird und sich vor dem Staat versteckt, darf keinen Cent mehr vom Staat erhalten\u201c.<\/p>\n<p>Die f\u00fcr die Auszahlung der Grundsicherung zust\u00e4ndigen Jobcenter verf\u00fcgen oft nicht \u00fcber die Information, dass f\u00fcr einen Antragsteller ein Haftbefehl vorliegt. Deshalb sollen die Beh\u00f6rden solche Daten untereinander austauschen k\u00f6nnen. Zu kl\u00e4ren, wie der Datenschutz dennoch gewahrt bleiben kann, ist Aufgabe der Bundesregierung.<\/p>\n<p>Ministerium will Umsetzung bis Ende 2026 \u201eanstreben\u201c<\/p>\n<p>Das Arbeitsministerium teilte der \u201eRheinischen Post\u201c mit, es werde gemeinsam mit dem Bundesinnenministerium an dem Aktionsplan gearbeitet, es k\u00f6nne aber noch kein Kabinettstermin genannt werden. Die Umsetzung der neuen Gesetzgebung \u201ewird weiterhin bis Ende 2026 angestrebt\u201c, sagte ein Sprecher des Arbeitsministeriums.<\/p>\n<p>afp\/saha<\/p>\n","protected":false},"excerpt":{"rendered":"Nach wie vor kassieren laut dem Unionsfraktionsvize per Haftbefehl gesuchte Menschen in Deutschland Grundsicherung. G\u00fcnther Krings zeigt sich&hellip;\n","protected":false},"author":2,"featured_media":1270852,"comment_status":"","ping_status":"","sticky":false,"template":"","format":"standard","meta":{"footnotes":"","_share_on_mastodon":"0"},"categories":[5],"tags":[331,332,38107,38106,1483,53530,3364,29,30,122700,74929,123026,13,27126,14,15,110,12,184,45],"class_list":["post-1270851","post","type-post","status-publish","format-standard","has-post-thumbnail","category-nachrichten","tag-aktuelle-nachrichten","tag-aktuelle-news","tag-baerbel","tag-bas","tag-betrug","tag-buergergeld-ks","tag-de","tag-deutschland","tag-germany","tag-grundsicherung-ks","tag-guenter","tag-haftbefehl-ks","tag-headlines","tag-krings","tag-nachrichten","tag-news","tag-newsteam","tag-schlagzeilen","tag-spd","tag-texttospeech"],"share_on_mastodon":{"url":"https:\/\/pubeurope.com\/@de\/117187498991253952","error":""},"_links":{"self":[{"href":"https:\/\/www.europesays.com\/de\/wp-json\/wp\/v2\/posts\/1270851","targetHints":{"allow":["GET"]}}],"collection":[{"href":"https:\/\/www.europesays.com\/de\/wp-json\/wp\/v2\/posts"}],"about":[{"href":"https:\/\/www.europesays.com\/de\/wp-json\/wp\/v2\/types\/post"}],"author":[{"embeddable":true,"href":"https:\/\/www.europesays.com\/de\/wp-json\/wp\/v2\/users\/2"}],"replies":[{"embeddable":true,"href":"https:\/\/www.europesays.com\/de\/wp-json\/wp\/v2\/comments?post=1270851"}],"version-history":[{"count":0,"href":"https:\/\/www.europesays.com\/de\/wp-json\/wp\/v2\/posts\/1270851\/revisions"}],"wp:featuredmedia":[{"embeddable":true,"href":"https:\/\/www.europesays.com\/de\/wp-json\/wp\/v2\/media\/1270852"}],"wp:attachment":[{"href":"https:\/\/www.europesays.com\/de\/wp-json\/wp\/v2\/media?parent=1270851"}],"wp:term":[{"taxonomy":"category","embeddable":true,"href":"https:\/\/www.europesays.com\/de\/wp-json\/wp\/v2\/categories?post=1270851"},{"taxonomy":"post_tag","embeddable":true,"href":"https:\/\/www.europesays.com\/de\/wp-json\/wp\/v2\/tags?post=1270851"}],"curies":[{"name":"wp","href":"https:\/\/api.w.org\/{rel}","templated":true}]}}