{"id":1270858,"date":"2026-08-31T01:25:25","date_gmt":"2026-08-31T01:25:25","guid":{"rendered":"https:\/\/www.europesays.com\/de\/1270858\/"},"modified":"2026-08-31T01:25:25","modified_gmt":"2026-08-31T01:25:25","slug":"spektakulaere-flucht-geheim-versteck-in-zelle-jagd-auf-den-knast-ausbrecher-aus-duisburg-regional","status":"publish","type":"post","link":"https:\/\/www.europesays.com\/de\/1270858\/","title":{"rendered":"Spektakul\u00e4re Flucht ++ Geheim-Versteck in Zelle: Jagd auf den Knast-Ausbrecher aus Duisburg | Regional"},"content":{"rendered":"<p><a class=\"skip-content skip-content--link\" href=\"#in-content-skip-link-target-v-0-0\">TTS-Player \u00fcberspringen\u21b5<\/a><a id=\"in-content-skip-link-target-v-0-0\" class=\"skip-content--target-link-hidden skip-content skip-content--target-link\" href=\"#in-content-skip-link-target-v-0-0\">Artikel weiterlesen<\/a><\/p>\n<p>Duisburg (NRW) \u2013 <b>Nach der spektakul\u00e4ren Flucht eines H\u00e4ftlings aus der JVA Duisburg-Hamborn wird immer deutlicher, wie aufwendig er seinen Ausbruch vorbereitet hatte: Bei der Durchsuchung der Zelle des gefl\u00fcchteten Serben (35) entdeckten Ermittler ein geheimes Versteck unter dem Linoleumboden. Dort hatte der H\u00e4ftling einen Hohlraum angelegt. Bei Kontrollen war das Versteck zuvor nicht aufgefallen. Werkzeug fanden die Ermittler nicht mehr.<\/b><\/p>\n<p>Laut <a href=\"https:\/\/www.bild.de\/regional\/nordrhein-westfalen\/home-npIP0qL0giWP1ZFIOHn2\" class=\"text-link\" rel=\"nofollow noopener\" target=\"_blank\">NRW<\/a>-Justizministerium s\u00e4gte der H\u00e4ftling offenbar einen Gitterstab vor seinem Zellenfenster durch. Das zweite Gitter innen soll er mit seinem Zellentisch als Hebel aufgedr\u00fcckt haben. Anschlie\u00dfend zw\u00e4ngte er sich durch die schmale \u00d6ffnung, kletterte \u00fcber die Fassade aufs Dach und entkam.<\/p>\n<p>Von dem Ausbrecher mit dem auff\u00e4lligen Tattoo einer Frau auf dem Oberarm fehlt weiter jede Spur. Er sa\u00df wegen Diebstahlverdachts in Untersuchungshaft. Ende Mai war er wegen zweier Wohnungseinbr\u00fcche zu sechs Jahren Haft verurteilt worden. Nach Informationen aus Justizkreisen soll er dabei neben Schmuck auch mehr als 200.000 Euro Bargeld erbeutet haben.<\/p>\n<p><img decoding=\"async\" width=\"992\" height=\"662\" alt=\"Das Gitter vor seinem Zellenfenster s\u00e4gte der Fl\u00fcchtige durch. Unklar, woher er das Werkzeug hatte\" loading=\"lazy\" src=\"https:\/\/www.europesays.com\/de\/wp-content\/uploads\/2026\/08\/1091958694deb4c2eca7d35db5ad7484,f7972ce9.jpeg\"   class=\"dynamic\"\/><\/p>\n<p class=\"fig__caption__text\">Das Gitter vor seinem Zellenfenster s\u00e4gte der Fl\u00fcchtige durch. Unklar, woher er das Werkzeug hatte<\/p>\n<p>Foto: Christoph Reichwein\/dpa<\/p>\n<p><img decoding=\"async\" width=\"992\" height=\"1178\" alt=\"Der Ausbrecher hat ein markantes Tattoo auf dem Oberarm\" loading=\"lazy\" src=\"https:\/\/www.europesays.com\/de\/wp-content\/uploads\/2026\/08\/a14e3b86f496439d1d6e90d6879ebf6d,4e88a72c.jpeg\"   class=\"portrait\"\/><\/p>\n<p class=\"fig__caption__text\">Der Ausbrecher hat ein markantes Tattoo auf dem Oberarm<\/p>\n<p>Foto: Polizei Duisburg<\/p>\n<p>Woher kam das Werkzeug?<\/p>\n<p>\u201eWieso dieses Versteck bei Zellenkontrollen nicht aufgefallen ist und wie ein Werkzeug, mit dem er einen Gitterstab durchs\u00e4gte, in die JVA gelangte, ist jetzt Gegenstand der Ermittlungen\u201c, sagte ein Sprecher des <a href=\"https:\/\/www.bild.de\/themen\/organisationen\/bundesministerium-justiz\/politik-nachrichten-news-fotos-videos-20464976.bild.html\" class=\"text-link\" rel=\"nofollow noopener\" target=\"_blank\">Justizministeriums<\/a> zu BILD.<\/p>\n<p>Brisant ist das auch deshalb, weil die NRW-Justiz seit Monaten von Gef\u00e4ngnis-Skandalen ersch\u00fcttert wird: In der <a href=\"https:\/\/www.bild.de\/news\/inland\/skandal-in-der-jva-euskirchen-clan-chef-im-rolls-royce-geblitzt-als-er-im-knast-sein-sollte-6a0ebe773b7096456ac7e0e5\" class=\"text-link\" rel=\"nofollow noopener\" target=\"_blank\">JVA Euskirchen<\/a> stehen mehrere Beamte unter Korruptionsverdacht. H\u00e4ftlinge sollen gegen Geld Verg\u00fcnstigungen erhalten haben. Ermittler pr\u00fcfen dort ein mutma\u00dfliches <a href=\"https:\/\/www.bild.de\/regional\/nordrhein-westfalen\/jva-euskirchen-bestach-clan-chef-beamte-um-rolls-royce-zu-fahren-6a1012a6af9f246e56410aff\" class=\"text-link\" rel=\"nofollow noopener\" target=\"_blank\">System aus Bestechung und Hafterleichterungen<\/a>. Einen Zusammenhang mit dem Duisburger Ausbruch sieht das Ministerium bislang allerdings nicht. Der Sprecher: \u201eBislang haben wir in diesem Fall keine Hinweise auf Korruption innerhalb der JVA.\u201c<\/p>\n<p>Experte warnt seit Langem<\/p>\n<p>Der renommierte Strafverteidiger Burkhard Benecken sieht den Fall dennoch kritisch: \u201eDieser Ausbruch \u00fcberrascht mich nicht. Es wird bereits seit L\u00e4ngerem darauf hingewiesen, dass die <a href=\"https:\/\/www.bild.de\/regional\/duesseldorf\/haeftling-behauptet-vor-gericht-gefaengniswaerter-schickte-mich-zum-klauen-6a7b29d85a14d83b293f06ee\" class=\"text-link\" rel=\"nofollow noopener\" target=\"_blank\">Sicherheitsvorkehrungen in den JVAs nicht ausreichend<\/a> sind\u201c, sagte er zu BILD.<\/p>\n<p>Der Autor des Buches \u201eInside Knast: Leben hinter Gittern \u2013 der knallharte Alltag in deutschen Gef\u00e4ngnissen\u201c verweist auf Personalmangel im Justizvollzug. Zudem bestehe grunds\u00e4tzlich die Gefahr, dass verbotene Gegenst\u00e4nde hinter die Gef\u00e4ngnismauern gelangen.<\/p>\n<p>FDP greift Justizminister an<\/p>\n<p>Politisch sorgt die Flucht ebenfalls f\u00fcr Wirbel. Werner Pfeil (60), Justizexperte der <a href=\"https:\/\/www.bild.de\/politik\/inland\/fdp\/fdp-alle-infos-76661834.bild.html\" class=\"text-link\" rel=\"nofollow noopener\" target=\"_blank\">FDP<\/a>-Landtagsfraktion, attackierte NRW-Justizminister Benjamin Limbach (56, Gr\u00fcne) scharf. \u201eJetzt reiht sich ein weiterer Vorfall in die Pleiten-Pech-und-Pannen-Geschichte des NRW-Justizministers ein\u201c, so Pfeil zu BILD. Erst wenige Tage zuvor habe Limbach erkl\u00e4rt, der Justizvollzug in Nordrhein-Westfalen sei sicher. \u201eUnd drei Tage sp\u00e4ter werden \u00fcber Nacht Gitterst\u00e4be durchges\u00e4gt. Offenbar ist im NRW-Justizvollzug mittlerweile alles m\u00f6glich.\u201c<\/p>\n","protected":false},"excerpt":{"rendered":"TTS-Player \u00fcberspringen\u21b5Artikel weiterlesen Duisburg (NRW) \u2013 Nach der spektakul\u00e4ren Flucht eines H\u00e4ftlings aus der JVA Duisburg-Hamborn wird immer&hellip;\n","protected":false},"author":2,"featured_media":1270859,"comment_status":"","ping_status":"","sticky":false,"template":"","format":"standard","meta":{"footnotes":"","_share_on_mastodon":"0"},"categories":[1838],"tags":[3364,29,3715,3647,64686,30,5760,262528,74567,1209,121,138370],"class_list":["post-1270858","post","type-post","status-publish","format-standard","has-post-thumbnail","category-duisburg","tag-de","tag-deutschland","tag-duisburg","tag-gefaengnis","tag-gefaengnisausbruch","tag-germany","tag-haeftling","tag-jva-duisburg-hamborn","tag-ministerium-der-justiz-nordrhein-westfalen","tag-nordrhein-westfalen","tag-polizei","tag-team-first"],"share_on_mastodon":{"url":"https:\/\/pubeurope.com\/@de\/117187520328523529","error":""},"_links":{"self":[{"href":"https:\/\/www.europesays.com\/de\/wp-json\/wp\/v2\/posts\/1270858","targetHints":{"allow":["GET"]}}],"collection":[{"href":"https:\/\/www.europesays.com\/de\/wp-json\/wp\/v2\/posts"}],"about":[{"href":"https:\/\/www.europesays.com\/de\/wp-json\/wp\/v2\/types\/post"}],"author":[{"embeddable":true,"href":"https:\/\/www.europesays.com\/de\/wp-json\/wp\/v2\/users\/2"}],"replies":[{"embeddable":true,"href":"https:\/\/www.europesays.com\/de\/wp-json\/wp\/v2\/comments?post=1270858"}],"version-history":[{"count":0,"href":"https:\/\/www.europesays.com\/de\/wp-json\/wp\/v2\/posts\/1270858\/revisions"}],"wp:featuredmedia":[{"embeddable":true,"href":"https:\/\/www.europesays.com\/de\/wp-json\/wp\/v2\/media\/1270859"}],"wp:attachment":[{"href":"https:\/\/www.europesays.com\/de\/wp-json\/wp\/v2\/media?parent=1270858"}],"wp:term":[{"taxonomy":"category","embeddable":true,"href":"https:\/\/www.europesays.com\/de\/wp-json\/wp\/v2\/categories?post=1270858"},{"taxonomy":"post_tag","embeddable":true,"href":"https:\/\/www.europesays.com\/de\/wp-json\/wp\/v2\/tags?post=1270858"}],"curies":[{"name":"wp","href":"https:\/\/api.w.org\/{rel}","templated":true}]}}