{"id":1270860,"date":"2026-08-31T01:26:25","date_gmt":"2026-08-31T01:26:25","guid":{"rendered":"https:\/\/www.europesays.com\/de\/1270860\/"},"modified":"2026-08-31T01:26:25","modified_gmt":"2026-08-31T01:26:25","slug":"ironman-70-3-anne-katrin-reinl-ueberrascht-in-duisburg","status":"publish","type":"post","link":"https:\/\/www.europesays.com\/de\/1270860\/","title":{"rendered":"Ironman 70.3: Anne-Katrin Reinl \u00fcberrascht in Duisburg"},"content":{"rendered":"<p class=\"text_ohne_einzug richtext text-em-55 !leading-serif mx-6 desktop:mx-0\">  Nach mehr als drei Monaten kompletter Sportpause und einer Handverletzung feierte Anne-Katrin Reinl beim Ironman 70.3 in <a href=\"https:\/\/rp-online.de\/thema\/duisburg\/\" rel=\"nofollow noopener\" target=\"_blank\">Duisburg<\/a> ein \u00fcberraschend starkes Comeback. Erst im Juni konnte sie wieder mit Radfahren und Laufen beginnen, im Juli folgte das Schwimmtraining. Nur wenige Wochen sp\u00e4ter stand sie auf dem Podium \u2013 doch der Renntag endete im Krankenhaus.<\/p>\n<p class=\"richtext text-em-55 !leading-serif mx-6 desktop:mx-0\">Die Anspannung vor dem Start war riesig. Nach so langer Pause wei\u00df man schlie\u00dflich nicht, wo man steht. Vor allem das Schwimmen war eine gro\u00dfe Unbekannte: Die verletzte Hand war im Training noch l\u00e4ngst nicht wieder voll belastbar. \u201eIch wollte einfach Freude haben, das Rennen genie\u00dfen und am Ende schauen, was dabei herauskommt\u201c, sagt Reinl. Schon die Startnummer 11 \u2013 ihre Lieblingszahl \u2013 sorgte f\u00fcr ein erstes gutes Gef\u00fchl. Und tats\u00e4chlich lief das Rennen zun\u00e4chst besser als erwartet.<\/p>\n<p class=\"richtext text-em-55 !leading-serif mx-6 desktop:mx-0\">Die 1,9 Kilometer Schwimmen absolvierte Reinl in 35:54 Minuten. Danach folgte allerdings der erste Schreckmoment: Beim Herauslaufen aus der Wechselzone kollidierte sie mit einem anderen Athleten. Ihr Fahrrad fiel um, das Kettenblatt schnitt sich dabei in ihren Kn\u00f6chel. Der Fu\u00df blutete stark. Trotzdem stieg Reinl aufs Rad. \u201eIch habe versucht, dar\u00fcber einfach nicht weiter nachzudenken und ins Rennen zu kommen\u201c, erz\u00e4hlt sie. Das funktionierte erstaunlich gut, denn die 90 Kilometer absolvierte Reinl in 2:23:41 Stunden bei einem Schnitt von 37,2 Stundenkilometern \u2013 die zweitschnellste Radzeit ihrer Altersklasse.<\/p>\n<p class=\"richtext text-em-55 !leading-serif mx-6 desktop:mx-0\">Auch beim anschlie\u00dfenden Halbmarathon hielt die W\u00fclfratherin das Tempo. Erst auf der letzten Runde rund um die Regattabahn wurden die Schmerzen im Fu\u00df st\u00e4rker. Nach 1:35:50 Stunden war auch der Lauf geschafft \u2013 mit der schnellsten Laufzeit ihrer Altersklasse.<\/p>\n<p class=\"richtext text-em-55 !leading-serif mx-6 desktop:mx-0\">Anne-Katrin Reinl konnte kaum glauben, was sie gerade geschafft hatte: Platz 2 in ihrer Altersklasse, Rang 10 im gesamten Frauen-Feld \u2013 mit dieser Leistung ergatterte sie sogar einen Startplatz f\u00fcr die Ironman\u00a070.3-Weltmeisterschaft, die 2027 in Chattanooga steigt. Den Slot, also das Teilnahmerecht, nahm sie diesmal nicht an. Trotzdem war das Ergebnis f\u00fcr die W\u00fclfratherin nach der kurzen Vorbereitungszeit eine nicht eingeplante \u00dcberraschung.<\/p>\n<p class=\"richtext text-em-55 !leading-serif mx-6 desktop:mx-0\">Doch dann nahm der Tag f\u00fcr Anne-Katrin eine bittere Wendung. Denn einfach vom medizinischen Dienst im Zielbereich ein Pflaster auf die Wunde kleben lassen, reichte nicht. Die war noch immer offen und musste desinfiziert, gesp\u00fclt und gen\u00e4ht werden. Erst danach ging es zur Siegerehrung. Nat\u00fcrlich ohne <a href=\"https:\/\/rp-online.de\/thema\/dusche\/\" rel=\"nofollow noopener\" target=\"_blank\">Dusche<\/a> \u2013 \u201eund pl\u00f6tzlich war da keine Freude mehr\u201c, so Reinl.<\/p>\n<p class=\"richtext text-em-55 !leading-serif mx-6 desktop:mx-0\">Statt Stolz und Gl\u00fcck kamen Entt\u00e4uschung und die Sorge, erneut verletzungsbedingt ausgebremst zu werden. Eine Pause und Geduld diktieren nun das Training. Dabei steht das n\u00e4chste gro\u00dfe Ziel bereits fest: Am Samstag, 12. September, geht es nach <a href=\"https:\/\/rp-online.de\/thema\/nizza\/\" rel=\"nofollow noopener\" target=\"_blank\">Nizza<\/a> zur Ironman 70.3-WM 2026. F\u00fcr diese Titelk\u00e4mpfe ist Reinl schon l\u00e4nger qualifiziert. Ob der l\u00e4dierte Fu\u00df rechtzeitig wieder belastbar ist, wird sich in den kommenden Wochen zeigen. Das Comeback h\u00e4tte kaum besser laufen k\u00f6nnen \u2013 einzig die Schnittwunde tr\u00fcbte die Freude.<\/p>\n","protected":false},"excerpt":{"rendered":"Nach mehr als drei Monaten kompletter Sportpause und einer Handverletzung feierte Anne-Katrin Reinl beim Ironman 70.3 in Duisburg&hellip;\n","protected":false},"author":2,"featured_media":1270861,"comment_status":"","ping_status":"","sticky":false,"template":"","format":"standard","meta":{"footnotes":"","_share_on_mastodon":"0"},"categories":[1838],"tags":[109270,36187,4709,3364,29,3715,23657,16278,30,13828,42438,1209,262529,27167,129652],"class_list":["post-1270860","post","type-post","status-publish","format-standard","has-post-thumbnail","category-duisburg","tag-70-3","tag-anne","tag-comeback","tag-de","tag-deutschland","tag-duisburg","tag-freude","tag-fuss","tag-germany","tag-ironman","tag-katrin","tag-nordrhein-westfalen","tag-reinl","tag-wuelfrath","tag-wuelfratherin"],"share_on_mastodon":{"url":"https:\/\/pubeurope.com\/@de\/117187522427008914","error":""},"_links":{"self":[{"href":"https:\/\/www.europesays.com\/de\/wp-json\/wp\/v2\/posts\/1270860","targetHints":{"allow":["GET"]}}],"collection":[{"href":"https:\/\/www.europesays.com\/de\/wp-json\/wp\/v2\/posts"}],"about":[{"href":"https:\/\/www.europesays.com\/de\/wp-json\/wp\/v2\/types\/post"}],"author":[{"embeddable":true,"href":"https:\/\/www.europesays.com\/de\/wp-json\/wp\/v2\/users\/2"}],"replies":[{"embeddable":true,"href":"https:\/\/www.europesays.com\/de\/wp-json\/wp\/v2\/comments?post=1270860"}],"version-history":[{"count":0,"href":"https:\/\/www.europesays.com\/de\/wp-json\/wp\/v2\/posts\/1270860\/revisions"}],"wp:featuredmedia":[{"embeddable":true,"href":"https:\/\/www.europesays.com\/de\/wp-json\/wp\/v2\/media\/1270861"}],"wp:attachment":[{"href":"https:\/\/www.europesays.com\/de\/wp-json\/wp\/v2\/media?parent=1270860"}],"wp:term":[{"taxonomy":"category","embeddable":true,"href":"https:\/\/www.europesays.com\/de\/wp-json\/wp\/v2\/categories?post=1270860"},{"taxonomy":"post_tag","embeddable":true,"href":"https:\/\/www.europesays.com\/de\/wp-json\/wp\/v2\/tags?post=1270860"}],"curies":[{"name":"wp","href":"https:\/\/api.w.org\/{rel}","templated":true}]}}