{"id":1270866,"date":"2026-08-31T01:34:37","date_gmt":"2026-08-31T01:34:37","guid":{"rendered":"https:\/\/www.europesays.com\/de\/1270866\/"},"modified":"2026-08-31T01:34:37","modified_gmt":"2026-08-31T01:34:37","slug":"demo-gegen-brieftaubensport-neustadt-gefluester","status":"publish","type":"post","link":"https:\/\/www.europesays.com\/de\/1270866\/","title":{"rendered":"Demo gegen Brieftaubensport &#8211; Neustadt-Gefl\u00fcster"},"content":{"rendered":"<p>Am 5. September 2026 soll auf dem Alaunplatz eine Demonstration gegen Brieftaubensport stattfinden.<br \/>\n<img fetchpriority=\"high\" decoding=\"async\" class=\"size-full wp-image-241074\" src=\"https:\/\/www.europesays.com\/de\/wp-content\/uploads\/2026\/08\/2026-08-27-Taube1.jpg\" alt=\"Am 6. September will die Stadttauben-Initiative Dresden auf dem Alaunplatz demonstrieren. Foto: Maris Beck\" width=\"2400\" height=\"1350\"  \/>Am 5. September will die Stadttauben-Initiative Dresden auf dem Alaunplatz demonstrieren. Foto: Maris Beck\n<\/p>\n<p>Organisiert wird die Demonstration von der Stadttauben-Initiative Dresden und engagierten Tiersch\u00fctzer*innen.\n<\/p>\n<p>Ziel ist es, auf das Leid von Brieftauben und die Probleme des Brieftaubensports aufmerksam zu machen. Gleichzeitig soll das \u00f6ffentliche Bewusstsein f\u00fcr die Situation der Stadttauben gest\u00e4rkt werden.\n<\/p>\n<p>Treffpunkt ist auf dem Alaunplatz um 11 Uhr.<\/p>\n<p><img loading=\"lazy\" decoding=\"async\" class=\"size-full wp-image-241073\" src=\"https:\/\/www.europesays.com\/de\/wp-content\/uploads\/2026\/08\/2026-08-27-Taube-im-Flug.jpg\" alt=\"Fliegende Stadttaube im Alaunpark - Foto: Maris Beck\" width=\"2400\" height=\"1350\"  \/>Fliegende Stadttaube im Alaunpark \u2013 Foto: Maris Beck<\/p>\n","protected":false},"excerpt":{"rendered":"Am 5. September 2026 soll auf dem Alaunplatz eine Demonstration gegen Brieftaubensport stattfinden. Am 5. September will die&hellip;\n","protected":false},"author":2,"featured_media":1270867,"comment_status":"","ping_status":"","sticky":false,"template":"","format":"standard","meta":{"footnotes":"","_share_on_mastodon":"0"},"categories":[1835],"tags":[168702,3364,507,29,2386,30,859,1886],"class_list":["post-1270866","post","type-post","status-publish","format-standard","has-post-thumbnail","category-dresden","tag-alaunpark","tag-de","tag-demonstration","tag-deutschland","tag-dresden","tag-germany","tag-sachsen","tag-tiere"],"share_on_mastodon":{"url":"https:\/\/pubeurope.com\/@de\/117187554131029599","error":""},"_links":{"self":[{"href":"https:\/\/www.europesays.com\/de\/wp-json\/wp\/v2\/posts\/1270866","targetHints":{"allow":["GET"]}}],"collection":[{"href":"https:\/\/www.europesays.com\/de\/wp-json\/wp\/v2\/posts"}],"about":[{"href":"https:\/\/www.europesays.com\/de\/wp-json\/wp\/v2\/types\/post"}],"author":[{"embeddable":true,"href":"https:\/\/www.europesays.com\/de\/wp-json\/wp\/v2\/users\/2"}],"replies":[{"embeddable":true,"href":"https:\/\/www.europesays.com\/de\/wp-json\/wp\/v2\/comments?post=1270866"}],"version-history":[{"count":0,"href":"https:\/\/www.europesays.com\/de\/wp-json\/wp\/v2\/posts\/1270866\/revisions"}],"wp:featuredmedia":[{"embeddable":true,"href":"https:\/\/www.europesays.com\/de\/wp-json\/wp\/v2\/media\/1270867"}],"wp:attachment":[{"href":"https:\/\/www.europesays.com\/de\/wp-json\/wp\/v2\/media?parent=1270866"}],"wp:term":[{"taxonomy":"category","embeddable":true,"href":"https:\/\/www.europesays.com\/de\/wp-json\/wp\/v2\/categories?post=1270866"},{"taxonomy":"post_tag","embeddable":true,"href":"https:\/\/www.europesays.com\/de\/wp-json\/wp\/v2\/tags?post=1270866"}],"curies":[{"name":"wp","href":"https:\/\/api.w.org\/{rel}","templated":true}]}}