{"id":1270875,"date":"2026-08-31T01:43:29","date_gmt":"2026-08-31T01:43:29","guid":{"rendered":"https:\/\/www.europesays.com\/de\/1270875\/"},"modified":"2026-08-31T01:43:29","modified_gmt":"2026-08-31T01:43:29","slug":"offiziell-baetzner-verlaesst-paderborn-richtung-essen","status":"publish","type":"post","link":"https:\/\/www.europesays.com\/de\/1270875\/","title":{"rendered":"Offiziell: B\u00e4tzner verl\u00e4sst Paderborn Richtung Essen"},"content":{"rendered":"<p>Nick B\u00e4tzner zieht beim SC Paderborn 07 einen Schlussstrich und setzt seine Karriere bei Rot-Weiss Essen fort. Der Bundesligist best\u00e4tigte den festen Wechsel des 26-J\u00e4hrigen am Sonntag offiziell.<\/p>\n<p>Nach Informationen der <a class=\"online\" href=\"https:\/\/www.waz.de\/sport\/rot-weiss-essen\/article413006419\/rwe-alles-klar-essen-hat-seinen-neuen-spielgestalter-gefunden.html\" target=\"_b\" rel=\"nofollow noopener\">WAZ<\/a> erh\u00e4lt B\u00e4tzner in Essen einen Zweijahresvertrag. F\u00fcr den vielseitig einsetzbaren Mittelfeldspieler soll RWE zudem eine Abl\u00f6sesumme von rund 125.000 Euro nach Paderborn \u00fcberweisen.<\/p>\n<p>Beim SCP hatte B\u00e4tzner zuletzt keine Rolle mehr in den Planungen gespielt, in Essen soll er nun wieder deutlich mehr Verantwortung \u00fcbernehmen. Gerade seine Flexibilit\u00e4t und seine Qualit\u00e4ten im offensiven Mittelfeld machen ihn f\u00fcr den Drittligisten interessant.<\/p>\n<p><\/p>\n","protected":false},"excerpt":{"rendered":"Nick B\u00e4tzner zieht beim SC Paderborn 07 einen Schlussstrich und setzt seine Karriere bei Rot-Weiss Essen fort. Der&hellip;\n","protected":false},"author":2,"featured_media":1270876,"comment_status":"","ping_status":"","sticky":false,"template":"","format":"standard","meta":{"footnotes":"","_share_on_mastodon":"0"},"categories":[1834],"tags":[4808,135737,2217,3364,29,3688,347,30,15,262530,1209,14870,5422,265,924,1288,2627,5421],"class_list":["post-1270875","post","type-post","status-publish","format-standard","has-post-thumbnail","category-essen","tag-1-bundesliga","tag-2026-27","tag-bilanz","tag-de","tag-deutschland","tag-essen","tag-fussball","tag-germany","tag-news","tag-nick-baetzner","tag-nordrhein-westfalen","tag-offensives-mittelfeld","tag-quote","tag-sport","tag-statistik","tag-transfers","tag-verletzungen","tag-wechsel"],"share_on_mastodon":{"url":"https:\/\/pubeurope.com\/@de\/117187589118149724","error":""},"_links":{"self":[{"href":"https:\/\/www.europesays.com\/de\/wp-json\/wp\/v2\/posts\/1270875","targetHints":{"allow":["GET"]}}],"collection":[{"href":"https:\/\/www.europesays.com\/de\/wp-json\/wp\/v2\/posts"}],"about":[{"href":"https:\/\/www.europesays.com\/de\/wp-json\/wp\/v2\/types\/post"}],"author":[{"embeddable":true,"href":"https:\/\/www.europesays.com\/de\/wp-json\/wp\/v2\/users\/2"}],"replies":[{"embeddable":true,"href":"https:\/\/www.europesays.com\/de\/wp-json\/wp\/v2\/comments?post=1270875"}],"version-history":[{"count":0,"href":"https:\/\/www.europesays.com\/de\/wp-json\/wp\/v2\/posts\/1270875\/revisions"}],"wp:featuredmedia":[{"embeddable":true,"href":"https:\/\/www.europesays.com\/de\/wp-json\/wp\/v2\/media\/1270876"}],"wp:attachment":[{"href":"https:\/\/www.europesays.com\/de\/wp-json\/wp\/v2\/media?parent=1270875"}],"wp:term":[{"taxonomy":"category","embeddable":true,"href":"https:\/\/www.europesays.com\/de\/wp-json\/wp\/v2\/categories?post=1270875"},{"taxonomy":"post_tag","embeddable":true,"href":"https:\/\/www.europesays.com\/de\/wp-json\/wp\/v2\/tags?post=1270875"}],"curies":[{"name":"wp","href":"https:\/\/api.w.org\/{rel}","templated":true}]}}